{"id":89381,"date":"2024-04-04T18:46:05","date_gmt":"2024-04-04T18:46:05","guid":{"rendered":"https:\/\/estado29.mx\/?p=89381"},"modified":"2024-04-04T18:46:07","modified_gmt":"2024-04-04T18:46:07","slug":"todo-un-exito-festival-del-maiz-2024-en-ixtenco","status":"publish","type":"post","link":"https:\/\/estado29.mx\/?p=89381","title":{"rendered":"Todo un \u00e9xito Festival del Ma\u00edz 2024 en Ixtenco."},"content":{"rendered":"\n<p>El Coordinador General del Festival de Ma\u00edz en Ixtenco, Cornelio Hern\u00e1ndez Rojas, Comparti\u00f3 para En Punto, que la edici\u00f3n n\u00famero 13 de este evento, celebrado en el lugar del 23 al 31 de marzo del presente a\u00f1o fue un \u00e9xito.<\/p>\n\n\n\n<p><br>Hern\u00e1ndez Rojas, agradeci\u00f3 la participaci\u00f3n de la gente del lugar, de otros estado del pa\u00eds as\u00ed como extranjeros, por acudir y conocer la riqueza del municipio \u201cs\u00ed, del 23 al 31 de marzo del a\u00f1o en curso, realizamos la treceava edici\u00f3n de este festival, con la participaci\u00f3n de 48 expositores\u201d.<\/p>\n\n\n\n<p><br>Asimismo, extern\u00f3 que \u201cm\u00e1s o menos unas dos terceras partes de productores locales y el resto son expositores que nos llegan de otros municipios o de la Ciudad de M\u00e9xico, pero todos acorde a la tem\u00e1tica, es decir, son personas que est\u00e1n procesando ma\u00edz o que est\u00e1n haciendo actividad artesanal pero tal y cual realmente tal y cual se percibe la idea artesanal, que sean objetos, que sean herencia cultural, que preserve t\u00e9cnicas y materiales tradicionales, son quienes participaron en esta edici\u00f3n\u201d.<\/p>\n\n\n<figure class=\"wp-block-post-featured-image\"><img loading=\"lazy\" decoding=\"async\" width=\"2560\" height=\"1920\" src=\"https:\/\/estado29.mx\/wp-content\/uploads\/2024\/03\/IMG_20240320_092828-min-1-scaled.jpg\" class=\"attachment-post-thumbnail size-post-thumbnail wp-post-image\" alt=\"\" style=\"object-fit:cover;\" srcset=\"https:\/\/estado29.mx\/wp-content\/uploads\/2024\/03\/IMG_20240320_092828-min-1-scaled.jpg 2560w, https:\/\/estado29.mx\/wp-content\/uploads\/2024\/03\/IMG_20240320_092828-min-1-300x225.jpg 300w, https:\/\/estado29.mx\/wp-content\/uploads\/2024\/03\/IMG_20240320_092828-min-1-1024x768.jpg 1024w, https:\/\/estado29.mx\/wp-content\/uploads\/2024\/03\/IMG_20240320_092828-min-1-768x576.jpg 768w, https:\/\/estado29.mx\/wp-content\/uploads\/2024\/03\/IMG_20240320_092828-min-1-1536x1152.jpg 1536w, https:\/\/estado29.mx\/wp-content\/uploads\/2024\/03\/IMG_20240320_092828-min-1-2048x1536.jpg 2048w, https:\/\/estado29.mx\/wp-content\/uploads\/2024\/03\/IMG_20240320_092828-min-1-750x563.jpg 750w, https:\/\/estado29.mx\/wp-content\/uploads\/2024\/03\/IMG_20240320_092828-min-1-1140x855.jpg 1140w\" sizes=\"auto, (max-width: 2560px) 100vw, 2560px\" \/><\/figure>","protected":false},"excerpt":{"rendered":"<p>El Coordinador General del Festival de Ma\u00edz en Ixtenco, Cornelio Hern\u00e1ndez Rojas, Comparti\u00f3 para En Punto, que la edici\u00f3n n\u00famero 13 de este evento, celebrado en el lugar del 23 al 31 de marzo del presente a\u00f1o fue un \u00e9xito. Hern\u00e1ndez Rojas, agradeci\u00f3 la participaci\u00f3n de la gente del lugar, de otros estado del pa\u00eds [&hellip;]<\/p>\n","protected":false},"author":7,"featured_media":89302,"comment_status":"open","ping_status":"open","sticky":false,"template":"","format":"standard","meta":{"om_disable_all_campaigns":false,"_monsterinsights_skip_tracking":false,"_monsterinsights_sitenote_active":false,"_monsterinsights_sitenote_note":"","_monsterinsights_sitenote_category":0,"jnews-multi-image_gallery":[],"jnews_single_post":{"subtitle":"","format":"standard","video":"","gallery":"","source_name":"","source_url":"","via_name":"","via_url":"","override_template":"0","override":[{"template":"1","single_blog_custom":"","parallax":"1","fullscreen":"1","layout":"right-sidebar","sidebar":"default-sidebar","second_sidebar":"default-sidebar","sticky_sidebar":"1","share_position":"top","share_float_style":"share-monocrhome","show_share_counter":"1","show_view_counter":"1","show_featured":"1","show_post_meta":"1","show_post_author":"1","show_post_author_image":"1","show_post_date":"1","post_date_format":"default","post_date_format_custom":"Y\/m\/d","show_post_category":"1","show_post_reading_time":"0","post_reading_time_wpm":"300","show_zoom_button":"0","zoom_button_out_step":"2","zoom_button_in_step":"3","show_post_tag":"1","show_prev_next_post":"1","show_popup_post":"1","number_popup_post":"1","show_author_box":"1","show_post_related":"0","show_inline_post_related":"0"}],"override_image_size":"0","image_override":[{"single_post_thumbnail_size":"crop-500","single_post_gallery_size":"crop-500"}],"trending_post":"0","trending_post_position":"meta","trending_post_label":"Trending","sponsored_post":"0","sponsored_post_label":"Sponsored by","sponsored_post_name":"","sponsored_post_url":"","sponsored_post_logo_enable":"0","sponsored_post_logo":"","sponsored_post_desc":"","disable_ad":"0"},"jnews_primary_category":{"id":""},"footnotes":""},"categories":[1],"tags":[],"class_list":["post-89381","post","type-post","status-publish","format-standard","has-post-thumbnail","hentry","category-uncategorized"],"aioseo_notices":[],"_links":{"self":[{"href":"https:\/\/estado29.mx\/index.php?rest_route=\/wp\/v2\/posts\/89381","targetHints":{"allow":["GET"]}}],"collection":[{"href":"https:\/\/estado29.mx\/index.php?rest_route=\/wp\/v2\/posts"}],"about":[{"href":"https:\/\/estado29.mx\/index.php?rest_route=\/wp\/v2\/types\/post"}],"author":[{"embeddable":true,"href":"https:\/\/estado29.mx\/index.php?rest_route=\/wp\/v2\/users\/7"}],"replies":[{"embeddable":true,"href":"https:\/\/estado29.mx\/index.php?rest_route=%2Fwp%2Fv2%2Fcomments&post=89381"}],"version-history":[{"count":1,"href":"https:\/\/estado29.mx\/index.php?rest_route=\/wp\/v2\/posts\/89381\/revisions"}],"predecessor-version":[{"id":89383,"href":"https:\/\/estado29.mx\/index.php?rest_route=\/wp\/v2\/posts\/89381\/revisions\/89383"}],"wp:featuredmedia":[{"embeddable":true,"href":"https:\/\/estado29.mx\/index.php?rest_route=\/wp\/v2\/media\/89302"}],"wp:attachment":[{"href":"https:\/\/estado29.mx\/index.php?rest_route=%2Fwp%2Fv2%2Fmedia&parent=89381"}],"wp:term":[{"taxonomy":"category","embeddable":true,"href":"https:\/\/estado29.mx\/index.php?rest_route=%2Fwp%2Fv2%2Fcategories&post=89381"},{"taxonomy":"post_tag","embeddable":true,"href":"https:\/\/estado29.mx\/index.php?rest_route=%2Fwp%2Fv2%2Ftags&post=89381"}],"curies":[{"name":"wp","href":"https:\/\/api.w.org\/{rel}","templated":true}]}}