{"id":89517,"date":"2024-05-06T17:10:13","date_gmt":"2024-05-06T17:10:13","guid":{"rendered":"https:\/\/estado29.mx\/?p=89517"},"modified":"2024-05-06T17:10:14","modified_gmt":"2024-05-06T17:10:14","slug":"claudia-sheinbaum-destaca-la-reforma-al-poder-judicial-como-la-clave-para-construir-un-mexico-con-mas-democracia-paz-y-seguridad","status":"publish","type":"post","link":"https:\/\/estado29.mx\/?p=89517","title":{"rendered":"Claudia Sheinbaum destaca la reforma al poder judicial como la clave para construir un M\u00e9xico con m\u00e1s democracia, paz y seguridad."},"content":{"rendered":"\n<p>\u2019\u2019Lo que estamos proponiendo es m\u00e1s democracia en nuestro pa\u00eds para seguir avanzando con la transformaci\u00f3n de M\u00e9xico, vamos a garantizar paz y seguridad\u2019\u2019, puntualiz\u00f3 ante miles de habitantes de Tlalnepantla<\/p>\n\n\n\n<p>El abastecimiento de agua y mejorar el transporte p\u00fablico fueron otros de los temas que Claudia Sheinbaum comparti\u00f3 como prioridad para el segundo piso de la 4T en el Estado de M\u00e9xico<\/p>\n\n\n\n<p>Tlalnepantla de Baz, Estado de M\u00e9xico, a 04 de mayo de 2024.- Impulsar la Reforma al Poder Judicial, para la construcci\u00f3n de un M\u00e9xico con m\u00e1s democracia en el que el pueblo sea quien tenga el poder de elegir quienes ocupan los cargos m\u00e1s importantes en el pa\u00eds como es el caso de los ministros y jueces de la Suprema Corte de Justicia de la Naci\u00f3n (SCJN) es la clave para la lograr la paz y la seguridad, as\u00ed lo destac\u00f3 Claudia Sheinbaum Pardo, candidata a la Presidencia de M\u00e9xico por la Coalici\u00f3n \u201cSigamos Haciendo Historia\u201d (Morena-PT-PVEM) desde el municipio de Tlalnepantla de Baz, donde invit\u00f3 a la ciudadan\u00eda a no creer en las mentiras de la oposici\u00f3n, que acusa a la 4T de ser autoritaria.<\/p>\n\n\n\n<p>\u2019\u2019Lo contrario de autoritarismo es la democracia y lo que estamos proponiendo es m\u00e1s democracia en nuestro pa\u00eds para seguir avanzando con la transformaci\u00f3n de M\u00e9xico, vamos a garantizar paz y seguridad vamos a trabajar de la mano con Delfina para traer m\u00e1s paz y seguridad al Estado de M\u00e9xico\u2019\u2019, puntualiz\u00f3.<\/p>\n\n\n\n<p>Al respecto, asever\u00f3 que en su sexenio la Reforma al Poder Judicial vendr\u00e1 acompa\u00f1ada de otro tipo de estrategias como la atenci\u00f3n a las causas, particularmente de los j\u00f3venes, a quienes ofreci\u00f3 acceso a la educaci\u00f3n, a la cultura, a la salud, a la vivienda y al deporte para que de esta manera se alejen de los grupos criminales.<\/p>\n\n\n\n<p>\u2019\u2019Lo que necesitamos en nuestro pa\u00eds es justicia (\u2026) Son dos formas de justicia, la primera, la justicia para las y los j\u00f3venes, la justicia social, que los j\u00f3venes no tengan que acercarse a una banda delictiva. Creen a veces que esa es una opci\u00f3n de vida, esa es una opci\u00f3n de muerte, en realidad las opciones de vida son la educaci\u00f3n, la cultura, el deporte,el salario digno, el salario justo, el poder construir una familia en paz y tranquilidad (\u2026) Pero adem\u00e1s, un sistema de justicia que funcione, porque tiene que ver con la honestidad de la Polic\u00eda, de la Polic\u00eda Estatal, con la Guardia Nacional, con las Fiscal\u00edas y tambi\u00e9n con el Poder Judicial\u2019\u2019, manifest\u00f3.<\/p>\n\n\n\n<p>Adem\u00e1s de la seguridad, la democracia y la paz, Claudia Sheinbaum puntualiz\u00f3 que otro de los ejes que ser\u00e1 prioridad en su gobierno ser\u00e1 el abastecimiento de agua, el cual podr\u00e1 lograrse con el trabajo colaborativo de la Presidencia de la Rep\u00fablica, del gobierno del Estado de M\u00e9xico con Delfina G\u00f3mez y de quien liderar\u00e1 la Ciudad de M\u00e9xico, Clara Brugada.<\/p>\n\n\n\n<p>\u2019\u2019Vamos a dedicar todos los recursos necesarios para que toda la zona metropolitana del Valle de M\u00e9xico tenga agua de calidad y suficiente\u2019\u2019, garantiz\u00f3.<\/p>\n\n\n\n<p>Frente a miles de mexiquenses asegur\u00f3 que la consolidaci\u00f3n de la 4T se trata se seguir con los programas sociales implementados por el Presidente Andr\u00e9s Manuel L\u00f3pez Obrador, pero tambi\u00e9n significa impulsar nuevos apoyos como una beca para ni\u00f1os y ni\u00f1as de preescolar a secundaria que asisten a escuelas p\u00fablicas; una pensi\u00f3n para mujeres de 60 a 64 a\u00f1os; as\u00ed como nuevas obras que ayuden a mejorar la movilidad y conectividad de todo M\u00e9xico, tal es el caso del transporte p\u00fablico en el Estado de M\u00e9xico.<\/p>\n\n\n\n<p>Finalmente, Claudia Sheinbaum hizo un llamado a las y los mexiquenses a que este 2024 se escriba un nuevo cap\u00edtulo en la historia de M\u00e9xico con la llegada de la primera mujer Presidenta.<\/p>\n\n\n\n<p>\u2019\u2019Por primera vez en la historia de nuestro pa\u00eds, despu\u00e9s de 200 a\u00f1os de la Rep\u00fablica va a llegar a gobernar, una mujer transformadora\u2019\u2019, concluy\u00f3.<\/p>\n\n\n\n<p>En Tlalnepantla de Baz, Higinio Mart\u00ednez Miranda, Candidato al Senado por el Estado de M\u00e9xico, destac\u00f3 que con el liderazgo de Claudia Sheinbaum se podr\u00e1 llevar a esta regi\u00f3n a su m\u00e1ximo potencial.<\/p>\n\n\n\n<p>\u2019\u2019Vamos a recuperar Tlalnepantla, vamos a recuperar este municipio, vamos a recuperarlo y vamos a hacer que en conjunto con la doctora Claudia, con la maestra Delfina y con Raciel P\u00e9rez le den el impulso a Tlalnepantla\u2019\u2019, asever\u00f3.<\/p>\n\n\n\n<p>En el encuentro tambi\u00e9n estuvieron presentes, Mario Delgado Carrillo, Presidente del Comit\u00e9 Ejecutivo Nacional de Morena; Raciel P\u00e9rez, Candidato a Presidente Municipal de Tlalnepantla de Baz; Mariela Guti\u00e9rrez Escalante, Candidata al Senado por el Estado de M\u00e9xico; Gabriela Valdepe\u00f1as Gonz\u00e1lez, Candidata a Diputada Federal por el Distrito 19; Oscar Gonz\u00e1lez, presidente del PT en el Estado de M\u00e9xico; Sergio Jes\u00fas Muro Figueroa, Enlace en el Estado de M\u00e9xico y Jos\u00e9 Alberto Couttolenc Buentello, Presidenta del Comit\u00e9 Ejecutivo Estatal del PVEM.<\/p>\n","protected":false},"excerpt":{"rendered":"<p>\u2019\u2019Lo que estamos proponiendo es m\u00e1s democracia en nuestro pa\u00eds para seguir avanzando con la transformaci\u00f3n de M\u00e9xico, vamos a garantizar paz y seguridad\u2019\u2019, puntualiz\u00f3 ante miles de habitantes de Tlalnepantla El abastecimiento de agua y mejorar el transporte p\u00fablico fueron otros de los temas que Claudia Sheinbaum comparti\u00f3 como prioridad para el segundo piso [&hellip;]<\/p>\n","protected":false},"author":4,"featured_media":89518,"comment_status":"open","ping_status":"open","sticky":false,"template":"","format":"standard","meta":{"om_disable_all_campaigns":false,"_monsterinsights_skip_tracking":false,"_monsterinsights_sitenote_active":false,"_monsterinsights_sitenote_note":"","_monsterinsights_sitenote_category":0,"jnews-multi-image_gallery":[],"jnews_single_post":{"subtitle":"","format":"standard","video":"","gallery":"","source_name":"","source_url":"","via_name":"","via_url":"","override_template":"0","override":[{"template":"1","single_blog_custom":"","parallax":"1","fullscreen":"1","layout":"right-sidebar","sidebar":"default-sidebar","second_sidebar":"default-sidebar","sticky_sidebar":"1","share_position":"top","share_float_style":"share-monocrhome","show_share_counter":"1","show_view_counter":"1","show_featured":"1","show_post_meta":"1","show_post_author":"1","show_post_author_image":"1","show_post_date":"1","post_date_format":"default","post_date_format_custom":"Y\/m\/d","show_post_category":"1","show_post_reading_time":"0","post_reading_time_wpm":"300","show_zoom_button":"0","zoom_button_out_step":"2","zoom_button_in_step":"3","show_post_tag":"1","show_prev_next_post":"1","show_popup_post":"1","number_popup_post":"1","show_author_box":"1","show_post_related":"0","show_inline_post_related":"0"}],"override_image_size":"0","image_override":[{"single_post_thumbnail_size":"crop-500","single_post_gallery_size":"crop-500"}],"trending_post":"0","trending_post_position":"meta","trending_post_label":"Trending","sponsored_post":"0","sponsored_post_label":"Sponsored by","sponsored_post_name":"","sponsored_post_url":"","sponsored_post_logo_enable":"0","sponsored_post_logo":"","sponsored_post_desc":"","disable_ad":"0"},"jnews_primary_category":{"id":""},"footnotes":""},"categories":[51,46,1],"tags":[],"class_list":["post-89517","post","type-post","status-publish","format-standard","has-post-thumbnail","hentry","category-nacional","category-politica","category-uncategorized"],"aioseo_notices":[],"_links":{"self":[{"href":"https:\/\/estado29.mx\/index.php?rest_route=\/wp\/v2\/posts\/89517","targetHints":{"allow":["GET"]}}],"collection":[{"href":"https:\/\/estado29.mx\/index.php?rest_route=\/wp\/v2\/posts"}],"about":[{"href":"https:\/\/estado29.mx\/index.php?rest_route=\/wp\/v2\/types\/post"}],"author":[{"embeddable":true,"href":"https:\/\/estado29.mx\/index.php?rest_route=\/wp\/v2\/users\/4"}],"replies":[{"embeddable":true,"href":"https:\/\/estado29.mx\/index.php?rest_route=%2Fwp%2Fv2%2Fcomments&post=89517"}],"version-history":[{"count":1,"href":"https:\/\/estado29.mx\/index.php?rest_route=\/wp\/v2\/posts\/89517\/revisions"}],"predecessor-version":[{"id":89519,"href":"https:\/\/estado29.mx\/index.php?rest_route=\/wp\/v2\/posts\/89517\/revisions\/89519"}],"wp:featuredmedia":[{"embeddable":true,"href":"https:\/\/estado29.mx\/index.php?rest_route=\/wp\/v2\/media\/89518"}],"wp:attachment":[{"href":"https:\/\/estado29.mx\/index.php?rest_route=%2Fwp%2Fv2%2Fmedia&parent=89517"}],"wp:term":[{"taxonomy":"category","embeddable":true,"href":"https:\/\/estado29.mx\/index.php?rest_route=%2Fwp%2Fv2%2Fcategories&post=89517"},{"taxonomy":"post_tag","embeddable":true,"href":"https:\/\/estado29.mx\/index.php?rest_route=%2Fwp%2Fv2%2Ftags&post=89517"}],"curies":[{"name":"wp","href":"https:\/\/api.w.org\/{rel}","templated":true}]}}