{"id":89520,"date":"2024-05-06T17:15:41","date_gmt":"2024-05-06T17:15:41","guid":{"rendered":"https:\/\/estado29.mx\/?p=89520"},"modified":"2024-05-06T17:15:42","modified_gmt":"2024-05-06T17:15:42","slug":"sostiene-alvarez-lima-que-morena-trabaja-para-abatir-la-desigualdad-social","status":"publish","type":"post","link":"https:\/\/estado29.mx\/?p=89520","title":{"rendered":"Sostiene \u00c1lvarez Lima que Morena trabaja para abatir la desigualdad social"},"content":{"rendered":"\n<p><strong><em>La idea del movimiento es que hagamos de M\u00e9xico una sociedad de derechos, en donde se incrementen los beneficios econ\u00f3micos<\/em><\/strong><\/p>\n\n\n\n<p>Jos\u00e9 Antonio Cruz \u00c1lvarez Lima, candidato de Morena al Senado de la Rep\u00fablica, afirm\u00f3 que el movimiento que encabeza el presidente de la Rep\u00fablica, Andr\u00e9s Manuel L\u00f3pez Obrador, y que ahora abandera Claudia Sheinbaum, trabaja para alcanzar mayores oportunidades para todos.<\/p>\n\n\n\n<p>Dentro de las actividades programadas el d\u00eda de hoy, el candidato a Senador se reuni\u00f3 con la estructura del distrito n\u00famero 1 denunci\u00f3 que, durante el per\u00edodo neoliberal, la desigualdad aument\u00f3 en M\u00e9xico, por lo que era necesario un cambio.<\/p>\n\n\n\n<p>Puntualiz\u00f3 que durante m\u00e1s de 30 a\u00f1os el salario m\u00ednimo no aument\u00f3, las ofertas educativas se fueron deteriorando, los servicios de salud perdieron calidad, la inseguridad increment\u00f3 y la contaminaci\u00f3n creci\u00f3.<\/p>\n\n\n\n<p>En ese sentido, subray\u00f3 que era necesario establecer un cambio en donde el dinero p\u00fablico se manejara de manera transparente y se volcara a resolver algunos problemas de desigualdad, lo cual impulsa el movimiento de la Cuarta Transformaci\u00f3n.<\/p>\n\n\n\n<p>\u00c1lvarez Lima asegur\u00f3 que, con eso en mente, las y los legisladores de Morena y sus aliados lograron establecer la pensi\u00f3n para los adultos mayores, la cual beneficia a alrededor de ocho millones de personas.<\/p>\n\n\n\n<p>&nbsp;\u201cAhora esa prestaci\u00f3n ya es un derecho, ya est\u00e1 en la Constituci\u00f3n, que es lo que nosotros logramos en el Congreso\u201d.<\/p>\n\n\n\n<p>Esto es una prueba de que el dinero p\u00fablico puede alcanzar, sin endeudarse, simplemente sin que se lo roben los pol\u00edticos, para que se apoye a las personas que, por diferentes razones, est\u00e1n en una situaci\u00f3n de desigualdad, enfatiz\u00f3 \u00c1lvarez Lima.<\/p>\n\n\n\n<p>\u201cLa idea de Morena y del Movimiento, al cual ustedes y yo pertenecemos, es que hagamos de M\u00e9xico una sociedad de derechos, en donde poco a poco vayamos incrementando los beneficios econ\u00f3micos\u201d, asever\u00f3.<\/p>\n","protected":false},"excerpt":{"rendered":"<p>La idea del movimiento es que hagamos de M\u00e9xico una sociedad de derechos, en donde se incrementen los beneficios econ\u00f3micos Jos\u00e9 Antonio Cruz \u00c1lvarez Lima, candidato de Morena al Senado de la Rep\u00fablica, afirm\u00f3 que el movimiento que encabeza el presidente de la Rep\u00fablica, Andr\u00e9s Manuel L\u00f3pez Obrador, y que ahora abandera Claudia Sheinbaum, trabaja [&hellip;]<\/p>\n","protected":false},"author":4,"featured_media":89521,"comment_status":"open","ping_status":"open","sticky":false,"template":"","format":"standard","meta":{"om_disable_all_campaigns":false,"_monsterinsights_skip_tracking":false,"_monsterinsights_sitenote_active":false,"_monsterinsights_sitenote_note":"","_monsterinsights_sitenote_category":0,"jnews-multi-image_gallery":[],"jnews_single_post":{"subtitle":"","format":"standard","video":"","gallery":"","source_name":"","source_url":"","via_name":"","via_url":"","override_template":"0","override":[{"template":"1","single_blog_custom":"","parallax":"1","fullscreen":"1","layout":"right-sidebar","sidebar":"default-sidebar","second_sidebar":"default-sidebar","sticky_sidebar":"1","share_position":"top","share_float_style":"share-monocrhome","show_share_counter":"1","show_view_counter":"1","show_featured":"1","show_post_meta":"1","show_post_author":"1","show_post_author_image":"1","show_post_date":"1","post_date_format":"default","post_date_format_custom":"Y\/m\/d","show_post_category":"1","show_post_reading_time":"0","post_reading_time_wpm":"300","show_zoom_button":"0","zoom_button_out_step":"2","zoom_button_in_step":"3","show_post_tag":"1","show_prev_next_post":"1","show_popup_post":"1","number_popup_post":"1","show_author_box":"1","show_post_related":"0","show_inline_post_related":"0"}],"override_image_size":"0","image_override":[{"single_post_thumbnail_size":"crop-500","single_post_gallery_size":"crop-500"}],"trending_post":"0","trending_post_position":"meta","trending_post_label":"Trending","sponsored_post":"0","sponsored_post_label":"Sponsored by","sponsored_post_name":"","sponsored_post_url":"","sponsored_post_logo_enable":"0","sponsored_post_logo":"","sponsored_post_desc":"","disable_ad":"0"},"jnews_primary_category":{"id":""},"footnotes":""},"categories":[51,59,46,1],"tags":[],"class_list":["post-89520","post","type-post","status-publish","format-standard","has-post-thumbnail","hentry","category-nacional","category-partidos-politicos","category-politica","category-uncategorized"],"aioseo_notices":[],"_links":{"self":[{"href":"https:\/\/estado29.mx\/index.php?rest_route=\/wp\/v2\/posts\/89520","targetHints":{"allow":["GET"]}}],"collection":[{"href":"https:\/\/estado29.mx\/index.php?rest_route=\/wp\/v2\/posts"}],"about":[{"href":"https:\/\/estado29.mx\/index.php?rest_route=\/wp\/v2\/types\/post"}],"author":[{"embeddable":true,"href":"https:\/\/estado29.mx\/index.php?rest_route=\/wp\/v2\/users\/4"}],"replies":[{"embeddable":true,"href":"https:\/\/estado29.mx\/index.php?rest_route=%2Fwp%2Fv2%2Fcomments&post=89520"}],"version-history":[{"count":1,"href":"https:\/\/estado29.mx\/index.php?rest_route=\/wp\/v2\/posts\/89520\/revisions"}],"predecessor-version":[{"id":89522,"href":"https:\/\/estado29.mx\/index.php?rest_route=\/wp\/v2\/posts\/89520\/revisions\/89522"}],"wp:featuredmedia":[{"embeddable":true,"href":"https:\/\/estado29.mx\/index.php?rest_route=\/wp\/v2\/media\/89521"}],"wp:attachment":[{"href":"https:\/\/estado29.mx\/index.php?rest_route=%2Fwp%2Fv2%2Fmedia&parent=89520"}],"wp:term":[{"taxonomy":"category","embeddable":true,"href":"https:\/\/estado29.mx\/index.php?rest_route=%2Fwp%2Fv2%2Fcategories&post=89520"},{"taxonomy":"post_tag","embeddable":true,"href":"https:\/\/estado29.mx\/index.php?rest_route=%2Fwp%2Fv2%2Ftags&post=89520"}],"curies":[{"name":"wp","href":"https:\/\/api.w.org\/{rel}","templated":true}]}}