{"id":89572,"date":"2024-05-21T18:25:45","date_gmt":"2024-05-21T18:25:45","guid":{"rendered":"https:\/\/estado29.mx\/?p=89572"},"modified":"2024-05-21T18:25:46","modified_gmt":"2024-05-21T18:25:46","slug":"emite-proteccion-civil-de-huamantla-medidas-preventivas-ante-altas-temperaturas-registradas","status":"publish","type":"post","link":"https:\/\/estado29.mx\/?p=89572","title":{"rendered":"Emite Protecci\u00f3n Civil de Huamantla medidas preventivas ante altas temperaturas registradas."},"content":{"rendered":"\n<p>Ante las temperaturas elevadas que se han tenido en Huamantla y la regi\u00f3n oriente de Tlaxcala, el Coordinador de Protecci\u00f3n Civil, Orlando Rafael Castillo L\u00f3pez, hace el llamado a la ciudadan\u00eda a extremar precauciones pues, se espera que las altas temperatura contin\u00faen.<\/p>\n\n\n\n<p><br>Castillo L\u00f3pez, invit\u00f3 a la poblaci\u00f3n a permanecer en sus hogares en horas donde el sol irradia mayor calor, que es de alrededor de las once de la ma\u00f1ana a tres de la tarde.<\/p>\n\n\n\n<p><br>Asimismo, detall\u00f3 que las medidas de prevenci\u00f3n que se deben tomar en consideraci\u00f3n son; mantenerse hidratados, el uso de protector solar, as\u00ed como gorra, evitar la exposici\u00f3n al sol por tiempo prolongado.<\/p>\n\n\n<figure class=\"wp-block-post-featured-image\"><img loading=\"lazy\" decoding=\"async\" width=\"2560\" height=\"1920\" src=\"https:\/\/estado29.mx\/wp-content\/uploads\/2024\/03\/IMG_20240327_102908-min-scaled.jpg\" class=\"attachment-post-thumbnail size-post-thumbnail wp-post-image\" alt=\"\" style=\"object-fit:cover;\" srcset=\"https:\/\/estado29.mx\/wp-content\/uploads\/2024\/03\/IMG_20240327_102908-min-scaled.jpg 2560w, https:\/\/estado29.mx\/wp-content\/uploads\/2024\/03\/IMG_20240327_102908-min-300x225.jpg 300w, https:\/\/estado29.mx\/wp-content\/uploads\/2024\/03\/IMG_20240327_102908-min-1024x768.jpg 1024w, https:\/\/estado29.mx\/wp-content\/uploads\/2024\/03\/IMG_20240327_102908-min-768x576.jpg 768w, https:\/\/estado29.mx\/wp-content\/uploads\/2024\/03\/IMG_20240327_102908-min-1536x1152.jpg 1536w, https:\/\/estado29.mx\/wp-content\/uploads\/2024\/03\/IMG_20240327_102908-min-2048x1536.jpg 2048w, https:\/\/estado29.mx\/wp-content\/uploads\/2024\/03\/IMG_20240327_102908-min-750x563.jpg 750w, https:\/\/estado29.mx\/wp-content\/uploads\/2024\/03\/IMG_20240327_102908-min-1140x855.jpg 1140w\" sizes=\"auto, (max-width: 2560px) 100vw, 2560px\" \/><\/figure>\n\n\n<p><br>Para finalizar, puntualiz\u00f3 que se han tenido registro de golpes de calor en menores de edad por la exposici\u00f3n prolongada al sol, por lo que destac\u00f3 que es muy importante evitar hacerlo.<\/p>\n","protected":false},"excerpt":{"rendered":"<p>Ante las temperaturas elevadas que se han tenido en Huamantla y la regi\u00f3n oriente de Tlaxcala, el Coordinador de Protecci\u00f3n Civil, Orlando Rafael Castillo L\u00f3pez, hace el llamado a la ciudadan\u00eda a extremar precauciones pues, se espera que las altas temperatura contin\u00faen. Castillo L\u00f3pez, invit\u00f3 a la poblaci\u00f3n a permanecer en sus hogares en horas [&hellip;]<\/p>\n","protected":false},"author":7,"featured_media":89323,"comment_status":"open","ping_status":"open","sticky":false,"template":"","format":"standard","meta":{"om_disable_all_campaigns":false,"_monsterinsights_skip_tracking":false,"_monsterinsights_sitenote_active":false,"_monsterinsights_sitenote_note":"","_monsterinsights_sitenote_category":0,"jnews-multi-image_gallery":[],"jnews_single_post":{"subtitle":"","format":"standard","video":"","gallery":"","source_name":"","source_url":"","via_name":"","via_url":"","override_template":"0","override":[{"template":"1","single_blog_custom":"","parallax":"1","fullscreen":"1","layout":"right-sidebar","sidebar":"default-sidebar","second_sidebar":"default-sidebar","sticky_sidebar":"1","share_position":"top","share_float_style":"share-monocrhome","show_share_counter":"1","show_view_counter":"1","show_featured":"1","show_post_meta":"1","show_post_author":"1","show_post_author_image":"1","show_post_date":"1","post_date_format":"default","post_date_format_custom":"Y\/m\/d","show_post_category":"1","show_post_reading_time":"0","post_reading_time_wpm":"300","show_zoom_button":"0","zoom_button_out_step":"2","zoom_button_in_step":"3","show_post_tag":"1","show_prev_next_post":"1","show_popup_post":"1","number_popup_post":"1","show_author_box":"1","show_post_related":"0","show_inline_post_related":"0"}],"override_image_size":"0","image_override":[{"single_post_thumbnail_size":"crop-500","single_post_gallery_size":"crop-500"}],"trending_post":"0","trending_post_position":"meta","trending_post_label":"Trending","sponsored_post":"0","sponsored_post_label":"Sponsored by","sponsored_post_name":"","sponsored_post_url":"","sponsored_post_logo_enable":"0","sponsored_post_logo":"","sponsored_post_desc":"","disable_ad":"0"},"jnews_primary_category":{"id":""},"footnotes":""},"categories":[1],"tags":[],"class_list":["post-89572","post","type-post","status-publish","format-standard","has-post-thumbnail","hentry","category-uncategorized"],"aioseo_notices":[],"_links":{"self":[{"href":"https:\/\/estado29.mx\/index.php?rest_route=\/wp\/v2\/posts\/89572","targetHints":{"allow":["GET"]}}],"collection":[{"href":"https:\/\/estado29.mx\/index.php?rest_route=\/wp\/v2\/posts"}],"about":[{"href":"https:\/\/estado29.mx\/index.php?rest_route=\/wp\/v2\/types\/post"}],"author":[{"embeddable":true,"href":"https:\/\/estado29.mx\/index.php?rest_route=\/wp\/v2\/users\/7"}],"replies":[{"embeddable":true,"href":"https:\/\/estado29.mx\/index.php?rest_route=%2Fwp%2Fv2%2Fcomments&post=89572"}],"version-history":[{"count":1,"href":"https:\/\/estado29.mx\/index.php?rest_route=\/wp\/v2\/posts\/89572\/revisions"}],"predecessor-version":[{"id":89573,"href":"https:\/\/estado29.mx\/index.php?rest_route=\/wp\/v2\/posts\/89572\/revisions\/89573"}],"wp:featuredmedia":[{"embeddable":true,"href":"https:\/\/estado29.mx\/index.php?rest_route=\/wp\/v2\/media\/89323"}],"wp:attachment":[{"href":"https:\/\/estado29.mx\/index.php?rest_route=%2Fwp%2Fv2%2Fmedia&parent=89572"}],"wp:term":[{"taxonomy":"category","embeddable":true,"href":"https:\/\/estado29.mx\/index.php?rest_route=%2Fwp%2Fv2%2Fcategories&post=89572"},{"taxonomy":"post_tag","embeddable":true,"href":"https:\/\/estado29.mx\/index.php?rest_route=%2Fwp%2Fv2%2Ftags&post=89572"}],"curies":[{"name":"wp","href":"https:\/\/api.w.org\/{rel}","templated":true}]}}