{"id":89584,"date":"2024-06-06T02:26:37","date_gmt":"2024-06-06T02:26:37","guid":{"rendered":"https:\/\/estado29.mx\/?p=89584"},"modified":"2024-06-06T02:26:38","modified_gmt":"2024-06-06T02:26:38","slug":"alumnos-de-la-universidad-autonoma-de-tlaxcala-realizan-en-huamantla-la-exposicion-colectiva-genero-y-arte","status":"publish","type":"post","link":"https:\/\/estado29.mx\/?p=89584","title":{"rendered":"Alumnos de la Universidad Aut\u00f3noma de Tlaxcala realizan en Huamantla la Exposici\u00f3n Colectiva \u201cG\u00e9nero y Arte\u201d."},"content":{"rendered":"\n<p>Este mi\u00e9rcoles 5 de junio del a\u00f1o en curso, se llev\u00f3 a cabo en el municipio de Huamantla, la Exposici\u00f3n Colectiva \u201cG\u00e9nero y Arte\u201d, a cargo de los alumnos de Segundo Semestre de la Licenciatura en Artes Visuales, de la Universidad Aut\u00f3noma de Tlaxcala.<\/p>\n\n\n\n<figure class=\"wp-block-image size-large\"><img loading=\"lazy\" decoding=\"async\" width=\"768\" height=\"1024\" src=\"https:\/\/estado29.mx\/wp-content\/uploads\/2024\/06\/IMG_20240605_173412-min-768x1024.jpg\" alt=\"\" class=\"wp-image-89587\" srcset=\"https:\/\/estado29.mx\/wp-content\/uploads\/2024\/06\/IMG_20240605_173412-min-768x1024.jpg 768w, https:\/\/estado29.mx\/wp-content\/uploads\/2024\/06\/IMG_20240605_173412-min-225x300.jpg 225w, https:\/\/estado29.mx\/wp-content\/uploads\/2024\/06\/IMG_20240605_173412-min-1152x1536.jpg 1152w, https:\/\/estado29.mx\/wp-content\/uploads\/2024\/06\/IMG_20240605_173412-min-1536x2048.jpg 1536w, https:\/\/estado29.mx\/wp-content\/uploads\/2024\/06\/IMG_20240605_173412-min-750x1000.jpg 750w, https:\/\/estado29.mx\/wp-content\/uploads\/2024\/06\/IMG_20240605_173412-min-1140x1520.jpg 1140w, https:\/\/estado29.mx\/wp-content\/uploads\/2024\/06\/IMG_20240605_173412-min-scaled.jpg 1920w\" sizes=\"auto, (max-width: 768px) 100vw, 768px\" \/><\/figure>\n\n\n\n<p><br>En dicho evento, se pudieron apreciar diversas pinturas en las que, de acuerdo con la explicaci\u00f3n de los estudiantes, se expresan los diversos factores sociales que han ido modificando las conductas humanas, con el paso de los tiempos.<\/p>\n\n\n\n<figure class=\"wp-block-image size-large\"><img loading=\"lazy\" decoding=\"async\" width=\"768\" height=\"1024\" src=\"https:\/\/estado29.mx\/wp-content\/uploads\/2024\/06\/IMG_20240605_173349-min-768x1024.jpg\" alt=\"\" class=\"wp-image-89586\" srcset=\"https:\/\/estado29.mx\/wp-content\/uploads\/2024\/06\/IMG_20240605_173349-min-768x1024.jpg 768w, https:\/\/estado29.mx\/wp-content\/uploads\/2024\/06\/IMG_20240605_173349-min-225x300.jpg 225w, https:\/\/estado29.mx\/wp-content\/uploads\/2024\/06\/IMG_20240605_173349-min-1152x1536.jpg 1152w, https:\/\/estado29.mx\/wp-content\/uploads\/2024\/06\/IMG_20240605_173349-min-1536x2048.jpg 1536w, https:\/\/estado29.mx\/wp-content\/uploads\/2024\/06\/IMG_20240605_173349-min-750x1000.jpg 750w, https:\/\/estado29.mx\/wp-content\/uploads\/2024\/06\/IMG_20240605_173349-min-1140x1520.jpg 1140w, https:\/\/estado29.mx\/wp-content\/uploads\/2024\/06\/IMG_20240605_173349-min-scaled.jpg 1920w\" sizes=\"auto, (max-width: 768px) 100vw, 768px\" \/><\/figure>\n\n\n\n<p><br>El evento tuvo lugar en las instalaciones del Centro Cultural Huamantla, el cu\u00e1l, inici\u00f3 alrededor de las cuatro de la tarde de este d\u00eda, en donde se tuvo la asistencia principalmente de ni\u00f1os y j\u00f3venes.<\/p>\n\n\n\n<figure class=\"wp-block-image size-large\"><img loading=\"lazy\" decoding=\"async\" width=\"1024\" height=\"768\" src=\"https:\/\/estado29.mx\/wp-content\/uploads\/2024\/06\/IMG_20240605_173307-min-1024x768.jpg\" alt=\"\" class=\"wp-image-89588\" srcset=\"https:\/\/estado29.mx\/wp-content\/uploads\/2024\/06\/IMG_20240605_173307-min-1024x768.jpg 1024w, https:\/\/estado29.mx\/wp-content\/uploads\/2024\/06\/IMG_20240605_173307-min-300x225.jpg 300w, https:\/\/estado29.mx\/wp-content\/uploads\/2024\/06\/IMG_20240605_173307-min-768x576.jpg 768w, https:\/\/estado29.mx\/wp-content\/uploads\/2024\/06\/IMG_20240605_173307-min-1536x1152.jpg 1536w, https:\/\/estado29.mx\/wp-content\/uploads\/2024\/06\/IMG_20240605_173307-min-2048x1536.jpg 2048w, https:\/\/estado29.mx\/wp-content\/uploads\/2024\/06\/IMG_20240605_173307-min-750x563.jpg 750w, https:\/\/estado29.mx\/wp-content\/uploads\/2024\/06\/IMG_20240605_173307-min-1140x855.jpg 1140w\" sizes=\"auto, (max-width: 1024px) 100vw, 1024px\" \/><\/figure>\n\n\n<figure class=\"wp-block-post-featured-image\"><img loading=\"lazy\" decoding=\"async\" width=\"2560\" height=\"1920\" src=\"https:\/\/estado29.mx\/wp-content\/uploads\/2024\/06\/IMG_20240605_172931-min-scaled.jpg\" class=\"attachment-post-thumbnail size-post-thumbnail wp-post-image\" alt=\"\" style=\"object-fit:cover;\" srcset=\"https:\/\/estado29.mx\/wp-content\/uploads\/2024\/06\/IMG_20240605_172931-min-scaled.jpg 2560w, https:\/\/estado29.mx\/wp-content\/uploads\/2024\/06\/IMG_20240605_172931-min-300x225.jpg 300w, https:\/\/estado29.mx\/wp-content\/uploads\/2024\/06\/IMG_20240605_172931-min-1024x768.jpg 1024w, https:\/\/estado29.mx\/wp-content\/uploads\/2024\/06\/IMG_20240605_172931-min-768x576.jpg 768w, https:\/\/estado29.mx\/wp-content\/uploads\/2024\/06\/IMG_20240605_172931-min-1536x1152.jpg 1536w, https:\/\/estado29.mx\/wp-content\/uploads\/2024\/06\/IMG_20240605_172931-min-2048x1536.jpg 2048w, https:\/\/estado29.mx\/wp-content\/uploads\/2024\/06\/IMG_20240605_172931-min-750x563.jpg 750w, https:\/\/estado29.mx\/wp-content\/uploads\/2024\/06\/IMG_20240605_172931-min-1140x855.jpg 1140w\" sizes=\"auto, (max-width: 2560px) 100vw, 2560px\" \/><\/figure>","protected":false},"excerpt":{"rendered":"<p>Este mi\u00e9rcoles 5 de junio del a\u00f1o en curso, se llev\u00f3 a cabo en el municipio de Huamantla, la Exposici\u00f3n Colectiva \u201cG\u00e9nero y Arte\u201d, a cargo de los alumnos de Segundo Semestre de la Licenciatura en Artes Visuales, de la Universidad Aut\u00f3noma de Tlaxcala. En dicho evento, se pudieron apreciar diversas pinturas en las que, [&hellip;]<\/p>\n","protected":false},"author":7,"featured_media":89585,"comment_status":"open","ping_status":"open","sticky":false,"template":"","format":"standard","meta":{"om_disable_all_campaigns":false,"_monsterinsights_skip_tracking":false,"_monsterinsights_sitenote_active":false,"_monsterinsights_sitenote_note":"","_monsterinsights_sitenote_category":0,"jnews-multi-image_gallery":[],"jnews_single_post":{"subtitle":"","format":"standard","video":"","gallery":"","source_name":"","source_url":"","via_name":"","via_url":"","override_template":"0","override":[{"template":"1","single_blog_custom":"","parallax":"1","fullscreen":"1","layout":"right-sidebar","sidebar":"default-sidebar","second_sidebar":"default-sidebar","sticky_sidebar":"1","share_position":"top","share_float_style":"share-monocrhome","show_share_counter":"1","show_view_counter":"1","show_featured":"1","show_post_meta":"1","show_post_author":"1","show_post_author_image":"1","show_post_date":"1","post_date_format":"default","post_date_format_custom":"Y\/m\/d","show_post_category":"1","show_post_reading_time":"0","post_reading_time_wpm":"300","show_zoom_button":"0","zoom_button_out_step":"2","zoom_button_in_step":"3","show_post_tag":"1","show_prev_next_post":"1","show_popup_post":"1","number_popup_post":"1","show_author_box":"1","show_post_related":"0","show_inline_post_related":"0"}],"override_image_size":"0","image_override":[{"single_post_thumbnail_size":"crop-500","single_post_gallery_size":"crop-500"}],"trending_post":"0","trending_post_position":"meta","trending_post_label":"Trending","sponsored_post":"0","sponsored_post_label":"Sponsored by","sponsored_post_name":"","sponsored_post_url":"","sponsored_post_logo_enable":"0","sponsored_post_logo":"","sponsored_post_desc":"","disable_ad":"0"},"jnews_primary_category":{"id":""},"footnotes":""},"categories":[1],"tags":[],"class_list":["post-89584","post","type-post","status-publish","format-standard","has-post-thumbnail","hentry","category-uncategorized"],"aioseo_notices":[],"_links":{"self":[{"href":"https:\/\/estado29.mx\/index.php?rest_route=\/wp\/v2\/posts\/89584","targetHints":{"allow":["GET"]}}],"collection":[{"href":"https:\/\/estado29.mx\/index.php?rest_route=\/wp\/v2\/posts"}],"about":[{"href":"https:\/\/estado29.mx\/index.php?rest_route=\/wp\/v2\/types\/post"}],"author":[{"embeddable":true,"href":"https:\/\/estado29.mx\/index.php?rest_route=\/wp\/v2\/users\/7"}],"replies":[{"embeddable":true,"href":"https:\/\/estado29.mx\/index.php?rest_route=%2Fwp%2Fv2%2Fcomments&post=89584"}],"version-history":[{"count":1,"href":"https:\/\/estado29.mx\/index.php?rest_route=\/wp\/v2\/posts\/89584\/revisions"}],"predecessor-version":[{"id":89589,"href":"https:\/\/estado29.mx\/index.php?rest_route=\/wp\/v2\/posts\/89584\/revisions\/89589"}],"wp:featuredmedia":[{"embeddable":true,"href":"https:\/\/estado29.mx\/index.php?rest_route=\/wp\/v2\/media\/89585"}],"wp:attachment":[{"href":"https:\/\/estado29.mx\/index.php?rest_route=%2Fwp%2Fv2%2Fmedia&parent=89584"}],"wp:term":[{"taxonomy":"category","embeddable":true,"href":"https:\/\/estado29.mx\/index.php?rest_route=%2Fwp%2Fv2%2Fcategories&post=89584"},{"taxonomy":"post_tag","embeddable":true,"href":"https:\/\/estado29.mx\/index.php?rest_route=%2Fwp%2Fv2%2Ftags&post=89584"}],"curies":[{"name":"wp","href":"https:\/\/api.w.org\/{rel}","templated":true}]}}