{"id":89591,"date":"2024-06-11T19:02:59","date_gmt":"2024-06-11T19:02:59","guid":{"rendered":"https:\/\/estado29.mx\/?p=89591"},"modified":"2024-06-11T19:03:31","modified_gmt":"2024-06-11T19:03:31","slug":"externa-presidente-de-canirac-delegacion-tlaxcala-apoyo-a-iniciativas-de-promocion-de-la-gastronomia-de-la-entidad","status":"publish","type":"post","link":"https:\/\/estado29.mx\/?p=89591","title":{"rendered":"Externa Presidente de CANIRAC Delegaci\u00f3n Tlaxcala apoyo a iniciativas de promoci\u00f3n de la gastronom\u00eda de la entidad."},"content":{"rendered":"\n<p>El Presidente de la C\u00e1mara Nacional de la Industria de Restaurantes y Alimentos Condimentados (CANIRAC) Delegaci\u00f3n Tlaxcala, Javier Zamora R\u00edos, comparti\u00f3 para este espacio informativo, sobre las actividades de promoci\u00f3n de la gastronom\u00eda tlaxcalteca.<\/p>\n\n\n\n<p><br>Zamora R\u00edo puntualiz\u00f3 que la (CANIRAC), est\u00e1 siempre dispuesta en apoyar las iniciativas de chefs, restauranteros y cocineras tradicionales locales, para dar promoci\u00f3n y difusi\u00f3n a la gastronom\u00eda de Tlaxcala.<\/p>\n\n\n\n<p><br>Asimismo, refiri\u00f3 que tras la reciente presentaci\u00f3n de La Ruta del Ma\u00edz que se llevar\u00e1 a cabo del 11 al 13 de julio pr\u00f3ximo, continuar\u00e1n dando impulso a las diversas actividades para dar a conocer la gastronom\u00eda de Tlaxcala, no s\u00f3lo en la regi\u00f3n, sino a nivel nacional.<\/p>\n\n\n<figure class=\"wp-block-post-featured-image\"><img loading=\"lazy\" decoding=\"async\" width=\"2560\" height=\"1920\" src=\"https:\/\/estado29.mx\/wp-content\/uploads\/2024\/06\/IMG_20240610_150258-min-scaled.jpg\" class=\"attachment-post-thumbnail size-post-thumbnail wp-post-image\" alt=\"\" style=\"object-fit:cover;\" srcset=\"https:\/\/estado29.mx\/wp-content\/uploads\/2024\/06\/IMG_20240610_150258-min-scaled.jpg 2560w, https:\/\/estado29.mx\/wp-content\/uploads\/2024\/06\/IMG_20240610_150258-min-300x225.jpg 300w, https:\/\/estado29.mx\/wp-content\/uploads\/2024\/06\/IMG_20240610_150258-min-1024x768.jpg 1024w, https:\/\/estado29.mx\/wp-content\/uploads\/2024\/06\/IMG_20240610_150258-min-768x576.jpg 768w, https:\/\/estado29.mx\/wp-content\/uploads\/2024\/06\/IMG_20240610_150258-min-1536x1152.jpg 1536w, https:\/\/estado29.mx\/wp-content\/uploads\/2024\/06\/IMG_20240610_150258-min-2048x1536.jpg 2048w, https:\/\/estado29.mx\/wp-content\/uploads\/2024\/06\/IMG_20240610_150258-min-750x563.jpg 750w, https:\/\/estado29.mx\/wp-content\/uploads\/2024\/06\/IMG_20240610_150258-min-1140x855.jpg 1140w\" sizes=\"auto, (max-width: 2560px) 100vw, 2560px\" \/><\/figure>","protected":false},"excerpt":{"rendered":"<p>El Presidente de la C\u00e1mara Nacional de la Industria de Restaurantes y Alimentos Condimentados (CANIRAC) Delegaci\u00f3n Tlaxcala, Javier Zamora R\u00edos, comparti\u00f3 para este espacio informativo, sobre las actividades de promoci\u00f3n de la gastronom\u00eda tlaxcalteca. Zamora R\u00edo puntualiz\u00f3 que la (CANIRAC), est\u00e1 siempre dispuesta en apoyar las iniciativas de chefs, restauranteros y cocineras tradicionales locales, para [&hellip;]<\/p>\n","protected":false},"author":7,"featured_media":89592,"comment_status":"open","ping_status":"open","sticky":false,"template":"","format":"standard","meta":{"om_disable_all_campaigns":false,"_monsterinsights_skip_tracking":false,"_monsterinsights_sitenote_active":false,"_monsterinsights_sitenote_note":"","_monsterinsights_sitenote_category":0,"jnews-multi-image_gallery":[],"jnews_single_post":{"subtitle":"","format":"standard","video":"","gallery":"","source_name":"","source_url":"","via_name":"","via_url":"","override_template":"0","override":[{"template":"1","single_blog_custom":"","parallax":"1","fullscreen":"1","layout":"right-sidebar","sidebar":"default-sidebar","second_sidebar":"default-sidebar","sticky_sidebar":"1","share_position":"top","share_float_style":"share-monocrhome","show_share_counter":"1","show_view_counter":"1","show_featured":"1","show_post_meta":"1","show_post_author":"1","show_post_author_image":"1","show_post_date":"1","post_date_format":"default","post_date_format_custom":"Y\/m\/d","show_post_category":"1","show_post_reading_time":"0","post_reading_time_wpm":"300","show_zoom_button":"0","zoom_button_out_step":"2","zoom_button_in_step":"3","show_post_tag":"1","show_prev_next_post":"1","show_popup_post":"1","number_popup_post":"1","show_author_box":"1","show_post_related":"0","show_inline_post_related":"0"}],"override_image_size":"0","image_override":[{"single_post_thumbnail_size":"crop-500","single_post_gallery_size":"crop-500"}],"trending_post":"0","trending_post_position":"meta","trending_post_label":"Trending","sponsored_post":"0","sponsored_post_label":"Sponsored by","sponsored_post_name":"","sponsored_post_url":"","sponsored_post_logo_enable":"0","sponsored_post_logo":"","sponsored_post_desc":"","disable_ad":"0"},"jnews_primary_category":{"id":""},"footnotes":""},"categories":[1],"tags":[],"class_list":["post-89591","post","type-post","status-publish","format-standard","has-post-thumbnail","hentry","category-uncategorized"],"aioseo_notices":[],"_links":{"self":[{"href":"https:\/\/estado29.mx\/index.php?rest_route=\/wp\/v2\/posts\/89591","targetHints":{"allow":["GET"]}}],"collection":[{"href":"https:\/\/estado29.mx\/index.php?rest_route=\/wp\/v2\/posts"}],"about":[{"href":"https:\/\/estado29.mx\/index.php?rest_route=\/wp\/v2\/types\/post"}],"author":[{"embeddable":true,"href":"https:\/\/estado29.mx\/index.php?rest_route=\/wp\/v2\/users\/7"}],"replies":[{"embeddable":true,"href":"https:\/\/estado29.mx\/index.php?rest_route=%2Fwp%2Fv2%2Fcomments&post=89591"}],"version-history":[{"count":1,"href":"https:\/\/estado29.mx\/index.php?rest_route=\/wp\/v2\/posts\/89591\/revisions"}],"predecessor-version":[{"id":89593,"href":"https:\/\/estado29.mx\/index.php?rest_route=\/wp\/v2\/posts\/89591\/revisions\/89593"}],"wp:featuredmedia":[{"embeddable":true,"href":"https:\/\/estado29.mx\/index.php?rest_route=\/wp\/v2\/media\/89592"}],"wp:attachment":[{"href":"https:\/\/estado29.mx\/index.php?rest_route=%2Fwp%2Fv2%2Fmedia&parent=89591"}],"wp:term":[{"taxonomy":"category","embeddable":true,"href":"https:\/\/estado29.mx\/index.php?rest_route=%2Fwp%2Fv2%2Fcategories&post=89591"},{"taxonomy":"post_tag","embeddable":true,"href":"https:\/\/estado29.mx\/index.php?rest_route=%2Fwp%2Fv2%2Ftags&post=89591"}],"curies":[{"name":"wp","href":"https:\/\/api.w.org\/{rel}","templated":true}]}}