{"id":89606,"date":"2024-06-12T19:39:19","date_gmt":"2024-06-12T19:39:19","guid":{"rendered":"https:\/\/estado29.mx\/?p=89606"},"modified":"2024-06-12T19:39:20","modified_gmt":"2024-06-12T19:39:20","slug":"realizara-jurisdiccion-sanitaria-ii-huamantla-activacion-de-la-campana-de-recuperacion-de-coberturas-de-vacunacion-contra-sarampion-rubeola-poliomielitis","status":"publish","type":"post","link":"https:\/\/estado29.mx\/?p=89606","title":{"rendered":"Realizar\u00e1 Jurisdicci\u00f3n Sanitaria II Huamantla Activaci\u00f3n de la Campa\u00f1a de Recuperaci\u00f3n de Coberturas de Vacunaci\u00f3n contra Sarampi\u00f3n Rub\u00e9ola Poliomielitis."},"content":{"rendered":"\n<p>Este jueves 13 de junio del a\u00f1o en curso, la Jurisdicci\u00f3n Sanitaria II Huamantla, llevar\u00e1 a cabo la Activaci\u00f3n de la Campa\u00f1a de Recuperaci\u00f3n de Coberturas de Vacunaci\u00f3n contra Sarampi\u00f3n, Rub\u00e9ola y Poliomielitis.<\/p>\n\n\n\n<p><br>Esta actividades, son el con objetivo de combatir los casos de enfermedades en menores de 0 a 5 a\u00f1os de edad, las cuales tendr\u00e1n lugar en el municipio de Teacalco.<\/p>\n\n\n\n<p><br>En dicho evento, se tendr\u00e1 la participaci\u00f3n y asistencia de autoridades estatales del Sector Salud, as\u00ed como del Sector Educativo, asimismo, servir\u00e1 tambi\u00e9n, para la aplicaci\u00f3n de vacunas y otorgar cartillas nacionales de salud a ni\u00f1os y ni\u00f1as<\/p>\n\n\n<figure class=\"wp-block-post-featured-image\"><img loading=\"lazy\" decoding=\"async\" width=\"2560\" height=\"1920\" src=\"https:\/\/estado29.mx\/wp-content\/uploads\/2024\/03\/IMG_20240305_112206-min-scaled.jpg\" class=\"attachment-post-thumbnail size-post-thumbnail wp-post-image\" alt=\"\" style=\"object-fit:cover;\" srcset=\"https:\/\/estado29.mx\/wp-content\/uploads\/2024\/03\/IMG_20240305_112206-min-scaled.jpg 2560w, https:\/\/estado29.mx\/wp-content\/uploads\/2024\/03\/IMG_20240305_112206-min-300x225.jpg 300w, https:\/\/estado29.mx\/wp-content\/uploads\/2024\/03\/IMG_20240305_112206-min-1024x768.jpg 1024w, https:\/\/estado29.mx\/wp-content\/uploads\/2024\/03\/IMG_20240305_112206-min-768x576.jpg 768w, https:\/\/estado29.mx\/wp-content\/uploads\/2024\/03\/IMG_20240305_112206-min-1536x1152.jpg 1536w, https:\/\/estado29.mx\/wp-content\/uploads\/2024\/03\/IMG_20240305_112206-min-2048x1536.jpg 2048w, https:\/\/estado29.mx\/wp-content\/uploads\/2024\/03\/IMG_20240305_112206-min-750x563.jpg 750w, https:\/\/estado29.mx\/wp-content\/uploads\/2024\/03\/IMG_20240305_112206-min-1140x855.jpg 1140w\" sizes=\"auto, (max-width: 2560px) 100vw, 2560px\" \/><\/figure>","protected":false},"excerpt":{"rendered":"<p>Este jueves 13 de junio del a\u00f1o en curso, la Jurisdicci\u00f3n Sanitaria II Huamantla, llevar\u00e1 a cabo la Activaci\u00f3n de la Campa\u00f1a de Recuperaci\u00f3n de Coberturas de Vacunaci\u00f3n contra Sarampi\u00f3n, Rub\u00e9ola y Poliomielitis. Esta actividades, son el con objetivo de combatir los casos de enfermedades en menores de 0 a 5 a\u00f1os de edad, las [&hellip;]<\/p>\n","protected":false},"author":7,"featured_media":89228,"comment_status":"open","ping_status":"open","sticky":false,"template":"","format":"standard","meta":{"om_disable_all_campaigns":false,"_monsterinsights_skip_tracking":false,"_monsterinsights_sitenote_active":false,"_monsterinsights_sitenote_note":"","_monsterinsights_sitenote_category":0,"jnews-multi-image_gallery":[],"jnews_single_post":{"subtitle":"","format":"standard","video":"","gallery":"","source_name":"","source_url":"","via_name":"","via_url":"","override_template":"0","override":[{"template":"1","single_blog_custom":"","parallax":"1","fullscreen":"1","layout":"right-sidebar","sidebar":"default-sidebar","second_sidebar":"default-sidebar","sticky_sidebar":"1","share_position":"top","share_float_style":"share-monocrhome","show_share_counter":"1","show_view_counter":"1","show_featured":"1","show_post_meta":"1","show_post_author":"1","show_post_author_image":"1","show_post_date":"1","post_date_format":"default","post_date_format_custom":"Y\/m\/d","show_post_category":"1","show_post_reading_time":"0","post_reading_time_wpm":"300","show_zoom_button":"0","zoom_button_out_step":"2","zoom_button_in_step":"3","show_post_tag":"1","show_prev_next_post":"1","show_popup_post":"1","number_popup_post":"1","show_author_box":"1","show_post_related":"0","show_inline_post_related":"0"}],"override_image_size":"0","image_override":[{"single_post_thumbnail_size":"crop-500","single_post_gallery_size":"crop-500"}],"trending_post":"0","trending_post_position":"meta","trending_post_label":"Trending","sponsored_post":"0","sponsored_post_label":"Sponsored by","sponsored_post_name":"","sponsored_post_url":"","sponsored_post_logo_enable":"0","sponsored_post_logo":"","sponsored_post_desc":"","disable_ad":"0"},"jnews_primary_category":{"id":""},"footnotes":""},"categories":[1],"tags":[],"class_list":["post-89606","post","type-post","status-publish","format-standard","has-post-thumbnail","hentry","category-uncategorized"],"aioseo_notices":[],"_links":{"self":[{"href":"https:\/\/estado29.mx\/index.php?rest_route=\/wp\/v2\/posts\/89606","targetHints":{"allow":["GET"]}}],"collection":[{"href":"https:\/\/estado29.mx\/index.php?rest_route=\/wp\/v2\/posts"}],"about":[{"href":"https:\/\/estado29.mx\/index.php?rest_route=\/wp\/v2\/types\/post"}],"author":[{"embeddable":true,"href":"https:\/\/estado29.mx\/index.php?rest_route=\/wp\/v2\/users\/7"}],"replies":[{"embeddable":true,"href":"https:\/\/estado29.mx\/index.php?rest_route=%2Fwp%2Fv2%2Fcomments&post=89606"}],"version-history":[{"count":1,"href":"https:\/\/estado29.mx\/index.php?rest_route=\/wp\/v2\/posts\/89606\/revisions"}],"predecessor-version":[{"id":89607,"href":"https:\/\/estado29.mx\/index.php?rest_route=\/wp\/v2\/posts\/89606\/revisions\/89607"}],"wp:featuredmedia":[{"embeddable":true,"href":"https:\/\/estado29.mx\/index.php?rest_route=\/wp\/v2\/media\/89228"}],"wp:attachment":[{"href":"https:\/\/estado29.mx\/index.php?rest_route=%2Fwp%2Fv2%2Fmedia&parent=89606"}],"wp:term":[{"taxonomy":"category","embeddable":true,"href":"https:\/\/estado29.mx\/index.php?rest_route=%2Fwp%2Fv2%2Fcategories&post=89606"},{"taxonomy":"post_tag","embeddable":true,"href":"https:\/\/estado29.mx\/index.php?rest_route=%2Fwp%2Fv2%2Ftags&post=89606"}],"curies":[{"name":"wp","href":"https:\/\/api.w.org\/{rel}","templated":true}]}}