{"id":89608,"date":"2024-06-12T19:46:17","date_gmt":"2024-06-12T19:46:17","guid":{"rendered":"https:\/\/estado29.mx\/?p=89608"},"modified":"2024-06-12T19:46:18","modified_gmt":"2024-06-12T19:46:18","slug":"festividad-anual-en-honor-a-san-juan-bautista-251-anos-de-fe-cultura-y-tradicion-2","status":"publish","type":"post","link":"https:\/\/estado29.mx\/?p=89608","title":{"rendered":"Festividad Anual en Honor a San Juan Bautista, 251 a\u00f1os de fe, Cultura y Tradici\u00f3n."},"content":{"rendered":"\n<p>Amigos de En Punto, continuando con la entrevista con la mayordom\u00eda de Ixtenco, Jos\u00e9 Luis Rojas Escribano, mayordomo del Barrio de San Gabriel Primero, de San Juanito, del Altar Mayor, comparti\u00f3 sobre las actividades que realizan por tradici\u00f3n, en el transcurso del a\u00f1o, a partir de que se recibe la imagen de San Juan.<\/p>\n\n\n\n<p><br>Destacar amigos de Estado29, que la participaci\u00f3n de todos los integrantes de cada barrio es fundamental en el desarrollo de la festividad anual, en la cual de forma organizada participan todos los integrantes de este barrio.<\/p>\n\n\n\n<p><br>Jos\u00e9 Luis Rojas Escribano, agreg\u00f3 que cada cinco a\u00f1os, su barrio organiza la feria en honor a San Juan pues, la organizaci\u00f3n se va rotando entre los habitantes del municipio.<\/p>\n\n\n\n<p><br>Asimismo, coment\u00f3 que tambi\u00e9n dentro de estas actividades, se suman eventos nuevo, para generar atracci\u00f3n en los habitantes de municipios cercanos, sin perder las tradiciones y costumbres que en todo momento se han conservado.<\/p>\n\n\n<figure class=\"wp-block-post-featured-image\"><img loading=\"lazy\" decoding=\"async\" width=\"500\" height=\"375\" src=\"https:\/\/estado29.mx\/wp-content\/uploads\/2023\/12\/images.jpeg\" class=\"attachment-post-thumbnail size-post-thumbnail wp-post-image\" alt=\"\" style=\"object-fit:cover;\" srcset=\"https:\/\/estado29.mx\/wp-content\/uploads\/2023\/12\/images.jpeg 500w, https:\/\/estado29.mx\/wp-content\/uploads\/2023\/12\/images-300x225.jpeg 300w\" sizes=\"auto, (max-width: 500px) 100vw, 500px\" \/><\/figure>","protected":false},"excerpt":{"rendered":"<p>Amigos de En Punto, continuando con la entrevista con la mayordom\u00eda de Ixtenco, Jos\u00e9 Luis Rojas Escribano, mayordomo del Barrio de San Gabriel Primero, de San Juanito, del Altar Mayor, comparti\u00f3 sobre las actividades que realizan por tradici\u00f3n, en el transcurso del a\u00f1o, a partir de que se recibe la imagen de San Juan. Destacar [&hellip;]<\/p>\n","protected":false},"author":7,"featured_media":88665,"comment_status":"open","ping_status":"open","sticky":false,"template":"","format":"standard","meta":{"om_disable_all_campaigns":false,"_monsterinsights_skip_tracking":false,"_monsterinsights_sitenote_active":false,"_monsterinsights_sitenote_note":"","_monsterinsights_sitenote_category":0,"jnews-multi-image_gallery":[],"jnews_single_post":[],"jnews_primary_category":[],"footnotes":""},"categories":[1],"tags":[],"class_list":["post-89608","post","type-post","status-publish","format-standard","has-post-thumbnail","hentry","category-uncategorized"],"aioseo_notices":[],"_links":{"self":[{"href":"https:\/\/estado29.mx\/index.php?rest_route=\/wp\/v2\/posts\/89608","targetHints":{"allow":["GET"]}}],"collection":[{"href":"https:\/\/estado29.mx\/index.php?rest_route=\/wp\/v2\/posts"}],"about":[{"href":"https:\/\/estado29.mx\/index.php?rest_route=\/wp\/v2\/types\/post"}],"author":[{"embeddable":true,"href":"https:\/\/estado29.mx\/index.php?rest_route=\/wp\/v2\/users\/7"}],"replies":[{"embeddable":true,"href":"https:\/\/estado29.mx\/index.php?rest_route=%2Fwp%2Fv2%2Fcomments&post=89608"}],"version-history":[{"count":1,"href":"https:\/\/estado29.mx\/index.php?rest_route=\/wp\/v2\/posts\/89608\/revisions"}],"predecessor-version":[{"id":89609,"href":"https:\/\/estado29.mx\/index.php?rest_route=\/wp\/v2\/posts\/89608\/revisions\/89609"}],"wp:featuredmedia":[{"embeddable":true,"href":"https:\/\/estado29.mx\/index.php?rest_route=\/wp\/v2\/media\/88665"}],"wp:attachment":[{"href":"https:\/\/estado29.mx\/index.php?rest_route=%2Fwp%2Fv2%2Fmedia&parent=89608"}],"wp:term":[{"taxonomy":"category","embeddable":true,"href":"https:\/\/estado29.mx\/index.php?rest_route=%2Fwp%2Fv2%2Fcategories&post=89608"},{"taxonomy":"post_tag","embeddable":true,"href":"https:\/\/estado29.mx\/index.php?rest_route=%2Fwp%2Fv2%2Ftags&post=89608"}],"curies":[{"name":"wp","href":"https:\/\/api.w.org\/{rel}","templated":true}]}}