{"id":89614,"date":"2024-06-19T01:24:01","date_gmt":"2024-06-19T01:24:01","guid":{"rendered":"https:\/\/estado29.mx\/?p=89614"},"modified":"2024-06-19T01:24:02","modified_gmt":"2024-06-19T01:24:02","slug":"todo-listo-para-la-festividad-anual-en-honor-a-san-juan-bautista-en-ixtenco-tlaxcala-251-anos-de-fe-cultura-y-tradicion","status":"publish","type":"post","link":"https:\/\/estado29.mx\/?p=89614","title":{"rendered":"Todo listo para la Festividad Anual en Honor a San Juan Bautista, en Ixtenco Tlaxcala,  251 a\u00f1os de F\u00e9, Cultura y Tradici\u00f3n."},"content":{"rendered":"\n<p>Jos\u00e9 Luis Rojas Escribano, mayordomo del Barrio de San Gabriel Primero, de San Juanito, del Altar Mayor, comparti\u00f3 para Radio Huamantla, las actividades que se tienen preparadas, para llevar a cabo la Festividad Anual en Honor a San Juan Bautista, en el municipio de Ixtenco, 251 a\u00f1os de F\u00e9, Cultura y Tradici\u00f3n.<\/p>\n\n\n\n<p><br>Rojas Escribano, agreg\u00f3 que fue un a\u00f1o de arduo trabajo en uni\u00f3n con los integrantes de la mayordom\u00eda as\u00ed como del barrio, lo que permiti\u00f3, que esta festividad se lleva a cabo del 14 de junio al 1 de julio del presente a\u00f1o.<\/p>\n\n\n\n<p><br>Asimismo, hizo la invitaci\u00f3n a la ciudadan\u00eda en general a vivir y conocer las costumbres y tradiciones de este Pueblo M\u00e1gico, un lugar lleno de magia, color e identidad.<\/p>\n\n\n<figure class=\"wp-block-post-featured-image\"><img loading=\"lazy\" decoding=\"async\" width=\"500\" height=\"375\" src=\"https:\/\/estado29.mx\/wp-content\/uploads\/2023\/12\/images.jpeg\" class=\"attachment-post-thumbnail size-post-thumbnail wp-post-image\" alt=\"\" style=\"object-fit:cover;\" srcset=\"https:\/\/estado29.mx\/wp-content\/uploads\/2023\/12\/images.jpeg 500w, https:\/\/estado29.mx\/wp-content\/uploads\/2023\/12\/images-300x225.jpeg 300w\" sizes=\"auto, (max-width: 500px) 100vw, 500px\" \/><\/figure>","protected":false},"excerpt":{"rendered":"<p>Jos\u00e9 Luis Rojas Escribano, mayordomo del Barrio de San Gabriel Primero, de San Juanito, del Altar Mayor, comparti\u00f3 para Radio Huamantla, las actividades que se tienen preparadas, para llevar a cabo la Festividad Anual en Honor a San Juan Bautista, en el municipio de Ixtenco, 251 a\u00f1os de F\u00e9, Cultura y Tradici\u00f3n. Rojas Escribano, agreg\u00f3 [&hellip;]<\/p>\n","protected":false},"author":7,"featured_media":88665,"comment_status":"open","ping_status":"open","sticky":false,"template":"","format":"standard","meta":{"om_disable_all_campaigns":false,"_monsterinsights_skip_tracking":false,"_monsterinsights_sitenote_active":false,"_monsterinsights_sitenote_note":"","_monsterinsights_sitenote_category":0,"jnews-multi-image_gallery":[],"jnews_single_post":{"subtitle":"","format":"standard","video":"","gallery":"","source_name":"","source_url":"","via_name":"","via_url":"","override_template":"0","override":[{"template":"1","single_blog_custom":"","parallax":"1","fullscreen":"1","layout":"right-sidebar","sidebar":"default-sidebar","second_sidebar":"default-sidebar","sticky_sidebar":"1","share_position":"top","share_float_style":"share-monocrhome","show_share_counter":"1","show_view_counter":"1","show_featured":"1","show_post_meta":"1","show_post_author":"1","show_post_author_image":"1","show_post_date":"1","post_date_format":"default","post_date_format_custom":"Y\/m\/d","show_post_category":"1","show_post_reading_time":"0","post_reading_time_wpm":"300","show_zoom_button":"0","zoom_button_out_step":"2","zoom_button_in_step":"3","show_post_tag":"1","show_prev_next_post":"1","show_popup_post":"1","number_popup_post":"1","show_author_box":"1","show_post_related":"0","show_inline_post_related":"0"}],"override_image_size":"0","image_override":[{"single_post_thumbnail_size":"crop-500","single_post_gallery_size":"crop-500"}],"trending_post":"0","trending_post_position":"meta","trending_post_label":"Trending","sponsored_post":"0","sponsored_post_label":"Sponsored by","sponsored_post_name":"","sponsored_post_url":"","sponsored_post_logo_enable":"0","sponsored_post_logo":"","sponsored_post_desc":"","disable_ad":"0"},"jnews_primary_category":{"id":""},"footnotes":""},"categories":[1],"tags":[],"class_list":["post-89614","post","type-post","status-publish","format-standard","has-post-thumbnail","hentry","category-uncategorized"],"aioseo_notices":[],"_links":{"self":[{"href":"https:\/\/estado29.mx\/index.php?rest_route=\/wp\/v2\/posts\/89614","targetHints":{"allow":["GET"]}}],"collection":[{"href":"https:\/\/estado29.mx\/index.php?rest_route=\/wp\/v2\/posts"}],"about":[{"href":"https:\/\/estado29.mx\/index.php?rest_route=\/wp\/v2\/types\/post"}],"author":[{"embeddable":true,"href":"https:\/\/estado29.mx\/index.php?rest_route=\/wp\/v2\/users\/7"}],"replies":[{"embeddable":true,"href":"https:\/\/estado29.mx\/index.php?rest_route=%2Fwp%2Fv2%2Fcomments&post=89614"}],"version-history":[{"count":1,"href":"https:\/\/estado29.mx\/index.php?rest_route=\/wp\/v2\/posts\/89614\/revisions"}],"predecessor-version":[{"id":89615,"href":"https:\/\/estado29.mx\/index.php?rest_route=\/wp\/v2\/posts\/89614\/revisions\/89615"}],"wp:featuredmedia":[{"embeddable":true,"href":"https:\/\/estado29.mx\/index.php?rest_route=\/wp\/v2\/media\/88665"}],"wp:attachment":[{"href":"https:\/\/estado29.mx\/index.php?rest_route=%2Fwp%2Fv2%2Fmedia&parent=89614"}],"wp:term":[{"taxonomy":"category","embeddable":true,"href":"https:\/\/estado29.mx\/index.php?rest_route=%2Fwp%2Fv2%2Fcategories&post=89614"},{"taxonomy":"post_tag","embeddable":true,"href":"https:\/\/estado29.mx\/index.php?rest_route=%2Fwp%2Fv2%2Ftags&post=89614"}],"curies":[{"name":"wp","href":"https:\/\/api.w.org\/{rel}","templated":true}]}}