{"id":89616,"date":"2024-06-19T01:25:51","date_gmt":"2024-06-19T01:25:51","guid":{"rendered":"https:\/\/estado29.mx\/?p=89616"},"modified":"2024-06-19T01:25:52","modified_gmt":"2024-06-19T01:25:52","slug":"se-amplia-campana-de-recuperacion-de-coberturas-de-vacunacion-contra-sarampion-rubeola-y-poliomielitis-lo-que-resta-del-mes-de-junio","status":"publish","type":"post","link":"https:\/\/estado29.mx\/?p=89616","title":{"rendered":"Se ampl\u00eda Campa\u00f1a de Recuperaci\u00f3n de Coberturas de Vacunaci\u00f3n contra Sarampi\u00f3n, Rubeola y Poliomielitis lo que resta del mes de junio."},"content":{"rendered":"\n<p>La Jurisdicci\u00f3n Sanitaria N\u00famero II Huamantla, anunci\u00f3 la ampliaci\u00f3n de recuperaci\u00f3n de Cobertura de Vacunaci\u00f3n contra Sarampi\u00f3n, Rubeola y Poliomielitis.<\/p>\n\n\n<figure class=\"wp-block-post-featured-image\"><img loading=\"lazy\" decoding=\"async\" width=\"2560\" height=\"1920\" src=\"https:\/\/estado29.mx\/wp-content\/uploads\/2024\/03\/IMG_20240305_112206-min-scaled.jpg\" class=\"attachment-post-thumbnail size-post-thumbnail wp-post-image\" alt=\"\" style=\"object-fit:cover;\" srcset=\"https:\/\/estado29.mx\/wp-content\/uploads\/2024\/03\/IMG_20240305_112206-min-scaled.jpg 2560w, https:\/\/estado29.mx\/wp-content\/uploads\/2024\/03\/IMG_20240305_112206-min-300x225.jpg 300w, https:\/\/estado29.mx\/wp-content\/uploads\/2024\/03\/IMG_20240305_112206-min-1024x768.jpg 1024w, https:\/\/estado29.mx\/wp-content\/uploads\/2024\/03\/IMG_20240305_112206-min-768x576.jpg 768w, https:\/\/estado29.mx\/wp-content\/uploads\/2024\/03\/IMG_20240305_112206-min-1536x1152.jpg 1536w, https:\/\/estado29.mx\/wp-content\/uploads\/2024\/03\/IMG_20240305_112206-min-2048x1536.jpg 2048w, https:\/\/estado29.mx\/wp-content\/uploads\/2024\/03\/IMG_20240305_112206-min-750x563.jpg 750w, https:\/\/estado29.mx\/wp-content\/uploads\/2024\/03\/IMG_20240305_112206-min-1140x855.jpg 1140w\" sizes=\"auto, (max-width: 2560px) 100vw, 2560px\" \/><\/figure>\n\n\n<p><br>La campa\u00f1a de vacunaci\u00f3n estuvo en marcha el mes de mayo pasado, pero el objetivo de la extensi\u00f3n por un mes m\u00e1s, es llegar a todos los ni\u00f1os y ni\u00f1as de cero a cinco a\u00f1os de edad.<\/p>\n\n\n\n<p><br>Es importante mencionar que la atenci\u00f3n se estar\u00e1 brindando en todas las unidades m\u00e9dicas que comprenden esta jurisdicci\u00f3n, en un horario de nueve de la ma\u00f1ana a tres de la tarde, de lunes a viernes y que esta campa\u00f1a se mantendr\u00e1 vigente hasta el pr\u00f3ximo 30 de junio.<\/p>\n\n\n\n<p><br>Por lo que si usted tiene hijos entre las edades antes mencionadas, favor acudir a su unidad de salud m\u00e1s cercana para cubrir el esquema de vacunaci\u00f3n del menor y prevenir estas enfermedades.<\/p>\n","protected":false},"excerpt":{"rendered":"<p>La Jurisdicci\u00f3n Sanitaria N\u00famero II Huamantla, anunci\u00f3 la ampliaci\u00f3n de recuperaci\u00f3n de Cobertura de Vacunaci\u00f3n contra Sarampi\u00f3n, Rubeola y Poliomielitis. La campa\u00f1a de vacunaci\u00f3n estuvo en marcha el mes de mayo pasado, pero el objetivo de la extensi\u00f3n por un mes m\u00e1s, es llegar a todos los ni\u00f1os y ni\u00f1as de cero a cinco a\u00f1os [&hellip;]<\/p>\n","protected":false},"author":7,"featured_media":89228,"comment_status":"open","ping_status":"open","sticky":false,"template":"","format":"standard","meta":{"om_disable_all_campaigns":false,"_monsterinsights_skip_tracking":false,"_monsterinsights_sitenote_active":false,"_monsterinsights_sitenote_note":"","_monsterinsights_sitenote_category":0,"jnews-multi-image_gallery":[],"jnews_single_post":{"subtitle":"","format":"standard","video":"","gallery":"","source_name":"","source_url":"","via_name":"","via_url":"","override_template":"0","override":[{"template":"1","single_blog_custom":"","parallax":"1","fullscreen":"1","layout":"right-sidebar","sidebar":"default-sidebar","second_sidebar":"default-sidebar","sticky_sidebar":"1","share_position":"top","share_float_style":"share-monocrhome","show_share_counter":"1","show_view_counter":"1","show_featured":"1","show_post_meta":"1","show_post_author":"1","show_post_author_image":"1","show_post_date":"1","post_date_format":"default","post_date_format_custom":"Y\/m\/d","show_post_category":"1","show_post_reading_time":"0","post_reading_time_wpm":"300","show_zoom_button":"0","zoom_button_out_step":"2","zoom_button_in_step":"3","show_post_tag":"1","show_prev_next_post":"1","show_popup_post":"1","number_popup_post":"1","show_author_box":"1","show_post_related":"0","show_inline_post_related":"0"}],"override_image_size":"0","image_override":[{"single_post_thumbnail_size":"crop-500","single_post_gallery_size":"crop-500"}],"trending_post":"0","trending_post_position":"meta","trending_post_label":"Trending","sponsored_post":"0","sponsored_post_label":"Sponsored by","sponsored_post_name":"","sponsored_post_url":"","sponsored_post_logo_enable":"0","sponsored_post_logo":"","sponsored_post_desc":"","disable_ad":"0"},"jnews_primary_category":{"id":""},"footnotes":""},"categories":[1],"tags":[],"class_list":["post-89616","post","type-post","status-publish","format-standard","has-post-thumbnail","hentry","category-uncategorized"],"aioseo_notices":[],"_links":{"self":[{"href":"https:\/\/estado29.mx\/index.php?rest_route=\/wp\/v2\/posts\/89616","targetHints":{"allow":["GET"]}}],"collection":[{"href":"https:\/\/estado29.mx\/index.php?rest_route=\/wp\/v2\/posts"}],"about":[{"href":"https:\/\/estado29.mx\/index.php?rest_route=\/wp\/v2\/types\/post"}],"author":[{"embeddable":true,"href":"https:\/\/estado29.mx\/index.php?rest_route=\/wp\/v2\/users\/7"}],"replies":[{"embeddable":true,"href":"https:\/\/estado29.mx\/index.php?rest_route=%2Fwp%2Fv2%2Fcomments&post=89616"}],"version-history":[{"count":1,"href":"https:\/\/estado29.mx\/index.php?rest_route=\/wp\/v2\/posts\/89616\/revisions"}],"predecessor-version":[{"id":89617,"href":"https:\/\/estado29.mx\/index.php?rest_route=\/wp\/v2\/posts\/89616\/revisions\/89617"}],"wp:featuredmedia":[{"embeddable":true,"href":"https:\/\/estado29.mx\/index.php?rest_route=\/wp\/v2\/media\/89228"}],"wp:attachment":[{"href":"https:\/\/estado29.mx\/index.php?rest_route=%2Fwp%2Fv2%2Fmedia&parent=89616"}],"wp:term":[{"taxonomy":"category","embeddable":true,"href":"https:\/\/estado29.mx\/index.php?rest_route=%2Fwp%2Fv2%2Fcategories&post=89616"},{"taxonomy":"post_tag","embeddable":true,"href":"https:\/\/estado29.mx\/index.php?rest_route=%2Fwp%2Fv2%2Ftags&post=89616"}],"curies":[{"name":"wp","href":"https:\/\/api.w.org\/{rel}","templated":true}]}}