{"id":89618,"date":"2024-06-19T01:28:30","date_gmt":"2024-06-19T01:28:30","guid":{"rendered":"https:\/\/estado29.mx\/?p=89618"},"modified":"2024-06-19T01:28:31","modified_gmt":"2024-06-19T01:28:31","slug":"invita-coordinacion-de-turismo-de-huamantla-a-jovenes-a-participar-en-el-programa-embajadores-turisticos-3-0","status":"publish","type":"post","link":"https:\/\/estado29.mx\/?p=89618","title":{"rendered":"Invita Coordinaci\u00f3n de Turismo de Huamantla a j\u00f3venes a participar en el Programa \u201cEmbajadores tur\u00edsticos 3.0\u201d."},"content":{"rendered":"\n<p>La Coordinadora de Turismo en el Municipio de Huamantla, Celeste Caballero Mart\u00ednez, detall\u00f3 que ya se tiene abierto el proceso de reclutamiento para los j\u00f3venes que deseen participar en el programa \u201cEmbajadores Tur\u00edsticos 3.0\u201d.<\/p>\n\n\n\n<p><br>Caballero Mart\u00ednez, puntualiz\u00f3 que este programa est\u00e1 dirigido a los j\u00f3venes, de nivel medio superior o superior, que deseen liberar su servicio social \u201cya estamos en el proceso de reclutamiento de todos los nuevos embajadores tur\u00edsticos 3.0, dig\u00e1moslo as\u00ed, ser\u00eda la tercera generaci\u00f3n de embajadores tur\u00edsticos\u201d.<\/p>\n\n\n\n<p><br>Asimismo, coment\u00f3 que los interesados en participar en dicho programa, deber\u00e1n acudir a la oficina de turismo municipal a realizar su inscripci\u00f3n \u201ctodos los j\u00f3venes que deseen liberar su servicio social, lo vamos a poder realizar, ya se est\u00e1n inscribiendo tambi\u00e9n en la oficina de la Coordinaci\u00f3n de Turismo para que en el mes de julio, arranquemos con el proceso de capacitaci\u00f3n de Embajadores Tur\u00edsticos 3.0\u201d.<\/p>\n\n\n\n<p><br>Para finalizar, dijo que los requisitos son, dejar si nombre completo y n\u00famero telef\u00f3nico para que sean llamados al primer proceso de capacitaci\u00f3n \u201clo \u00fanico que necesitan es llegar, apuntarse con nombre y n\u00famero telef\u00f3nico, para que nos estemos comunicando con ellos y ya citarlos al primer proceso de capacitaci\u00f3n en la primer semana de julio aproximadamente\u201d.<\/p>\n\n\n<figure class=\"wp-block-post-featured-image\"><img loading=\"lazy\" decoding=\"async\" width=\"2560\" height=\"1920\" src=\"https:\/\/estado29.mx\/wp-content\/uploads\/2023\/11\/IMG_20231115_124348-min-scaled.jpg\" class=\"attachment-post-thumbnail size-post-thumbnail wp-post-image\" alt=\"\" style=\"object-fit:cover;\" srcset=\"https:\/\/estado29.mx\/wp-content\/uploads\/2023\/11\/IMG_20231115_124348-min-scaled.jpg 2560w, https:\/\/estado29.mx\/wp-content\/uploads\/2023\/11\/IMG_20231115_124348-min-300x225.jpg 300w, https:\/\/estado29.mx\/wp-content\/uploads\/2023\/11\/IMG_20231115_124348-min-1024x768.jpg 1024w, https:\/\/estado29.mx\/wp-content\/uploads\/2023\/11\/IMG_20231115_124348-min-768x576.jpg 768w, https:\/\/estado29.mx\/wp-content\/uploads\/2023\/11\/IMG_20231115_124348-min-1536x1152.jpg 1536w, https:\/\/estado29.mx\/wp-content\/uploads\/2023\/11\/IMG_20231115_124348-min-2048x1536.jpg 2048w, https:\/\/estado29.mx\/wp-content\/uploads\/2023\/11\/IMG_20231115_124348-min-750x563.jpg 750w, https:\/\/estado29.mx\/wp-content\/uploads\/2023\/11\/IMG_20231115_124348-min-1140x855.jpg 1140w\" sizes=\"auto, (max-width: 2560px) 100vw, 2560px\" \/><\/figure>","protected":false},"excerpt":{"rendered":"<p>La Coordinadora de Turismo en el Municipio de Huamantla, Celeste Caballero Mart\u00ednez, detall\u00f3 que ya se tiene abierto el proceso de reclutamiento para los j\u00f3venes que deseen participar en el programa \u201cEmbajadores Tur\u00edsticos 3.0\u201d. Caballero Mart\u00ednez, puntualiz\u00f3 que este programa est\u00e1 dirigido a los j\u00f3venes, de nivel medio superior o superior, que deseen liberar su [&hellip;]<\/p>\n","protected":false},"author":7,"featured_media":88421,"comment_status":"open","ping_status":"open","sticky":false,"template":"","format":"standard","meta":{"om_disable_all_campaigns":false,"_monsterinsights_skip_tracking":false,"_monsterinsights_sitenote_active":false,"_monsterinsights_sitenote_note":"","_monsterinsights_sitenote_category":0,"jnews-multi-image_gallery":[],"jnews_single_post":{"subtitle":"","format":"standard","video":"","gallery":"","source_name":"","source_url":"","via_name":"","via_url":"","override_template":"0","override":[{"template":"1","single_blog_custom":"","parallax":"1","fullscreen":"1","layout":"right-sidebar","sidebar":"default-sidebar","second_sidebar":"default-sidebar","sticky_sidebar":"1","share_position":"top","share_float_style":"share-monocrhome","show_share_counter":"1","show_view_counter":"1","show_featured":"1","show_post_meta":"1","show_post_author":"1","show_post_author_image":"1","show_post_date":"1","post_date_format":"default","post_date_format_custom":"Y\/m\/d","show_post_category":"1","show_post_reading_time":"0","post_reading_time_wpm":"300","show_zoom_button":"0","zoom_button_out_step":"2","zoom_button_in_step":"3","show_post_tag":"1","show_prev_next_post":"1","show_popup_post":"1","number_popup_post":"1","show_author_box":"1","show_post_related":"0","show_inline_post_related":"0"}],"override_image_size":"0","image_override":[{"single_post_thumbnail_size":"crop-500","single_post_gallery_size":"crop-500"}],"trending_post":"0","trending_post_position":"meta","trending_post_label":"Trending","sponsored_post":"0","sponsored_post_label":"Sponsored by","sponsored_post_name":"","sponsored_post_url":"","sponsored_post_logo_enable":"0","sponsored_post_logo":"","sponsored_post_desc":"","disable_ad":"0"},"jnews_primary_category":{"id":""},"footnotes":""},"categories":[1],"tags":[],"class_list":["post-89618","post","type-post","status-publish","format-standard","has-post-thumbnail","hentry","category-uncategorized"],"aioseo_notices":[],"_links":{"self":[{"href":"https:\/\/estado29.mx\/index.php?rest_route=\/wp\/v2\/posts\/89618","targetHints":{"allow":["GET"]}}],"collection":[{"href":"https:\/\/estado29.mx\/index.php?rest_route=\/wp\/v2\/posts"}],"about":[{"href":"https:\/\/estado29.mx\/index.php?rest_route=\/wp\/v2\/types\/post"}],"author":[{"embeddable":true,"href":"https:\/\/estado29.mx\/index.php?rest_route=\/wp\/v2\/users\/7"}],"replies":[{"embeddable":true,"href":"https:\/\/estado29.mx\/index.php?rest_route=%2Fwp%2Fv2%2Fcomments&post=89618"}],"version-history":[{"count":1,"href":"https:\/\/estado29.mx\/index.php?rest_route=\/wp\/v2\/posts\/89618\/revisions"}],"predecessor-version":[{"id":89619,"href":"https:\/\/estado29.mx\/index.php?rest_route=\/wp\/v2\/posts\/89618\/revisions\/89619"}],"wp:featuredmedia":[{"embeddable":true,"href":"https:\/\/estado29.mx\/index.php?rest_route=\/wp\/v2\/media\/88421"}],"wp:attachment":[{"href":"https:\/\/estado29.mx\/index.php?rest_route=%2Fwp%2Fv2%2Fmedia&parent=89618"}],"wp:term":[{"taxonomy":"category","embeddable":true,"href":"https:\/\/estado29.mx\/index.php?rest_route=%2Fwp%2Fv2%2Fcategories&post=89618"},{"taxonomy":"post_tag","embeddable":true,"href":"https:\/\/estado29.mx\/index.php?rest_route=%2Fwp%2Fv2%2Ftags&post=89618"}],"curies":[{"name":"wp","href":"https:\/\/api.w.org\/{rel}","templated":true}]}}