{"id":89620,"date":"2024-06-19T01:30:10","date_gmt":"2024-06-19T01:30:10","guid":{"rendered":"https:\/\/estado29.mx\/?p=89620"},"modified":"2024-06-19T01:30:11","modified_gmt":"2024-06-19T01:30:11","slug":"temporada-de-luciernagas-antecede-a-la-feria-internacional-del-arte-efimero-y-la-dalia-huamantla-2024","status":"publish","type":"post","link":"https:\/\/estado29.mx\/?p=89620","title":{"rendered":"Temporada de Luci\u00e9rnagas antecede a la Feria Internacional del Arte Ef\u00edmero y la Dalia Huamantla 2024."},"content":{"rendered":"\n<p>La Coordinadora de Turismo en el Municipio de Huamantla, Mar\u00eda Celeste Caballero Mart\u00ednez, refiri\u00f3 que la temporada de luci\u00e9rnagas, recientemente iniciada, es el pre\u00e1mbulo que antecede a la feria Internacional del Arte Ef\u00edmero y la Dalia 2024, que se llevar\u00e1 a cabo en agosto pr\u00f3ximo \u201cde hecho ya ahorita, se nos anticipa la temporada de luci\u00e9rnaga, por el Gobierno del Estado, ya empez\u00f3 el fin de semana pasado\u201d.<\/p>\n\n\n\n<p><br>La Coordinadora de Turismo Municipal, agreg\u00f3 que Huamantla es un eje central en esta temporada pues los turistas, acuden a Huamantla, previo o despu\u00e9s de vivir este evento, para conocer los principales atractivos que posee este Pueblo M\u00e1gico \u201cHuamantla es un eje bien importante en esta temporada, porque vienen a visitar Huamantla o a las luci\u00e9rnagas al otro d\u00eda, pernoctan en Huamantla despu\u00e9s de las luci\u00e9rnagas pernoctan en nuestro Pueblo M\u00e1gico y al otro d\u00eda recorren sus principales atractivos\u201d.<\/p>\n\n\n\n<p><br>Es por ello, que detall\u00f3 que ya se han puesto en marcha algunos talleres, entre los que destac\u00f3 el de tapetes, mu\u00e9ganos y amaranto \u201centonces tambi\u00e9n ya los talleres vivenciales que estamos despegando, el taller de tapetes, mu\u00e9ganos, de amaranto, y entre algunos otros m\u00e1s, ya est\u00e1n listos para recibir a toda esa gente que anticipa con la temporada de luci\u00e9rnagas y entra ya fuertemente en la temporada de feria\u201d.<\/p>\n\n\n<figure class=\"wp-block-post-featured-image\"><img loading=\"lazy\" decoding=\"async\" width=\"2560\" height=\"1920\" src=\"https:\/\/estado29.mx\/wp-content\/uploads\/2023\/10\/IMG_20231010_154211-min-scaled.jpg\" class=\"attachment-post-thumbnail size-post-thumbnail wp-post-image\" alt=\"\" style=\"object-fit:cover;\" srcset=\"https:\/\/estado29.mx\/wp-content\/uploads\/2023\/10\/IMG_20231010_154211-min-scaled.jpg 2560w, https:\/\/estado29.mx\/wp-content\/uploads\/2023\/10\/IMG_20231010_154211-min-300x225.jpg 300w, https:\/\/estado29.mx\/wp-content\/uploads\/2023\/10\/IMG_20231010_154211-min-1024x768.jpg 1024w, https:\/\/estado29.mx\/wp-content\/uploads\/2023\/10\/IMG_20231010_154211-min-768x576.jpg 768w, https:\/\/estado29.mx\/wp-content\/uploads\/2023\/10\/IMG_20231010_154211-min-1536x1152.jpg 1536w, https:\/\/estado29.mx\/wp-content\/uploads\/2023\/10\/IMG_20231010_154211-min-2048x1536.jpg 2048w, https:\/\/estado29.mx\/wp-content\/uploads\/2023\/10\/IMG_20231010_154211-min-750x563.jpg 750w, https:\/\/estado29.mx\/wp-content\/uploads\/2023\/10\/IMG_20231010_154211-min-1140x855.jpg 1140w\" sizes=\"auto, (max-width: 2560px) 100vw, 2560px\" \/><\/figure>","protected":false},"excerpt":{"rendered":"<p>La Coordinadora de Turismo en el Municipio de Huamantla, Mar\u00eda Celeste Caballero Mart\u00ednez, refiri\u00f3 que la temporada de luci\u00e9rnagas, recientemente iniciada, es el pre\u00e1mbulo que antecede a la feria Internacional del Arte Ef\u00edmero y la Dalia 2024, que se llevar\u00e1 a cabo en agosto pr\u00f3ximo \u201cde hecho ya ahorita, se nos anticipa la temporada de [&hellip;]<\/p>\n","protected":false},"author":7,"featured_media":88207,"comment_status":"open","ping_status":"open","sticky":false,"template":"","format":"standard","meta":{"om_disable_all_campaigns":false,"_monsterinsights_skip_tracking":false,"_monsterinsights_sitenote_active":false,"_monsterinsights_sitenote_note":"","_monsterinsights_sitenote_category":0,"jnews-multi-image_gallery":[],"jnews_single_post":{"subtitle":"","format":"standard","video":"","gallery":"","source_name":"","source_url":"","via_name":"","via_url":"","override_template":"0","override":[{"template":"1","single_blog_custom":"","parallax":"1","fullscreen":"1","layout":"right-sidebar","sidebar":"default-sidebar","second_sidebar":"default-sidebar","sticky_sidebar":"1","share_position":"top","share_float_style":"share-monocrhome","show_share_counter":"1","show_view_counter":"1","show_featured":"1","show_post_meta":"1","show_post_author":"1","show_post_author_image":"1","show_post_date":"1","post_date_format":"default","post_date_format_custom":"Y\/m\/d","show_post_category":"1","show_post_reading_time":"0","post_reading_time_wpm":"300","show_zoom_button":"0","zoom_button_out_step":"2","zoom_button_in_step":"3","show_post_tag":"1","show_prev_next_post":"1","show_popup_post":"1","number_popup_post":"1","show_author_box":"1","show_post_related":"0","show_inline_post_related":"0"}],"override_image_size":"0","image_override":[{"single_post_thumbnail_size":"crop-500","single_post_gallery_size":"crop-500"}],"trending_post":"0","trending_post_position":"meta","trending_post_label":"Trending","sponsored_post":"0","sponsored_post_label":"Sponsored by","sponsored_post_name":"","sponsored_post_url":"","sponsored_post_logo_enable":"0","sponsored_post_logo":"","sponsored_post_desc":"","disable_ad":"0"},"jnews_primary_category":{"id":""},"footnotes":""},"categories":[1],"tags":[],"class_list":["post-89620","post","type-post","status-publish","format-standard","has-post-thumbnail","hentry","category-uncategorized"],"aioseo_notices":[],"_links":{"self":[{"href":"https:\/\/estado29.mx\/index.php?rest_route=\/wp\/v2\/posts\/89620","targetHints":{"allow":["GET"]}}],"collection":[{"href":"https:\/\/estado29.mx\/index.php?rest_route=\/wp\/v2\/posts"}],"about":[{"href":"https:\/\/estado29.mx\/index.php?rest_route=\/wp\/v2\/types\/post"}],"author":[{"embeddable":true,"href":"https:\/\/estado29.mx\/index.php?rest_route=\/wp\/v2\/users\/7"}],"replies":[{"embeddable":true,"href":"https:\/\/estado29.mx\/index.php?rest_route=%2Fwp%2Fv2%2Fcomments&post=89620"}],"version-history":[{"count":1,"href":"https:\/\/estado29.mx\/index.php?rest_route=\/wp\/v2\/posts\/89620\/revisions"}],"predecessor-version":[{"id":89621,"href":"https:\/\/estado29.mx\/index.php?rest_route=\/wp\/v2\/posts\/89620\/revisions\/89621"}],"wp:featuredmedia":[{"embeddable":true,"href":"https:\/\/estado29.mx\/index.php?rest_route=\/wp\/v2\/media\/88207"}],"wp:attachment":[{"href":"https:\/\/estado29.mx\/index.php?rest_route=%2Fwp%2Fv2%2Fmedia&parent=89620"}],"wp:term":[{"taxonomy":"category","embeddable":true,"href":"https:\/\/estado29.mx\/index.php?rest_route=%2Fwp%2Fv2%2Fcategories&post=89620"},{"taxonomy":"post_tag","embeddable":true,"href":"https:\/\/estado29.mx\/index.php?rest_route=%2Fwp%2Fv2%2Ftags&post=89620"}],"curies":[{"name":"wp","href":"https:\/\/api.w.org\/{rel}","templated":true}]}}