{"id":89660,"date":"2024-07-04T19:18:07","date_gmt":"2024-07-04T19:18:07","guid":{"rendered":"https:\/\/estado29.mx\/?p=89660"},"modified":"2024-07-04T19:18:08","modified_gmt":"2024-07-04T19:18:08","slug":"trabajan-areas-del-ayuntamiento-de-huamantla-para-salvaguardad-la-seguridad-e-integridad-de-los-huamantlecos-en-temporada-de-lluvias","status":"publish","type":"post","link":"https:\/\/estado29.mx\/?p=89660","title":{"rendered":"Trabajan \u00e1reas del ayuntamiento de Huamantla para salvaguardad la seguridad e integridad de los huamantlecos en temporada de lluvias."},"content":{"rendered":"\n<p>El Coordinador de Protecci\u00f3n Civil en Huamantla, Orlando Rafael Castillo L\u00f3pez, comparti\u00f3 para En Punto, c\u00f3mo es que se coordinan diversas \u00e1reas del ayuntamiento, para salvaguardar la integridad de los huamantlecos, en la presente temporada de lluvias, iniciada oficialmente el primero de junio pasado y que se estima concluya hasta el mes de noviembre.<\/p>\n\n\n\n<p><br>Castillo L\u00f3pez, detall\u00f3 que las diversas \u00e1reas, acuden en los recorridos constantes y brindan las herramientas que tienen a su alcance, para ayudar a pobladores de comunidades y la cabecera municipal donde se tienen mayores afectaciones.<br>Agreg\u00f3 que a trav\u00e9s de DIF municipal, se hace entrega de comida y ropa a pobladores que han resultado afectados en lo que va de esta temporada.<\/p>\n\n\n\n<p><br>Asimismo, puntualiz\u00f3 que las \u00e1reas que participan en estad actividades son Obras P\u00fablicas, la Comisi\u00f3n de Agua Potable y Alcantarillado del Municipio de Huamantla (CAPAMH), el Sistema Municipal para el Desarrollo Integral de las Familias (SMDIF), Direcci\u00f3n de Seguridad y Coordinaci\u00f3n de Protecci\u00f3n Civil.<\/p>\n\n\n<figure class=\"wp-block-post-featured-image\"><img loading=\"lazy\" decoding=\"async\" width=\"810\" height=\"540\" src=\"https:\/\/estado29.mx\/wp-content\/uploads\/2024\/07\/IMG-20240702-WA0022.jpg\" class=\"attachment-post-thumbnail size-post-thumbnail wp-post-image\" alt=\"\" style=\"object-fit:cover;\" srcset=\"https:\/\/estado29.mx\/wp-content\/uploads\/2024\/07\/IMG-20240702-WA0022.jpg 810w, https:\/\/estado29.mx\/wp-content\/uploads\/2024\/07\/IMG-20240702-WA0022-300x200.jpg 300w, https:\/\/estado29.mx\/wp-content\/uploads\/2024\/07\/IMG-20240702-WA0022-768x512.jpg 768w, https:\/\/estado29.mx\/wp-content\/uploads\/2024\/07\/IMG-20240702-WA0022-750x500.jpg 750w\" sizes=\"auto, (max-width: 810px) 100vw, 810px\" \/><\/figure>","protected":false},"excerpt":{"rendered":"<p>El Coordinador de Protecci\u00f3n Civil en Huamantla, Orlando Rafael Castillo L\u00f3pez, comparti\u00f3 para En Punto, c\u00f3mo es que se coordinan diversas \u00e1reas del ayuntamiento, para salvaguardar la integridad de los huamantlecos, en la presente temporada de lluvias, iniciada oficialmente el primero de junio pasado y que se estima concluya hasta el mes de noviembre. Castillo [&hellip;]<\/p>\n","protected":false},"author":7,"featured_media":89661,"comment_status":"open","ping_status":"open","sticky":false,"template":"","format":"standard","meta":{"om_disable_all_campaigns":false,"_monsterinsights_skip_tracking":false,"_monsterinsights_sitenote_active":false,"_monsterinsights_sitenote_note":"","_monsterinsights_sitenote_category":0,"jnews-multi-image_gallery":[],"jnews_single_post":{"subtitle":"","format":"standard","video":"","gallery":"","source_name":"","source_url":"","via_name":"","via_url":"","override_template":"0","override":[{"template":"1","single_blog_custom":"","parallax":"1","fullscreen":"1","layout":"right-sidebar","sidebar":"default-sidebar","second_sidebar":"default-sidebar","sticky_sidebar":"1","share_position":"top","share_float_style":"share-monocrhome","show_share_counter":"1","show_view_counter":"1","show_featured":"1","show_post_meta":"1","show_post_author":"1","show_post_author_image":"1","show_post_date":"1","post_date_format":"default","post_date_format_custom":"Y\/m\/d","show_post_category":"1","show_post_reading_time":"0","post_reading_time_wpm":"300","show_zoom_button":"0","zoom_button_out_step":"2","zoom_button_in_step":"3","show_post_tag":"1","show_prev_next_post":"1","show_popup_post":"1","number_popup_post":"1","show_author_box":"1","show_post_related":"0","show_inline_post_related":"0"}],"override_image_size":"0","image_override":[{"single_post_thumbnail_size":"crop-500","single_post_gallery_size":"crop-500"}],"trending_post":"0","trending_post_position":"meta","trending_post_label":"Trending","sponsored_post":"0","sponsored_post_label":"Sponsored by","sponsored_post_name":"","sponsored_post_url":"","sponsored_post_logo_enable":"0","sponsored_post_logo":"","sponsored_post_desc":"","disable_ad":"0"},"jnews_primary_category":{"id":""},"footnotes":""},"categories":[1],"tags":[],"class_list":["post-89660","post","type-post","status-publish","format-standard","has-post-thumbnail","hentry","category-uncategorized"],"aioseo_notices":[],"_links":{"self":[{"href":"https:\/\/estado29.mx\/index.php?rest_route=\/wp\/v2\/posts\/89660","targetHints":{"allow":["GET"]}}],"collection":[{"href":"https:\/\/estado29.mx\/index.php?rest_route=\/wp\/v2\/posts"}],"about":[{"href":"https:\/\/estado29.mx\/index.php?rest_route=\/wp\/v2\/types\/post"}],"author":[{"embeddable":true,"href":"https:\/\/estado29.mx\/index.php?rest_route=\/wp\/v2\/users\/7"}],"replies":[{"embeddable":true,"href":"https:\/\/estado29.mx\/index.php?rest_route=%2Fwp%2Fv2%2Fcomments&post=89660"}],"version-history":[{"count":1,"href":"https:\/\/estado29.mx\/index.php?rest_route=\/wp\/v2\/posts\/89660\/revisions"}],"predecessor-version":[{"id":89662,"href":"https:\/\/estado29.mx\/index.php?rest_route=\/wp\/v2\/posts\/89660\/revisions\/89662"}],"wp:featuredmedia":[{"embeddable":true,"href":"https:\/\/estado29.mx\/index.php?rest_route=\/wp\/v2\/media\/89661"}],"wp:attachment":[{"href":"https:\/\/estado29.mx\/index.php?rest_route=%2Fwp%2Fv2%2Fmedia&parent=89660"}],"wp:term":[{"taxonomy":"category","embeddable":true,"href":"https:\/\/estado29.mx\/index.php?rest_route=%2Fwp%2Fv2%2Fcategories&post=89660"},{"taxonomy":"post_tag","embeddable":true,"href":"https:\/\/estado29.mx\/index.php?rest_route=%2Fwp%2Fv2%2Ftags&post=89660"}],"curies":[{"name":"wp","href":"https:\/\/api.w.org\/{rel}","templated":true}]}}