{"id":89664,"date":"2024-07-05T18:45:55","date_gmt":"2024-07-05T18:45:55","guid":{"rendered":"https:\/\/estado29.mx\/?p=89664"},"modified":"2024-07-05T18:45:55","modified_gmt":"2024-07-05T18:45:55","slug":"invita-centro-cultural-huamantla-a-exposicion-colectiva-regresar","status":"publish","type":"post","link":"https:\/\/estado29.mx\/?p=89664","title":{"rendered":"Invita Centro Cultural Huamantla a Exposici\u00f3n Colectiva \u201cRegresar\u201d."},"content":{"rendered":"\n<p>El Centro Cultural Huamantla, a trav\u00e9s de este espacio informativo, hace la invitaci\u00f3n al auditorio en general a ser part\u00edcipes de la Exposici\u00f3n Colectiva \u201cRegresar\u201d.<\/p>\n\n\n\n<p><br>Esta exposici\u00f3n, estar\u00e1 en exhibici\u00f3n, en la galer\u00eda del Centro Cultural Huamantla, partir del medio d\u00eda de hoy viernes cinco de julio del a\u00f1o en curso, hasta el cinco de agosto pr\u00f3ximo.<\/p>\n\n\n\n<p><br>Es importante mencionar que esta exposici\u00f3n colectiva, es presentada por Jazm\u00edn Mart\u00ednez, Roberto M\u00e1rquez, Rodrigo Luna y Marlene Morales.<\/p>\n\n\n<figure class=\"wp-block-post-featured-image\"><img loading=\"lazy\" decoding=\"async\" width=\"426\" height=\"421\" src=\"https:\/\/estado29.mx\/wp-content\/uploads\/2024\/07\/IMG-20240704-WA0007.jpg\" class=\"attachment-post-thumbnail size-post-thumbnail wp-post-image\" alt=\"\" style=\"object-fit:cover;\" srcset=\"https:\/\/estado29.mx\/wp-content\/uploads\/2024\/07\/IMG-20240704-WA0007.jpg 426w, https:\/\/estado29.mx\/wp-content\/uploads\/2024\/07\/IMG-20240704-WA0007-300x296.jpg 300w, https:\/\/estado29.mx\/wp-content\/uploads\/2024\/07\/IMG-20240704-WA0007-75x75.jpg 75w\" sizes=\"auto, (max-width: 426px) 100vw, 426px\" \/><\/figure>","protected":false},"excerpt":{"rendered":"<p>El Centro Cultural Huamantla, a trav\u00e9s de este espacio informativo, hace la invitaci\u00f3n al auditorio en general a ser part\u00edcipes de la Exposici\u00f3n Colectiva \u201cRegresar\u201d. Esta exposici\u00f3n, estar\u00e1 en exhibici\u00f3n, en la galer\u00eda del Centro Cultural Huamantla, partir del medio d\u00eda de hoy viernes cinco de julio del a\u00f1o en curso, hasta el cinco de [&hellip;]<\/p>\n","protected":false},"author":7,"featured_media":89665,"comment_status":"open","ping_status":"open","sticky":false,"template":"","format":"standard","meta":{"om_disable_all_campaigns":false,"_monsterinsights_skip_tracking":false,"_monsterinsights_sitenote_active":false,"_monsterinsights_sitenote_note":"","_monsterinsights_sitenote_category":0,"jnews-multi-image_gallery":[],"jnews_single_post":{"subtitle":"","format":"standard","video":"","gallery":"","source_name":"","source_url":"","via_name":"","via_url":"","override_template":"0","override":[{"template":"1","single_blog_custom":"","parallax":"1","fullscreen":"1","layout":"right-sidebar","sidebar":"default-sidebar","second_sidebar":"default-sidebar","sticky_sidebar":"1","share_position":"top","share_float_style":"share-monocrhome","show_share_counter":"1","show_view_counter":"1","show_featured":"1","show_post_meta":"1","show_post_author":"1","show_post_author_image":"1","show_post_date":"1","post_date_format":"default","post_date_format_custom":"Y\/m\/d","show_post_category":"1","show_post_reading_time":"0","post_reading_time_wpm":"300","show_zoom_button":"0","zoom_button_out_step":"2","zoom_button_in_step":"3","show_post_tag":"1","show_prev_next_post":"1","show_popup_post":"1","number_popup_post":"1","show_author_box":"1","show_post_related":"0","show_inline_post_related":"0"}],"override_image_size":"0","image_override":[{"single_post_thumbnail_size":"crop-500","single_post_gallery_size":"crop-500"}],"trending_post":"0","trending_post_position":"meta","trending_post_label":"Trending","sponsored_post":"0","sponsored_post_label":"Sponsored by","sponsored_post_name":"","sponsored_post_url":"","sponsored_post_logo_enable":"0","sponsored_post_logo":"","sponsored_post_desc":"","disable_ad":"0"},"jnews_primary_category":{"id":""},"footnotes":""},"categories":[1],"tags":[],"class_list":["post-89664","post","type-post","status-publish","format-standard","has-post-thumbnail","hentry","category-uncategorized"],"aioseo_notices":[],"_links":{"self":[{"href":"https:\/\/estado29.mx\/index.php?rest_route=\/wp\/v2\/posts\/89664","targetHints":{"allow":["GET"]}}],"collection":[{"href":"https:\/\/estado29.mx\/index.php?rest_route=\/wp\/v2\/posts"}],"about":[{"href":"https:\/\/estado29.mx\/index.php?rest_route=\/wp\/v2\/types\/post"}],"author":[{"embeddable":true,"href":"https:\/\/estado29.mx\/index.php?rest_route=\/wp\/v2\/users\/7"}],"replies":[{"embeddable":true,"href":"https:\/\/estado29.mx\/index.php?rest_route=%2Fwp%2Fv2%2Fcomments&post=89664"}],"version-history":[{"count":1,"href":"https:\/\/estado29.mx\/index.php?rest_route=\/wp\/v2\/posts\/89664\/revisions"}],"predecessor-version":[{"id":89666,"href":"https:\/\/estado29.mx\/index.php?rest_route=\/wp\/v2\/posts\/89664\/revisions\/89666"}],"wp:featuredmedia":[{"embeddable":true,"href":"https:\/\/estado29.mx\/index.php?rest_route=\/wp\/v2\/media\/89665"}],"wp:attachment":[{"href":"https:\/\/estado29.mx\/index.php?rest_route=%2Fwp%2Fv2%2Fmedia&parent=89664"}],"wp:term":[{"taxonomy":"category","embeddable":true,"href":"https:\/\/estado29.mx\/index.php?rest_route=%2Fwp%2Fv2%2Fcategories&post=89664"},{"taxonomy":"post_tag","embeddable":true,"href":"https:\/\/estado29.mx\/index.php?rest_route=%2Fwp%2Fv2%2Ftags&post=89664"}],"curies":[{"name":"wp","href":"https:\/\/api.w.org\/{rel}","templated":true}]}}