{"id":89674,"date":"2024-07-09T19:12:04","date_gmt":"2024-07-09T19:12:04","guid":{"rendered":"https:\/\/estado29.mx\/?p=89674"},"modified":"2024-07-09T19:12:05","modified_gmt":"2024-07-09T19:12:05","slug":"visitara-la-ruta-del-maiz-tlaxcala-2024-otros-estados-de-la-republica-mexicana","status":"publish","type":"post","link":"https:\/\/estado29.mx\/?p=89674","title":{"rendered":"Visitar\u00e1 La Ruta del Ma\u00edz Tlaxcala 2024 otros estados de la Rep\u00fablica Mexicana."},"content":{"rendered":"\n<p>La reconocida artista pl\u00e1stica y fot\u00f3grafa tlaxcalteca Malena D\u00edaz, comparti\u00f3 para Radio Huamantla, los proyectos que tiene para pr\u00f3ximas fechas en el territorio nacional.<\/p>\n\n\n\n<p><br>Agreg\u00f3 que adem\u00e1s de la exposici\u00f3n fotogr\u00e1fica que presentar\u00e1 del 11 al 13 de julio pr\u00f3ximo, titulada \u201cLa Trenza\u201d, La Ruta del Ma\u00edz Tlaxcala 2024, se ampliar\u00e1 a estados como Puebla y Quintana Roo.<\/p>\n\n\n\n<p><br>Enfatiz\u00f3 que el objetivo de llevara La Ruta del Ma\u00edz a otros estados es difundir el arte, la cultura, el trabajo de los productores de ma\u00edz, as\u00ed como compartir las diversas tonalidades que hay en el territorio tlaxcalteca.<\/p>\n\n\n<figure class=\"wp-block-post-featured-image\"><img loading=\"lazy\" decoding=\"async\" width=\"1920\" height=\"2560\" src=\"https:\/\/estado29.mx\/wp-content\/uploads\/2024\/06\/IMG_20240610_145733-min-scaled.jpg\" class=\"attachment-post-thumbnail size-post-thumbnail wp-post-image\" alt=\"\" style=\"object-fit:cover;\" srcset=\"https:\/\/estado29.mx\/wp-content\/uploads\/2024\/06\/IMG_20240610_145733-min-scaled.jpg 1920w, https:\/\/estado29.mx\/wp-content\/uploads\/2024\/06\/IMG_20240610_145733-min-225x300.jpg 225w, https:\/\/estado29.mx\/wp-content\/uploads\/2024\/06\/IMG_20240610_145733-min-768x1024.jpg 768w, https:\/\/estado29.mx\/wp-content\/uploads\/2024\/06\/IMG_20240610_145733-min-1152x1536.jpg 1152w, https:\/\/estado29.mx\/wp-content\/uploads\/2024\/06\/IMG_20240610_145733-min-1536x2048.jpg 1536w, https:\/\/estado29.mx\/wp-content\/uploads\/2024\/06\/IMG_20240610_145733-min-750x1000.jpg 750w, https:\/\/estado29.mx\/wp-content\/uploads\/2024\/06\/IMG_20240610_145733-min-1140x1520.jpg 1140w\" sizes=\"auto, (max-width: 1920px) 100vw, 1920px\" \/><\/figure>","protected":false},"excerpt":{"rendered":"<p>La reconocida artista pl\u00e1stica y fot\u00f3grafa tlaxcalteca Malena D\u00edaz, comparti\u00f3 para Radio Huamantla, los proyectos que tiene para pr\u00f3ximas fechas en el territorio nacional. Agreg\u00f3 que adem\u00e1s de la exposici\u00f3n fotogr\u00e1fica que presentar\u00e1 del 11 al 13 de julio pr\u00f3ximo, titulada \u201cLa Trenza\u201d, La Ruta del Ma\u00edz Tlaxcala 2024, se ampliar\u00e1 a estados como Puebla [&hellip;]<\/p>\n","protected":false},"author":7,"featured_media":89611,"comment_status":"open","ping_status":"open","sticky":false,"template":"","format":"standard","meta":{"om_disable_all_campaigns":false,"_monsterinsights_skip_tracking":false,"_monsterinsights_sitenote_active":false,"_monsterinsights_sitenote_note":"","_monsterinsights_sitenote_category":0,"jnews-multi-image_gallery":[],"jnews_single_post":{"subtitle":"","format":"standard","video":"","gallery":"","source_name":"","source_url":"","via_name":"","via_url":"","override_template":"0","override":[{"template":"1","single_blog_custom":"","parallax":"1","fullscreen":"1","layout":"right-sidebar","sidebar":"default-sidebar","second_sidebar":"default-sidebar","sticky_sidebar":"1","share_position":"top","share_float_style":"share-monocrhome","show_share_counter":"1","show_view_counter":"1","show_featured":"1","show_post_meta":"1","show_post_author":"1","show_post_author_image":"1","show_post_date":"1","post_date_format":"default","post_date_format_custom":"Y\/m\/d","show_post_category":"1","show_post_reading_time":"0","post_reading_time_wpm":"300","show_zoom_button":"0","zoom_button_out_step":"2","zoom_button_in_step":"3","show_post_tag":"1","show_prev_next_post":"1","show_popup_post":"1","number_popup_post":"1","show_author_box":"1","show_post_related":"0","show_inline_post_related":"0"}],"override_image_size":"0","image_override":[{"single_post_thumbnail_size":"crop-500","single_post_gallery_size":"crop-500"}],"trending_post":"0","trending_post_position":"meta","trending_post_label":"Trending","sponsored_post":"0","sponsored_post_label":"Sponsored by","sponsored_post_name":"","sponsored_post_url":"","sponsored_post_logo_enable":"0","sponsored_post_logo":"","sponsored_post_desc":"","disable_ad":"0"},"jnews_primary_category":{"id":""},"footnotes":""},"categories":[1],"tags":[],"class_list":["post-89674","post","type-post","status-publish","format-standard","has-post-thumbnail","hentry","category-uncategorized"],"aioseo_notices":[],"_links":{"self":[{"href":"https:\/\/estado29.mx\/index.php?rest_route=\/wp\/v2\/posts\/89674","targetHints":{"allow":["GET"]}}],"collection":[{"href":"https:\/\/estado29.mx\/index.php?rest_route=\/wp\/v2\/posts"}],"about":[{"href":"https:\/\/estado29.mx\/index.php?rest_route=\/wp\/v2\/types\/post"}],"author":[{"embeddable":true,"href":"https:\/\/estado29.mx\/index.php?rest_route=\/wp\/v2\/users\/7"}],"replies":[{"embeddable":true,"href":"https:\/\/estado29.mx\/index.php?rest_route=%2Fwp%2Fv2%2Fcomments&post=89674"}],"version-history":[{"count":1,"href":"https:\/\/estado29.mx\/index.php?rest_route=\/wp\/v2\/posts\/89674\/revisions"}],"predecessor-version":[{"id":89675,"href":"https:\/\/estado29.mx\/index.php?rest_route=\/wp\/v2\/posts\/89674\/revisions\/89675"}],"wp:featuredmedia":[{"embeddable":true,"href":"https:\/\/estado29.mx\/index.php?rest_route=\/wp\/v2\/media\/89611"}],"wp:attachment":[{"href":"https:\/\/estado29.mx\/index.php?rest_route=%2Fwp%2Fv2%2Fmedia&parent=89674"}],"wp:term":[{"taxonomy":"category","embeddable":true,"href":"https:\/\/estado29.mx\/index.php?rest_route=%2Fwp%2Fv2%2Fcategories&post=89674"},{"taxonomy":"post_tag","embeddable":true,"href":"https:\/\/estado29.mx\/index.php?rest_route=%2Fwp%2Fv2%2Ftags&post=89674"}],"curies":[{"name":"wp","href":"https:\/\/api.w.org\/{rel}","templated":true}]}}