{"id":89684,"date":"2024-07-12T18:47:24","date_gmt":"2024-07-12T18:47:24","guid":{"rendered":"https:\/\/estado29.mx\/?p=89684"},"modified":"2024-07-12T18:47:25","modified_gmt":"2024-07-12T18:47:25","slug":"convocan-secretaria-de-cultura-federal-y-estatal-al-39-festival-internacional-de-titeres-de-tlaxcala-rosete-aranda-2024","status":"publish","type":"post","link":"https:\/\/estado29.mx\/?p=89684","title":{"rendered":"Convocan Secretar\u00eda de Cultura Federal y Estatal al 39\u00b0 Festival Internacional de T\u00edteres de Tlaxcala \u201cRosete Aranda\u201d 2024."},"content":{"rendered":"\n<p>La Secretar\u00eda de Cultura Federal y la Secretar\u00eda de Cultura de Tlaxcala, anunciaron la convocatoria para el 39\u00b0 Festival Internacional de T\u00edteres de Tlaxcala Rosete Aranda 2024.<\/p>\n\n\n\n<p><br>Este festival, se llevar\u00e1 a cabo del 13 al 25 de octubre pr\u00f3ximo, con el objetivo de promover y difundir el arte del teatro de t\u00edteres en la regi\u00f3n.<\/p>\n\n\n\n<p><br>Es por ello que se invita a todas las compa\u00f1\u00edas de t\u00edteres locales, residentes en Tlaxcala con una trayectoria m\u00ednima de tres a\u00f1os comprobables, donde al menos el 75% de sus integrantes sean originarios o hayan radicado por al menos ese tiempo en alg\u00fan municipio del estado.<\/p>\n\n\n\n<p><br>Es importante mencionar que la fecha l\u00edmite para la recepci\u00f3n de propuestas ser\u00e1 hasta las seis de la tarde, del 29 de julio pr\u00f3ximo y que las propuestas deben enviarse v\u00eda correo electr\u00f3nico, asimismo, se tomar\u00e1 en cuenta la fecha y hora de env\u00edo para su validaci\u00f3n.<\/p>\n\n\n\n<p><br>Cada agrupaci\u00f3n podr\u00e1 enviar solo una propuesta para competir por un lugar entre las 10 compa\u00f1\u00edas seleccionadas, las cuales ofrecer\u00e1n dos funciones en esta edici\u00f3n del festival.<br>Para su evaluaci\u00f3n, los grupos participantes deber\u00e1n presentar varios documentos, incluyendo una ficha de participaci\u00f3n firmada por el director o representante, constancia de situaci\u00f3n fiscal actualizada, y enviar toda la documentaci\u00f3n de manera digital al correo festival.titeres.mexico@gmail.com<\/p>\n\n\n\n<p><br>La obra presentada debe tener una duraci\u00f3n m\u00ednima de 40 minutos, as\u00ed como resaltar valores, diversidad humana y adaptarse a las condiciones t\u00e9cnicas de los espacios esc\u00e9nicos seleccionados.<\/p>\n\n\n\n<p><br>La lista de los grupos seleccionados se publicar\u00e1 el 5 de agosto de 2024 en la p\u00e1gina oficial www.culturatlaxcala.com.mx y en las redes sociales de la Secretar\u00eda de Cultura de Tlaxcala y del festival.<\/p>\n\n\n\n<p><br>Los grupos seleccionados deber\u00e1n confirmar su participaci\u00f3n mediante una carta compromiso a m\u00e1s tardar el 7 de agosto de 2024.<\/p>\n\n\n\n<p><br>Las compa\u00f1\u00edas seleccionadas recibir\u00e1n un pago de $12,000.00 pesos mexicanos por funci\u00f3n, m\u00e1s los impuestos aplicables, y deber\u00e1n contar con Comprobante Fiscal Digital (CFDI).<\/p>\n\n\n\n<p><br>Destacar que cada compa\u00f1\u00eda deber\u00e1 cubrir sus propios gastos de transportaci\u00f3n local al lugar de su presentaci\u00f3n.<\/p>\n\n\n<figure class=\"wp-block-post-featured-image\"><img loading=\"lazy\" decoding=\"async\" width=\"1280\" height=\"853\" src=\"https:\/\/estado29.mx\/wp-content\/uploads\/2024\/07\/IMG-20240710-WA0003.jpg\" class=\"attachment-post-thumbnail size-post-thumbnail wp-post-image\" alt=\"\" style=\"object-fit:cover;\" srcset=\"https:\/\/estado29.mx\/wp-content\/uploads\/2024\/07\/IMG-20240710-WA0003.jpg 1280w, https:\/\/estado29.mx\/wp-content\/uploads\/2024\/07\/IMG-20240710-WA0003-300x200.jpg 300w, https:\/\/estado29.mx\/wp-content\/uploads\/2024\/07\/IMG-20240710-WA0003-1024x682.jpg 1024w, https:\/\/estado29.mx\/wp-content\/uploads\/2024\/07\/IMG-20240710-WA0003-768x512.jpg 768w, https:\/\/estado29.mx\/wp-content\/uploads\/2024\/07\/IMG-20240710-WA0003-750x500.jpg 750w, https:\/\/estado29.mx\/wp-content\/uploads\/2024\/07\/IMG-20240710-WA0003-1140x760.jpg 1140w\" sizes=\"auto, (max-width: 1280px) 100vw, 1280px\" \/><\/figure>","protected":false},"excerpt":{"rendered":"<p>La Secretar\u00eda de Cultura Federal y la Secretar\u00eda de Cultura de Tlaxcala, anunciaron la convocatoria para el 39\u00b0 Festival Internacional de T\u00edteres de Tlaxcala Rosete Aranda 2024. Este festival, se llevar\u00e1 a cabo del 13 al 25 de octubre pr\u00f3ximo, con el objetivo de promover y difundir el arte del teatro de t\u00edteres en la [&hellip;]<\/p>\n","protected":false},"author":7,"featured_media":89685,"comment_status":"open","ping_status":"open","sticky":false,"template":"","format":"standard","meta":{"om_disable_all_campaigns":false,"_monsterinsights_skip_tracking":false,"_monsterinsights_sitenote_active":false,"_monsterinsights_sitenote_note":"","_monsterinsights_sitenote_category":0,"jnews-multi-image_gallery":[],"jnews_single_post":{"subtitle":"","format":"standard","video":"","gallery":"","source_name":"","source_url":"","via_name":"","via_url":"","override_template":"0","override":[{"template":"1","single_blog_custom":"","parallax":"1","fullscreen":"1","layout":"right-sidebar","sidebar":"default-sidebar","second_sidebar":"default-sidebar","sticky_sidebar":"1","share_position":"top","share_float_style":"share-monocrhome","show_share_counter":"1","show_view_counter":"1","show_featured":"1","show_post_meta":"1","show_post_author":"1","show_post_author_image":"1","show_post_date":"1","post_date_format":"default","post_date_format_custom":"Y\/m\/d","show_post_category":"1","show_post_reading_time":"0","post_reading_time_wpm":"300","show_zoom_button":"0","zoom_button_out_step":"2","zoom_button_in_step":"3","show_post_tag":"1","show_prev_next_post":"1","show_popup_post":"1","number_popup_post":"1","show_author_box":"1","show_post_related":"0","show_inline_post_related":"0"}],"override_image_size":"0","image_override":[{"single_post_thumbnail_size":"crop-500","single_post_gallery_size":"crop-500"}],"trending_post":"0","trending_post_position":"meta","trending_post_label":"Trending","sponsored_post":"0","sponsored_post_label":"Sponsored by","sponsored_post_name":"","sponsored_post_url":"","sponsored_post_logo_enable":"0","sponsored_post_logo":"","sponsored_post_desc":"","disable_ad":"0"},"jnews_primary_category":{"id":""},"footnotes":""},"categories":[1],"tags":[],"class_list":["post-89684","post","type-post","status-publish","format-standard","has-post-thumbnail","hentry","category-uncategorized"],"aioseo_notices":[],"_links":{"self":[{"href":"https:\/\/estado29.mx\/index.php?rest_route=\/wp\/v2\/posts\/89684","targetHints":{"allow":["GET"]}}],"collection":[{"href":"https:\/\/estado29.mx\/index.php?rest_route=\/wp\/v2\/posts"}],"about":[{"href":"https:\/\/estado29.mx\/index.php?rest_route=\/wp\/v2\/types\/post"}],"author":[{"embeddable":true,"href":"https:\/\/estado29.mx\/index.php?rest_route=\/wp\/v2\/users\/7"}],"replies":[{"embeddable":true,"href":"https:\/\/estado29.mx\/index.php?rest_route=%2Fwp%2Fv2%2Fcomments&post=89684"}],"version-history":[{"count":1,"href":"https:\/\/estado29.mx\/index.php?rest_route=\/wp\/v2\/posts\/89684\/revisions"}],"predecessor-version":[{"id":89686,"href":"https:\/\/estado29.mx\/index.php?rest_route=\/wp\/v2\/posts\/89684\/revisions\/89686"}],"wp:featuredmedia":[{"embeddable":true,"href":"https:\/\/estado29.mx\/index.php?rest_route=\/wp\/v2\/media\/89685"}],"wp:attachment":[{"href":"https:\/\/estado29.mx\/index.php?rest_route=%2Fwp%2Fv2%2Fmedia&parent=89684"}],"wp:term":[{"taxonomy":"category","embeddable":true,"href":"https:\/\/estado29.mx\/index.php?rest_route=%2Fwp%2Fv2%2Fcategories&post=89684"},{"taxonomy":"post_tag","embeddable":true,"href":"https:\/\/estado29.mx\/index.php?rest_route=%2Fwp%2Fv2%2Ftags&post=89684"}],"curies":[{"name":"wp","href":"https:\/\/api.w.org\/{rel}","templated":true}]}}