{"id":89691,"date":"2024-07-17T18:54:02","date_gmt":"2024-07-17T18:54:02","guid":{"rendered":"https:\/\/estado29.mx\/?p=89691"},"modified":"2024-07-17T18:54:02","modified_gmt":"2024-07-17T18:54:02","slug":"invita-secretaria-de-cultura-a-la-exposicion-verde-y-oro-en-el-museo-de-la-memoria","status":"publish","type":"post","link":"https:\/\/estado29.mx\/?p=89691","title":{"rendered":"Invita Secretar\u00eda de Cultura a la Exposici\u00f3n \u201cVerde y Oro\u201d en el Museo de la Memoria."},"content":{"rendered":"\n<p>La secretar\u00eda de Cultura de Tlaxcala, hace la invitaci\u00f3n al auditorio de En Punto, a la reci\u00e9n inaugurada exposici\u00f3n \u201cVerde y Oro\u201d, el objetivo de esta exposici\u00f3n es ofrecer a los visitantes, una oportunidad educativa para conocer m\u00e1s sobre la historia del boxeo y las tradiciones artesanales involucradas en la creaci\u00f3n de los cinturones.<\/p>\n\n\n\n<p><br>La exposici\u00f3n &#8220;Verde y Oro&#8221; en el Museo de la Memoria, es una muestra \u00fanica que recorre la historia de los cinturones, entregados por el organismo Verde y Oro, desde su primera generaci\u00f3n hasta la m\u00e1s reciente.<\/p>\n\n\n\n<p>Asimismo, esta exposici\u00f3n incluye una variedad de cinturones, desde la primera generaci\u00f3n entregada entre 1975 y 1978, hasta el cetro Diamante, los cinturones conmemorativos y el cintur\u00f3n que fue enviado al espacio en 2014.<\/p>\n\n\n\n<p><br>De igual manera, destacar que un objetivo de la exposici\u00f3n, es la inclusi\u00f3n de cinturones elaborados por artesanos de las culturas huichol, maya y chiapaneca.<\/p>\n\n\n<figure class=\"wp-block-post-featured-image\"><img loading=\"lazy\" decoding=\"async\" width=\"1599\" height=\"1066\" src=\"https:\/\/estado29.mx\/wp-content\/uploads\/2024\/07\/IMG-20240710-WA0016.jpg\" class=\"attachment-post-thumbnail size-post-thumbnail wp-post-image\" alt=\"\" style=\"object-fit:cover;\" srcset=\"https:\/\/estado29.mx\/wp-content\/uploads\/2024\/07\/IMG-20240710-WA0016.jpg 1599w, https:\/\/estado29.mx\/wp-content\/uploads\/2024\/07\/IMG-20240710-WA0016-300x200.jpg 300w, https:\/\/estado29.mx\/wp-content\/uploads\/2024\/07\/IMG-20240710-WA0016-1024x683.jpg 1024w, https:\/\/estado29.mx\/wp-content\/uploads\/2024\/07\/IMG-20240710-WA0016-768x512.jpg 768w, https:\/\/estado29.mx\/wp-content\/uploads\/2024\/07\/IMG-20240710-WA0016-1536x1024.jpg 1536w, https:\/\/estado29.mx\/wp-content\/uploads\/2024\/07\/IMG-20240710-WA0016-750x500.jpg 750w, https:\/\/estado29.mx\/wp-content\/uploads\/2024\/07\/IMG-20240710-WA0016-1140x760.jpg 1140w\" sizes=\"auto, (max-width: 1599px) 100vw, 1599px\" \/><\/figure>","protected":false},"excerpt":{"rendered":"<p>La secretar\u00eda de Cultura de Tlaxcala, hace la invitaci\u00f3n al auditorio de En Punto, a la reci\u00e9n inaugurada exposici\u00f3n \u201cVerde y Oro\u201d, el objetivo de esta exposici\u00f3n es ofrecer a los visitantes, una oportunidad educativa para conocer m\u00e1s sobre la historia del boxeo y las tradiciones artesanales involucradas en la creaci\u00f3n de los cinturones. La [&hellip;]<\/p>\n","protected":false},"author":7,"featured_media":89692,"comment_status":"open","ping_status":"open","sticky":false,"template":"","format":"standard","meta":{"om_disable_all_campaigns":false,"_monsterinsights_skip_tracking":false,"_monsterinsights_sitenote_active":false,"_monsterinsights_sitenote_note":"","_monsterinsights_sitenote_category":0,"jnews-multi-image_gallery":[],"jnews_single_post":{"subtitle":"","format":"standard","video":"","gallery":"","source_name":"","source_url":"","via_name":"","via_url":"","override_template":"0","override":[{"template":"1","single_blog_custom":"","parallax":"1","fullscreen":"1","layout":"right-sidebar","sidebar":"default-sidebar","second_sidebar":"default-sidebar","sticky_sidebar":"1","share_position":"top","share_float_style":"share-monocrhome","show_share_counter":"1","show_view_counter":"1","show_featured":"1","show_post_meta":"1","show_post_author":"1","show_post_author_image":"1","show_post_date":"1","post_date_format":"default","post_date_format_custom":"Y\/m\/d","show_post_category":"1","show_post_reading_time":"0","post_reading_time_wpm":"300","show_zoom_button":"0","zoom_button_out_step":"2","zoom_button_in_step":"3","show_post_tag":"1","show_prev_next_post":"1","show_popup_post":"1","number_popup_post":"1","show_author_box":"1","show_post_related":"0","show_inline_post_related":"0"}],"override_image_size":"0","image_override":[{"single_post_thumbnail_size":"crop-500","single_post_gallery_size":"crop-500"}],"trending_post":"0","trending_post_position":"meta","trending_post_label":"Trending","sponsored_post":"0","sponsored_post_label":"Sponsored by","sponsored_post_name":"","sponsored_post_url":"","sponsored_post_logo_enable":"0","sponsored_post_logo":"","sponsored_post_desc":"","disable_ad":"0"},"jnews_primary_category":{"id":""},"footnotes":""},"categories":[1],"tags":[],"class_list":["post-89691","post","type-post","status-publish","format-standard","has-post-thumbnail","hentry","category-uncategorized"],"aioseo_notices":[],"_links":{"self":[{"href":"https:\/\/estado29.mx\/index.php?rest_route=\/wp\/v2\/posts\/89691","targetHints":{"allow":["GET"]}}],"collection":[{"href":"https:\/\/estado29.mx\/index.php?rest_route=\/wp\/v2\/posts"}],"about":[{"href":"https:\/\/estado29.mx\/index.php?rest_route=\/wp\/v2\/types\/post"}],"author":[{"embeddable":true,"href":"https:\/\/estado29.mx\/index.php?rest_route=\/wp\/v2\/users\/7"}],"replies":[{"embeddable":true,"href":"https:\/\/estado29.mx\/index.php?rest_route=%2Fwp%2Fv2%2Fcomments&post=89691"}],"version-history":[{"count":1,"href":"https:\/\/estado29.mx\/index.php?rest_route=\/wp\/v2\/posts\/89691\/revisions"}],"predecessor-version":[{"id":89693,"href":"https:\/\/estado29.mx\/index.php?rest_route=\/wp\/v2\/posts\/89691\/revisions\/89693"}],"wp:featuredmedia":[{"embeddable":true,"href":"https:\/\/estado29.mx\/index.php?rest_route=\/wp\/v2\/media\/89692"}],"wp:attachment":[{"href":"https:\/\/estado29.mx\/index.php?rest_route=%2Fwp%2Fv2%2Fmedia&parent=89691"}],"wp:term":[{"taxonomy":"category","embeddable":true,"href":"https:\/\/estado29.mx\/index.php?rest_route=%2Fwp%2Fv2%2Fcategories&post=89691"},{"taxonomy":"post_tag","embeddable":true,"href":"https:\/\/estado29.mx\/index.php?rest_route=%2Fwp%2Fv2%2Ftags&post=89691"}],"curies":[{"name":"wp","href":"https:\/\/api.w.org\/{rel}","templated":true}]}}