{"id":89694,"date":"2024-07-17T19:00:38","date_gmt":"2024-07-17T19:00:38","guid":{"rendered":"https:\/\/estado29.mx\/?p=89694"},"modified":"2024-07-17T19:00:38","modified_gmt":"2024-07-17T19:00:38","slug":"invita-secretaria-de-cultura-de-tlaxcala-a-la-inauguracion-de-la-exposicion-ojos-con-los-que-suena-el-color","status":"publish","type":"post","link":"https:\/\/estado29.mx\/?p=89694","title":{"rendered":"Invita Secretar\u00eda de Cultura de Tlaxcala a la inauguraci\u00f3n de la exposici\u00f3n Ojos con los que sue\u00f1a el color&#8221;."},"content":{"rendered":"\n<p>La Secretar\u00eda de Cultura de Tlaxcala, encabezada por Antonio Mart\u00ednez Vel\u00e1zquez, hace la invitaci\u00f3n al p\u00fablico en general, a la inauguraci\u00f3n de la Exposici\u00f3n &#8220;Ojos con los que sue\u00f1a el color&#8221; medio siglo de la pl\u00e1stica de Antonio Delmar.<\/p>\n\n\n\n<p><br>Dicha inauguraci\u00f3n, se llevar\u00e1 a cabo el pr\u00f3ximo jueves 18 de julio, a las cinco de la tarde, en el Museo de Arte de Tlaxcala, ubicado en Plaza de la Constituci\u00f3n, n\u00famero 21, en la zona centro de la entidad tlaxcalteca.<\/p>\n\n\n\n<p><br>El acceso a la exposici\u00f3n \u201dOjos con los que sue\u00f1a el color\u201d es libre y no tiene l\u00edmite de cupo.<\/p>\n\n\n<figure class=\"wp-block-post-featured-image\"><img loading=\"lazy\" decoding=\"async\" width=\"720\" height=\"720\" src=\"https:\/\/estado29.mx\/wp-content\/uploads\/2024\/07\/FB_IMG_1721242777760.jpg\" class=\"attachment-post-thumbnail size-post-thumbnail wp-post-image\" alt=\"\" style=\"object-fit:cover;\" srcset=\"https:\/\/estado29.mx\/wp-content\/uploads\/2024\/07\/FB_IMG_1721242777760.jpg 720w, https:\/\/estado29.mx\/wp-content\/uploads\/2024\/07\/FB_IMG_1721242777760-300x300.jpg 300w, https:\/\/estado29.mx\/wp-content\/uploads\/2024\/07\/FB_IMG_1721242777760-150x150.jpg 150w, https:\/\/estado29.mx\/wp-content\/uploads\/2024\/07\/FB_IMG_1721242777760-75x75.jpg 75w, https:\/\/estado29.mx\/wp-content\/uploads\/2024\/07\/FB_IMG_1721242777760-350x350.jpg 350w\" sizes=\"auto, (max-width: 720px) 100vw, 720px\" \/><\/figure>","protected":false},"excerpt":{"rendered":"<p>La Secretar\u00eda de Cultura de Tlaxcala, encabezada por Antonio Mart\u00ednez Vel\u00e1zquez, hace la invitaci\u00f3n al p\u00fablico en general, a la inauguraci\u00f3n de la Exposici\u00f3n &#8220;Ojos con los que sue\u00f1a el color&#8221; medio siglo de la pl\u00e1stica de Antonio Delmar. Dicha inauguraci\u00f3n, se llevar\u00e1 a cabo el pr\u00f3ximo jueves 18 de julio, a las cinco de [&hellip;]<\/p>\n","protected":false},"author":7,"featured_media":89695,"comment_status":"open","ping_status":"open","sticky":false,"template":"","format":"standard","meta":{"om_disable_all_campaigns":false,"_monsterinsights_skip_tracking":false,"_monsterinsights_sitenote_active":false,"_monsterinsights_sitenote_note":"","_monsterinsights_sitenote_category":0,"jnews-multi-image_gallery":[],"jnews_single_post":{"subtitle":"","format":"standard","video":"","gallery":"","source_name":"","source_url":"","via_name":"","via_url":"","override_template":"0","override":[{"template":"1","single_blog_custom":"","parallax":"1","fullscreen":"1","layout":"right-sidebar","sidebar":"default-sidebar","second_sidebar":"default-sidebar","sticky_sidebar":"1","share_position":"top","share_float_style":"share-monocrhome","show_share_counter":"1","show_view_counter":"1","show_featured":"1","show_post_meta":"1","show_post_author":"1","show_post_author_image":"1","show_post_date":"1","post_date_format":"default","post_date_format_custom":"Y\/m\/d","show_post_category":"1","show_post_reading_time":"0","post_reading_time_wpm":"300","show_zoom_button":"0","zoom_button_out_step":"2","zoom_button_in_step":"3","show_post_tag":"1","show_prev_next_post":"1","show_popup_post":"1","number_popup_post":"1","show_author_box":"1","show_post_related":"0","show_inline_post_related":"0"}],"override_image_size":"0","image_override":[{"single_post_thumbnail_size":"crop-500","single_post_gallery_size":"crop-500"}],"trending_post":"0","trending_post_position":"meta","trending_post_label":"Trending","sponsored_post":"0","sponsored_post_label":"Sponsored by","sponsored_post_name":"","sponsored_post_url":"","sponsored_post_logo_enable":"0","sponsored_post_logo":"","sponsored_post_desc":"","disable_ad":"0"},"jnews_primary_category":{"id":""},"footnotes":""},"categories":[1],"tags":[],"class_list":["post-89694","post","type-post","status-publish","format-standard","has-post-thumbnail","hentry","category-uncategorized"],"aioseo_notices":[],"_links":{"self":[{"href":"https:\/\/estado29.mx\/index.php?rest_route=\/wp\/v2\/posts\/89694","targetHints":{"allow":["GET"]}}],"collection":[{"href":"https:\/\/estado29.mx\/index.php?rest_route=\/wp\/v2\/posts"}],"about":[{"href":"https:\/\/estado29.mx\/index.php?rest_route=\/wp\/v2\/types\/post"}],"author":[{"embeddable":true,"href":"https:\/\/estado29.mx\/index.php?rest_route=\/wp\/v2\/users\/7"}],"replies":[{"embeddable":true,"href":"https:\/\/estado29.mx\/index.php?rest_route=%2Fwp%2Fv2%2Fcomments&post=89694"}],"version-history":[{"count":1,"href":"https:\/\/estado29.mx\/index.php?rest_route=\/wp\/v2\/posts\/89694\/revisions"}],"predecessor-version":[{"id":89696,"href":"https:\/\/estado29.mx\/index.php?rest_route=\/wp\/v2\/posts\/89694\/revisions\/89696"}],"wp:featuredmedia":[{"embeddable":true,"href":"https:\/\/estado29.mx\/index.php?rest_route=\/wp\/v2\/media\/89695"}],"wp:attachment":[{"href":"https:\/\/estado29.mx\/index.php?rest_route=%2Fwp%2Fv2%2Fmedia&parent=89694"}],"wp:term":[{"taxonomy":"category","embeddable":true,"href":"https:\/\/estado29.mx\/index.php?rest_route=%2Fwp%2Fv2%2Fcategories&post=89694"},{"taxonomy":"post_tag","embeddable":true,"href":"https:\/\/estado29.mx\/index.php?rest_route=%2Fwp%2Fv2%2Ftags&post=89694"}],"curies":[{"name":"wp","href":"https:\/\/api.w.org\/{rel}","templated":true}]}}