{"id":89701,"date":"2024-07-22T18:44:09","date_gmt":"2024-07-22T18:44:09","guid":{"rendered":"https:\/\/estado29.mx\/?p=89701"},"modified":"2024-07-22T18:44:09","modified_gmt":"2024-07-22T18:44:09","slug":"participara-jurisdiccion-sanitaria-ii-huamantla-en-jornada-nacional-de-salud-publica","status":"publish","type":"post","link":"https:\/\/estado29.mx\/?p=89701","title":{"rendered":"Participar\u00e1 Jurisdicci\u00f3n Sanitaria II Huamantla en Jornada Nacional de Salud P\u00fablica."},"content":{"rendered":"\n<p>La Jurisdicci\u00f3n Sanitaria II Huamantla, comparti\u00f3 para este espacio informativo, de qu\u00e9 manera participar\u00e1 en la Jornada Nacional de Salud P\u00fablica.<\/p>\n\n\n\n<p><br>Esta Jornada Nacional de Salud P\u00fablica, se llevar\u00e1 a cabo del 12 al 23 de agosto, en la que se reforzar\u00e1n acciones de prevenci\u00f3n y promoci\u00f3n a la salud en todos los centros de salud que comprenden esta Jurisdicci\u00f3n.<\/p>\n\n\n\n<p><br>Los servicios que se brindar\u00e1n a la ciudadan\u00eda en general son: vacunaci\u00f3n, salud bucal, alimentaci\u00f3n saludable, medici\u00f3n de presi\u00f3n arterial, glucosa, triglic\u00e9ridos y colesterol para prevenci\u00f3n de enfermedades cardio-metab\u00f3licas, salud mental, activaci\u00f3n f\u00edsica, as\u00ed como pruebas para detecci\u00f3n de VIH o Virus de Hepatitis C (VHC).<\/p>\n\n\n\n<p><br>Es por ello que la Jurisdicci\u00f3n Sanitaria II Huamantla, invita al auditorio de En Punto a estar pendiente de las fechas en que se desarrollar\u00e1 esta jornada, para acudir a su centro de salud m\u00e1s cercano y recibir la atenci\u00f3n correspondiente.<\/p>\n\n\n<figure class=\"wp-block-post-featured-image\"><img loading=\"lazy\" decoding=\"async\" width=\"2560\" height=\"1920\" src=\"https:\/\/estado29.mx\/wp-content\/uploads\/2024\/03\/IMG_20240305_111240-min-scaled.jpg\" class=\"attachment-post-thumbnail size-post-thumbnail wp-post-image\" alt=\"\" style=\"object-fit:cover;\" srcset=\"https:\/\/estado29.mx\/wp-content\/uploads\/2024\/03\/IMG_20240305_111240-min-scaled.jpg 2560w, https:\/\/estado29.mx\/wp-content\/uploads\/2024\/03\/IMG_20240305_111240-min-300x225.jpg 300w, https:\/\/estado29.mx\/wp-content\/uploads\/2024\/03\/IMG_20240305_111240-min-1024x768.jpg 1024w, https:\/\/estado29.mx\/wp-content\/uploads\/2024\/03\/IMG_20240305_111240-min-768x576.jpg 768w, https:\/\/estado29.mx\/wp-content\/uploads\/2024\/03\/IMG_20240305_111240-min-1536x1152.jpg 1536w, https:\/\/estado29.mx\/wp-content\/uploads\/2024\/03\/IMG_20240305_111240-min-2048x1536.jpg 2048w, https:\/\/estado29.mx\/wp-content\/uploads\/2024\/03\/IMG_20240305_111240-min-750x563.jpg 750w, https:\/\/estado29.mx\/wp-content\/uploads\/2024\/03\/IMG_20240305_111240-min-1140x855.jpg 1140w\" sizes=\"auto, (max-width: 2560px) 100vw, 2560px\" \/><\/figure>","protected":false},"excerpt":{"rendered":"<p>La Jurisdicci\u00f3n Sanitaria II Huamantla, comparti\u00f3 para este espacio informativo, de qu\u00e9 manera participar\u00e1 en la Jornada Nacional de Salud P\u00fablica. Esta Jornada Nacional de Salud P\u00fablica, se llevar\u00e1 a cabo del 12 al 23 de agosto, en la que se reforzar\u00e1n acciones de prevenci\u00f3n y promoci\u00f3n a la salud en todos los centros de [&hellip;]<\/p>\n","protected":false},"author":7,"featured_media":89209,"comment_status":"open","ping_status":"open","sticky":false,"template":"","format":"standard","meta":{"om_disable_all_campaigns":false,"_monsterinsights_skip_tracking":false,"_monsterinsights_sitenote_active":false,"_monsterinsights_sitenote_note":"","_monsterinsights_sitenote_category":0,"jnews-multi-image_gallery":[],"jnews_single_post":{"subtitle":"","format":"standard","video":"","gallery":"","source_name":"","source_url":"","via_name":"","via_url":"","override_template":"0","override":[{"template":"1","single_blog_custom":"","parallax":"1","fullscreen":"1","layout":"right-sidebar","sidebar":"default-sidebar","second_sidebar":"default-sidebar","sticky_sidebar":"1","share_position":"top","share_float_style":"share-monocrhome","show_share_counter":"1","show_view_counter":"1","show_featured":"1","show_post_meta":"1","show_post_author":"1","show_post_author_image":"1","show_post_date":"1","post_date_format":"default","post_date_format_custom":"Y\/m\/d","show_post_category":"1","show_post_reading_time":"0","post_reading_time_wpm":"300","show_zoom_button":"0","zoom_button_out_step":"2","zoom_button_in_step":"3","show_post_tag":"1","show_prev_next_post":"1","show_popup_post":"1","number_popup_post":"1","show_author_box":"1","show_post_related":"0","show_inline_post_related":"0"}],"override_image_size":"0","image_override":[{"single_post_thumbnail_size":"crop-500","single_post_gallery_size":"crop-500"}],"trending_post":"0","trending_post_position":"meta","trending_post_label":"Trending","sponsored_post":"0","sponsored_post_label":"Sponsored by","sponsored_post_name":"","sponsored_post_url":"","sponsored_post_logo_enable":"0","sponsored_post_logo":"","sponsored_post_desc":"","disable_ad":"0"},"jnews_primary_category":{"id":""},"footnotes":""},"categories":[1],"tags":[],"class_list":["post-89701","post","type-post","status-publish","format-standard","has-post-thumbnail","hentry","category-uncategorized"],"aioseo_notices":[],"_links":{"self":[{"href":"https:\/\/estado29.mx\/index.php?rest_route=\/wp\/v2\/posts\/89701","targetHints":{"allow":["GET"]}}],"collection":[{"href":"https:\/\/estado29.mx\/index.php?rest_route=\/wp\/v2\/posts"}],"about":[{"href":"https:\/\/estado29.mx\/index.php?rest_route=\/wp\/v2\/types\/post"}],"author":[{"embeddable":true,"href":"https:\/\/estado29.mx\/index.php?rest_route=\/wp\/v2\/users\/7"}],"replies":[{"embeddable":true,"href":"https:\/\/estado29.mx\/index.php?rest_route=%2Fwp%2Fv2%2Fcomments&post=89701"}],"version-history":[{"count":1,"href":"https:\/\/estado29.mx\/index.php?rest_route=\/wp\/v2\/posts\/89701\/revisions"}],"predecessor-version":[{"id":89702,"href":"https:\/\/estado29.mx\/index.php?rest_route=\/wp\/v2\/posts\/89701\/revisions\/89702"}],"wp:featuredmedia":[{"embeddable":true,"href":"https:\/\/estado29.mx\/index.php?rest_route=\/wp\/v2\/media\/89209"}],"wp:attachment":[{"href":"https:\/\/estado29.mx\/index.php?rest_route=%2Fwp%2Fv2%2Fmedia&parent=89701"}],"wp:term":[{"taxonomy":"category","embeddable":true,"href":"https:\/\/estado29.mx\/index.php?rest_route=%2Fwp%2Fv2%2Fcategories&post=89701"},{"taxonomy":"post_tag","embeddable":true,"href":"https:\/\/estado29.mx\/index.php?rest_route=%2Fwp%2Fv2%2Ftags&post=89701"}],"curies":[{"name":"wp","href":"https:\/\/api.w.org\/{rel}","templated":true}]}}