{"id":89706,"date":"2024-07-23T18:41:09","date_gmt":"2024-07-23T18:41:09","guid":{"rendered":"https:\/\/estado29.mx\/?p=89706"},"modified":"2024-07-23T18:41:09","modified_gmt":"2024-07-23T18:41:09","slug":"invita-centro-cultural-huamantla-inscribirse-a-sus-cursos-de-verano-2024","status":"publish","type":"post","link":"https:\/\/estado29.mx\/?p=89706","title":{"rendered":"Invita Centro Cultural Huamantla inscribirse a sus Cursos de Verano 2024."},"content":{"rendered":"\n<p>El Centro Cultural Huamantla, a trav\u00e9s de este espacio informativo, hace la invitaci\u00f3n a la ciudadan\u00eda en general a inscribir a sus peque\u00f1os y j\u00f3venes, a los Cursos de Verano 2024.<\/p>\n\n\n\n<p><br>Dichos cursos se llevar\u00e1n a cabo a partir de ayer lunes 22 de julio, hasta el 16 de agosto del presente a\u00f1o, en las instalaciones de dicho Centro Cultural.<\/p>\n\n\n\n<p><br>Entre los cursos que de ofrecen son: Artes Pl\u00e1sticas, Danzas Polinesias, Ritmos Latinos, Dibujo y Pintura, Piano, Guitarra, Ballet Cl\u00e1sico, Alfombrismo y K-Pop.<\/p>\n\n\n\n<p><br>Las personas interesadas en inscribir a sus hijos en alguno de estos cursos, acudir a las instalaciones del Centro Cultural Huamantla, ubicadas en Parque Ju\u00e1rez, Colonia Cetro de esta ciudad, para obtener mayor informaci\u00f3n.<\/p>\n\n\n<figure class=\"wp-block-post-featured-image\"><img loading=\"lazy\" decoding=\"async\" width=\"899\" height=\"1599\" src=\"https:\/\/estado29.mx\/wp-content\/uploads\/2024\/07\/IMG-20240722-WA0005.jpg\" class=\"attachment-post-thumbnail size-post-thumbnail wp-post-image\" alt=\"\" style=\"object-fit:cover;\" srcset=\"https:\/\/estado29.mx\/wp-content\/uploads\/2024\/07\/IMG-20240722-WA0005.jpg 899w, https:\/\/estado29.mx\/wp-content\/uploads\/2024\/07\/IMG-20240722-WA0005-169x300.jpg 169w, https:\/\/estado29.mx\/wp-content\/uploads\/2024\/07\/IMG-20240722-WA0005-576x1024.jpg 576w, https:\/\/estado29.mx\/wp-content\/uploads\/2024\/07\/IMG-20240722-WA0005-768x1366.jpg 768w, https:\/\/estado29.mx\/wp-content\/uploads\/2024\/07\/IMG-20240722-WA0005-864x1536.jpg 864w, https:\/\/estado29.mx\/wp-content\/uploads\/2024\/07\/IMG-20240722-WA0005-750x1334.jpg 750w\" sizes=\"auto, (max-width: 899px) 100vw, 899px\" \/><\/figure>","protected":false},"excerpt":{"rendered":"<p>El Centro Cultural Huamantla, a trav\u00e9s de este espacio informativo, hace la invitaci\u00f3n a la ciudadan\u00eda en general a inscribir a sus peque\u00f1os y j\u00f3venes, a los Cursos de Verano 2024. Dichos cursos se llevar\u00e1n a cabo a partir de ayer lunes 22 de julio, hasta el 16 de agosto del presente a\u00f1o, en las [&hellip;]<\/p>\n","protected":false},"author":7,"featured_media":89707,"comment_status":"open","ping_status":"open","sticky":false,"template":"","format":"standard","meta":{"om_disable_all_campaigns":false,"_monsterinsights_skip_tracking":false,"_monsterinsights_sitenote_active":false,"_monsterinsights_sitenote_note":"","_monsterinsights_sitenote_category":0,"jnews-multi-image_gallery":[],"jnews_single_post":{"subtitle":"","format":"standard","video":"","gallery":"","source_name":"","source_url":"","via_name":"","via_url":"","override_template":"0","override":[{"template":"1","single_blog_custom":"","parallax":"1","fullscreen":"1","layout":"right-sidebar","sidebar":"default-sidebar","second_sidebar":"default-sidebar","sticky_sidebar":"1","share_position":"top","share_float_style":"share-monocrhome","show_share_counter":"1","show_view_counter":"1","show_featured":"1","show_post_meta":"1","show_post_author":"1","show_post_author_image":"1","show_post_date":"1","post_date_format":"default","post_date_format_custom":"Y\/m\/d","show_post_category":"1","show_post_reading_time":"0","post_reading_time_wpm":"300","show_zoom_button":"0","zoom_button_out_step":"2","zoom_button_in_step":"3","show_post_tag":"1","show_prev_next_post":"1","show_popup_post":"1","number_popup_post":"1","show_author_box":"1","show_post_related":"0","show_inline_post_related":"0"}],"override_image_size":"0","image_override":[{"single_post_thumbnail_size":"crop-500","single_post_gallery_size":"crop-500"}],"trending_post":"0","trending_post_position":"meta","trending_post_label":"Trending","sponsored_post":"0","sponsored_post_label":"Sponsored by","sponsored_post_name":"","sponsored_post_url":"","sponsored_post_logo_enable":"0","sponsored_post_logo":"","sponsored_post_desc":"","disable_ad":"0"},"jnews_primary_category":{"id":""},"footnotes":""},"categories":[1],"tags":[],"class_list":["post-89706","post","type-post","status-publish","format-standard","has-post-thumbnail","hentry","category-uncategorized"],"aioseo_notices":[],"_links":{"self":[{"href":"https:\/\/estado29.mx\/index.php?rest_route=\/wp\/v2\/posts\/89706","targetHints":{"allow":["GET"]}}],"collection":[{"href":"https:\/\/estado29.mx\/index.php?rest_route=\/wp\/v2\/posts"}],"about":[{"href":"https:\/\/estado29.mx\/index.php?rest_route=\/wp\/v2\/types\/post"}],"author":[{"embeddable":true,"href":"https:\/\/estado29.mx\/index.php?rest_route=\/wp\/v2\/users\/7"}],"replies":[{"embeddable":true,"href":"https:\/\/estado29.mx\/index.php?rest_route=%2Fwp%2Fv2%2Fcomments&post=89706"}],"version-history":[{"count":1,"href":"https:\/\/estado29.mx\/index.php?rest_route=\/wp\/v2\/posts\/89706\/revisions"}],"predecessor-version":[{"id":89708,"href":"https:\/\/estado29.mx\/index.php?rest_route=\/wp\/v2\/posts\/89706\/revisions\/89708"}],"wp:featuredmedia":[{"embeddable":true,"href":"https:\/\/estado29.mx\/index.php?rest_route=\/wp\/v2\/media\/89707"}],"wp:attachment":[{"href":"https:\/\/estado29.mx\/index.php?rest_route=%2Fwp%2Fv2%2Fmedia&parent=89706"}],"wp:term":[{"taxonomy":"category","embeddable":true,"href":"https:\/\/estado29.mx\/index.php?rest_route=%2Fwp%2Fv2%2Fcategories&post=89706"},{"taxonomy":"post_tag","embeddable":true,"href":"https:\/\/estado29.mx\/index.php?rest_route=%2Fwp%2Fv2%2Ftags&post=89706"}],"curies":[{"name":"wp","href":"https:\/\/api.w.org\/{rel}","templated":true}]}}