{"id":89722,"date":"2024-07-26T02:18:46","date_gmt":"2024-07-26T02:18:46","guid":{"rendered":"https:\/\/estado29.mx\/?p=89722"},"modified":"2024-07-26T02:18:47","modified_gmt":"2024-07-26T02:18:47","slug":"emite-jurisdiccion-sanitaria-ii-huamantla-medidas-preventivas-ante-ola-de-contagios-de-infecciones-respiratorias-en-la-entidad-tlaxcalteca","status":"publish","type":"post","link":"https:\/\/estado29.mx\/?p=89722","title":{"rendered":"Emite Jurisdicci\u00f3n Sanitaria II Huamantla medidas preventivas ante ola de contagios de infecciones respiratorias en la entidad tlaxcalteca."},"content":{"rendered":"\n<p>Ante la ola de contagios de enfermedades respiratorias en la entidad tlaxcalteca, as\u00ed como en el territorio nacional, por el VIRUS-SARS-COV-2, la Jurisdicci\u00f3n Sanitaria II Huamantla, encabezada por el Doctor Agust\u00edn V\u00e9lez P\u00e9rez, emiti\u00f3 algunas medidas de recomendaci\u00f3n.<\/p>\n\n\n\n<p><br>Con el objetivo de evitar la propagaci\u00f3n de contagios, en la regi\u00f3n, es que hace el llamado a la ciudadan\u00eda, a evitar exponerse a los cambios bruscos de temperatura.<\/p>\n\n\n\n<p><br>Asimismo, a usar cubrebocas en espacios p\u00fablicos, instituciones de salud p\u00fablica y privada, lavarse las manos con frecuencia, cubrir nariz y boca en caso de tos o estornudo, no escupir, evitar tocarse la cara, as\u00ed como desinfectar y limpiar superficies y objetos.<\/p>\n\n\n\n<p><br>En caso de presentar alg\u00fan s\u00edntoma, acudir a su unidad de salud m\u00e1s cercana, para recibir la atenci\u00f3n correspondiente.<\/p>\n\n\n<figure class=\"wp-block-post-featured-image\"><img loading=\"lazy\" decoding=\"async\" width=\"720\" height=\"916\" src=\"https:\/\/estado29.mx\/wp-content\/uploads\/2024\/07\/Screenshot_2024-07-24-20-01-52-2002.jpg\" class=\"attachment-post-thumbnail size-post-thumbnail wp-post-image\" alt=\"\" style=\"object-fit:cover;\" srcset=\"https:\/\/estado29.mx\/wp-content\/uploads\/2024\/07\/Screenshot_2024-07-24-20-01-52-2002.jpg 720w, https:\/\/estado29.mx\/wp-content\/uploads\/2024\/07\/Screenshot_2024-07-24-20-01-52-2002-236x300.jpg 236w\" sizes=\"auto, (max-width: 720px) 100vw, 720px\" \/><\/figure>","protected":false},"excerpt":{"rendered":"<p>Ante la ola de contagios de enfermedades respiratorias en la entidad tlaxcalteca, as\u00ed como en el territorio nacional, por el VIRUS-SARS-COV-2, la Jurisdicci\u00f3n Sanitaria II Huamantla, encabezada por el Doctor Agust\u00edn V\u00e9lez P\u00e9rez, emiti\u00f3 algunas medidas de recomendaci\u00f3n. Con el objetivo de evitar la propagaci\u00f3n de contagios, en la regi\u00f3n, es que hace el llamado [&hellip;]<\/p>\n","protected":false},"author":7,"featured_media":89723,"comment_status":"open","ping_status":"open","sticky":false,"template":"","format":"standard","meta":{"om_disable_all_campaigns":false,"_monsterinsights_skip_tracking":false,"_monsterinsights_sitenote_active":false,"_monsterinsights_sitenote_note":"","_monsterinsights_sitenote_category":0,"jnews-multi-image_gallery":[],"jnews_single_post":{"subtitle":"","format":"standard","video":"","gallery":"","source_name":"","source_url":"","via_name":"","via_url":"","override_template":"0","override":[{"template":"1","single_blog_custom":"","parallax":"1","fullscreen":"1","layout":"right-sidebar","sidebar":"default-sidebar","second_sidebar":"default-sidebar","sticky_sidebar":"1","share_position":"top","share_float_style":"share-monocrhome","show_share_counter":"1","show_view_counter":"1","show_featured":"1","show_post_meta":"1","show_post_author":"1","show_post_author_image":"1","show_post_date":"1","post_date_format":"default","post_date_format_custom":"Y\/m\/d","show_post_category":"1","show_post_reading_time":"0","post_reading_time_wpm":"300","show_zoom_button":"0","zoom_button_out_step":"2","zoom_button_in_step":"3","show_post_tag":"1","show_prev_next_post":"1","show_popup_post":"1","number_popup_post":"1","show_author_box":"1","show_post_related":"0","show_inline_post_related":"0"}],"override_image_size":"0","image_override":[{"single_post_thumbnail_size":"crop-500","single_post_gallery_size":"crop-500"}],"trending_post":"0","trending_post_position":"meta","trending_post_label":"Trending","sponsored_post":"0","sponsored_post_label":"Sponsored by","sponsored_post_name":"","sponsored_post_url":"","sponsored_post_logo_enable":"0","sponsored_post_logo":"","sponsored_post_desc":"","disable_ad":"0"},"jnews_primary_category":{"id":""},"footnotes":""},"categories":[1],"tags":[],"class_list":["post-89722","post","type-post","status-publish","format-standard","has-post-thumbnail","hentry","category-uncategorized"],"aioseo_notices":[],"_links":{"self":[{"href":"https:\/\/estado29.mx\/index.php?rest_route=\/wp\/v2\/posts\/89722","targetHints":{"allow":["GET"]}}],"collection":[{"href":"https:\/\/estado29.mx\/index.php?rest_route=\/wp\/v2\/posts"}],"about":[{"href":"https:\/\/estado29.mx\/index.php?rest_route=\/wp\/v2\/types\/post"}],"author":[{"embeddable":true,"href":"https:\/\/estado29.mx\/index.php?rest_route=\/wp\/v2\/users\/7"}],"replies":[{"embeddable":true,"href":"https:\/\/estado29.mx\/index.php?rest_route=%2Fwp%2Fv2%2Fcomments&post=89722"}],"version-history":[{"count":1,"href":"https:\/\/estado29.mx\/index.php?rest_route=\/wp\/v2\/posts\/89722\/revisions"}],"predecessor-version":[{"id":89724,"href":"https:\/\/estado29.mx\/index.php?rest_route=\/wp\/v2\/posts\/89722\/revisions\/89724"}],"wp:featuredmedia":[{"embeddable":true,"href":"https:\/\/estado29.mx\/index.php?rest_route=\/wp\/v2\/media\/89723"}],"wp:attachment":[{"href":"https:\/\/estado29.mx\/index.php?rest_route=%2Fwp%2Fv2%2Fmedia&parent=89722"}],"wp:term":[{"taxonomy":"category","embeddable":true,"href":"https:\/\/estado29.mx\/index.php?rest_route=%2Fwp%2Fv2%2Fcategories&post=89722"},{"taxonomy":"post_tag","embeddable":true,"href":"https:\/\/estado29.mx\/index.php?rest_route=%2Fwp%2Fv2%2Ftags&post=89722"}],"curies":[{"name":"wp","href":"https:\/\/api.w.org\/{rel}","templated":true}]}}