{"id":89725,"date":"2024-07-26T02:22:24","date_gmt":"2024-07-26T02:22:24","guid":{"rendered":"https:\/\/estado29.mx\/?p=89725"},"modified":"2024-07-26T02:22:25","modified_gmt":"2024-07-26T02:22:25","slug":"realizan-en-huamantla-la-presentacion-del-libro-tlaxcala-en-la-aculturacion-del-mexico-colonial","status":"publish","type":"post","link":"https:\/\/estado29.mx\/?p=89725","title":{"rendered":"Realizan en Huamantla la presentaci\u00f3n del libro \u201cTlaxcala en la Aculturaci\u00f3n del M\u00e9xico Colonial\u201d."},"content":{"rendered":"\n<p>Este jueves 25 de julio del a\u00f1o en curso, se llev\u00f3 a cabo en el municipio de Humantla, la presentaci\u00f3n del libro \u201cTlaxcala en la Aculturaci\u00f3n del M\u00e9xico Colonial\u201d, de la autora Lucina M. Toulet Abasolo.<\/p>\n\n\n\n<figure class=\"wp-block-image size-large\"><img loading=\"lazy\" decoding=\"async\" width=\"1024\" height=\"768\" src=\"https:\/\/estado29.mx\/wp-content\/uploads\/2024\/07\/IMG_20240725_191638-min-1024x768.jpg\" alt=\"\" class=\"wp-image-89727\" srcset=\"https:\/\/estado29.mx\/wp-content\/uploads\/2024\/07\/IMG_20240725_191638-min-1024x768.jpg 1024w, https:\/\/estado29.mx\/wp-content\/uploads\/2024\/07\/IMG_20240725_191638-min-300x225.jpg 300w, https:\/\/estado29.mx\/wp-content\/uploads\/2024\/07\/IMG_20240725_191638-min-768x576.jpg 768w, https:\/\/estado29.mx\/wp-content\/uploads\/2024\/07\/IMG_20240725_191638-min-1536x1152.jpg 1536w, https:\/\/estado29.mx\/wp-content\/uploads\/2024\/07\/IMG_20240725_191638-min-2048x1536.jpg 2048w, https:\/\/estado29.mx\/wp-content\/uploads\/2024\/07\/IMG_20240725_191638-min-750x563.jpg 750w, https:\/\/estado29.mx\/wp-content\/uploads\/2024\/07\/IMG_20240725_191638-min-1140x855.jpg 1140w\" sizes=\"auto, (max-width: 1024px) 100vw, 1024px\" \/><\/figure>\n\n\n\n<p><br>El evento tuvo lugar en las instalaciones del Centro Cultural de esta ciudad, la autora de este libro, Lucina Toulet Abasolo, manifest\u00f3 la inquietud de la realizaci\u00f3n de este proyecto y dijo que el objetivo es que la ni\u00f1ez y juventud tlaxcalteca tengan conocimiento de la cultura, costumbres y ra\u00edces del Estado y a su vez, c\u00f3mo es que nuestros antepasados las llevaron hacia algunas partes del territorio nacional.<\/p>\n\n\n\n<p><br><\/p>\n\n\n<figure class=\"wp-block-post-featured-image\"><img loading=\"lazy\" decoding=\"async\" width=\"2560\" height=\"1920\" src=\"https:\/\/estado29.mx\/wp-content\/uploads\/2024\/07\/IMG_20240725_191829-min-scaled.jpg\" class=\"attachment-post-thumbnail size-post-thumbnail wp-post-image\" alt=\"\" style=\"object-fit:cover;\" srcset=\"https:\/\/estado29.mx\/wp-content\/uploads\/2024\/07\/IMG_20240725_191829-min-scaled.jpg 2560w, https:\/\/estado29.mx\/wp-content\/uploads\/2024\/07\/IMG_20240725_191829-min-300x225.jpg 300w, https:\/\/estado29.mx\/wp-content\/uploads\/2024\/07\/IMG_20240725_191829-min-1024x768.jpg 1024w, https:\/\/estado29.mx\/wp-content\/uploads\/2024\/07\/IMG_20240725_191829-min-768x576.jpg 768w, https:\/\/estado29.mx\/wp-content\/uploads\/2024\/07\/IMG_20240725_191829-min-1536x1152.jpg 1536w, https:\/\/estado29.mx\/wp-content\/uploads\/2024\/07\/IMG_20240725_191829-min-2048x1536.jpg 2048w, https:\/\/estado29.mx\/wp-content\/uploads\/2024\/07\/IMG_20240725_191829-min-750x563.jpg 750w, https:\/\/estado29.mx\/wp-content\/uploads\/2024\/07\/IMG_20240725_191829-min-1140x855.jpg 1140w\" sizes=\"auto, (max-width: 2560px) 100vw, 2560px\" \/><\/figure>","protected":false},"excerpt":{"rendered":"<p>Este jueves 25 de julio del a\u00f1o en curso, se llev\u00f3 a cabo en el municipio de Humantla, la presentaci\u00f3n del libro \u201cTlaxcala en la Aculturaci\u00f3n del M\u00e9xico Colonial\u201d, de la autora Lucina M. Toulet Abasolo. El evento tuvo lugar en las instalaciones del Centro Cultural de esta ciudad, la autora de este libro, Lucina [&hellip;]<\/p>\n","protected":false},"author":7,"featured_media":89726,"comment_status":"open","ping_status":"open","sticky":false,"template":"","format":"standard","meta":{"om_disable_all_campaigns":false,"_monsterinsights_skip_tracking":false,"_monsterinsights_sitenote_active":false,"_monsterinsights_sitenote_note":"","_monsterinsights_sitenote_category":0,"jnews-multi-image_gallery":[],"jnews_single_post":{"subtitle":"","format":"standard","video":"","gallery":"","source_name":"","source_url":"","via_name":"","via_url":"","override_template":"0","override":[{"template":"1","single_blog_custom":"","parallax":"1","fullscreen":"1","layout":"right-sidebar","sidebar":"default-sidebar","second_sidebar":"default-sidebar","sticky_sidebar":"1","share_position":"top","share_float_style":"share-monocrhome","show_share_counter":"1","show_view_counter":"1","show_featured":"1","show_post_meta":"1","show_post_author":"1","show_post_author_image":"1","show_post_date":"1","post_date_format":"default","post_date_format_custom":"Y\/m\/d","show_post_category":"1","show_post_reading_time":"0","post_reading_time_wpm":"300","show_zoom_button":"0","zoom_button_out_step":"2","zoom_button_in_step":"3","show_post_tag":"1","show_prev_next_post":"1","show_popup_post":"1","number_popup_post":"1","show_author_box":"1","show_post_related":"0","show_inline_post_related":"0"}],"override_image_size":"0","image_override":[{"single_post_thumbnail_size":"crop-500","single_post_gallery_size":"crop-500"}],"trending_post":"0","trending_post_position":"meta","trending_post_label":"Trending","sponsored_post":"0","sponsored_post_label":"Sponsored by","sponsored_post_name":"","sponsored_post_url":"","sponsored_post_logo_enable":"0","sponsored_post_logo":"","sponsored_post_desc":"","disable_ad":"0"},"jnews_primary_category":{"id":""},"footnotes":""},"categories":[1],"tags":[],"class_list":["post-89725","post","type-post","status-publish","format-standard","has-post-thumbnail","hentry","category-uncategorized"],"aioseo_notices":[],"_links":{"self":[{"href":"https:\/\/estado29.mx\/index.php?rest_route=\/wp\/v2\/posts\/89725","targetHints":{"allow":["GET"]}}],"collection":[{"href":"https:\/\/estado29.mx\/index.php?rest_route=\/wp\/v2\/posts"}],"about":[{"href":"https:\/\/estado29.mx\/index.php?rest_route=\/wp\/v2\/types\/post"}],"author":[{"embeddable":true,"href":"https:\/\/estado29.mx\/index.php?rest_route=\/wp\/v2\/users\/7"}],"replies":[{"embeddable":true,"href":"https:\/\/estado29.mx\/index.php?rest_route=%2Fwp%2Fv2%2Fcomments&post=89725"}],"version-history":[{"count":1,"href":"https:\/\/estado29.mx\/index.php?rest_route=\/wp\/v2\/posts\/89725\/revisions"}],"predecessor-version":[{"id":89728,"href":"https:\/\/estado29.mx\/index.php?rest_route=\/wp\/v2\/posts\/89725\/revisions\/89728"}],"wp:featuredmedia":[{"embeddable":true,"href":"https:\/\/estado29.mx\/index.php?rest_route=\/wp\/v2\/media\/89726"}],"wp:attachment":[{"href":"https:\/\/estado29.mx\/index.php?rest_route=%2Fwp%2Fv2%2Fmedia&parent=89725"}],"wp:term":[{"taxonomy":"category","embeddable":true,"href":"https:\/\/estado29.mx\/index.php?rest_route=%2Fwp%2Fv2%2Fcategories&post=89725"},{"taxonomy":"post_tag","embeddable":true,"href":"https:\/\/estado29.mx\/index.php?rest_route=%2Fwp%2Fv2%2Ftags&post=89725"}],"curies":[{"name":"wp","href":"https:\/\/api.w.org\/{rel}","templated":true}]}}