{"id":89731,"date":"2024-07-26T18:57:31","date_gmt":"2024-07-26T18:57:31","guid":{"rendered":"https:\/\/estado29.mx\/?p=89731"},"modified":"2024-07-26T18:57:32","modified_gmt":"2024-07-26T18:57:32","slug":"realizara-tlaxcala-su-primer-festival-de-hongos-comestibles","status":"publish","type":"post","link":"https:\/\/estado29.mx\/?p=89731","title":{"rendered":"Realizar\u00e1 Tlaxcala su Primer Festival de Hongos Comestibles."},"content":{"rendered":"\n<p>La Secretaria de Cultura de Tlaxcala, encabezada por Antonio Mart\u00ednez Vel\u00e1zquez, el Programa de Apoyo a las Culturas Municipales y Comunitarias (PACMYC), en colaboraci\u00f3n con el municipio de Teolocholco y el colectivo Tetl Nanacatl anunci\u00f3 que se llevar\u00e1 a cabo el Primer Festival de Hongos Comestibles.<\/p>\n\n\n\n<figure class=\"wp-block-image size-large\"><img loading=\"lazy\" decoding=\"async\" width=\"1024\" height=\"683\" src=\"https:\/\/estado29.mx\/wp-content\/uploads\/2024\/07\/IMG-20240724-WA0010-1024x683.jpg\" alt=\"\" class=\"wp-image-89733\" srcset=\"https:\/\/estado29.mx\/wp-content\/uploads\/2024\/07\/IMG-20240724-WA0010-1024x683.jpg 1024w, https:\/\/estado29.mx\/wp-content\/uploads\/2024\/07\/IMG-20240724-WA0010-300x200.jpg 300w, https:\/\/estado29.mx\/wp-content\/uploads\/2024\/07\/IMG-20240724-WA0010-768x512.jpg 768w, https:\/\/estado29.mx\/wp-content\/uploads\/2024\/07\/IMG-20240724-WA0010-750x500.jpg 750w, https:\/\/estado29.mx\/wp-content\/uploads\/2024\/07\/IMG-20240724-WA0010.jpg 1080w\" sizes=\"auto, (max-width: 1024px) 100vw, 1024px\" \/><\/figure>\n\n\n\n<p><br>El festival, que se llevar\u00e1 a cabo el s\u00e1bado 17 de agosto en la explanada del parque municipal de Teolocholco, por medio de este evento, se ofrecer\u00e1 a los visitantes la oportunidad de explorar el mundo de los hongos comestibles y aprender sobre su importancia como fuente de alimento en las comunidades ind\u00edgenas locales.<\/p>\n\n\n\n<p><br>El horario del desarrollo de este evento, est\u00e1 programado a partir de las 11 de la ma\u00f1ana a las cuatro de la tarde de este d\u00eda.<\/p>\n\n\n\n<figure class=\"wp-block-image size-large\"><img loading=\"lazy\" decoding=\"async\" width=\"1024\" height=\"683\" src=\"https:\/\/estado29.mx\/wp-content\/uploads\/2024\/07\/IMG-20240724-WA0007-1024x683.jpg\" alt=\"\" class=\"wp-image-89734\" srcset=\"https:\/\/estado29.mx\/wp-content\/uploads\/2024\/07\/IMG-20240724-WA0007-1024x683.jpg 1024w, https:\/\/estado29.mx\/wp-content\/uploads\/2024\/07\/IMG-20240724-WA0007-300x200.jpg 300w, https:\/\/estado29.mx\/wp-content\/uploads\/2024\/07\/IMG-20240724-WA0007-768x512.jpg 768w, https:\/\/estado29.mx\/wp-content\/uploads\/2024\/07\/IMG-20240724-WA0007-750x500.jpg 750w, https:\/\/estado29.mx\/wp-content\/uploads\/2024\/07\/IMG-20240724-WA0007.jpg 1080w\" sizes=\"auto, (max-width: 1024px) 100vw, 1024px\" \/><\/figure>\n\n\n\n<p><br>Como parte de la programaci\u00f3n que se tiene preparada, destaca la presentaci\u00f3n de un cortometraje documental y un recetario impreso, ambos resultados del proyecto &#8220;Recetario de memorias&#8221;, a trav\u00e9s de estas producciones, se proyectar\u00e1 una mirada profunda de las tradiciones y conocimientos ancestrales sobre los hongos en la regi\u00f3n de Teolocholco, as\u00ed como la herencia cultural de sus comunidades ind\u00edgenas.<\/p>\n\n\n\n<p><br>De igual forma, el festival contar\u00e1 con una variedad de talleres art\u00edsticos, conversatorios y un foro de artes vivas, donde los asistentes podr\u00e1n participar activamente y aprender de expertos en la materia.<\/p>\n\n\n<figure class=\"wp-block-post-featured-image\"><img loading=\"lazy\" decoding=\"async\" width=\"640\" height=\"960\" src=\"https:\/\/estado29.mx\/wp-content\/uploads\/2024\/07\/IMG-20240724-WA0008.jpg\" class=\"attachment-post-thumbnail size-post-thumbnail wp-post-image\" alt=\"\" style=\"object-fit:cover;\" srcset=\"https:\/\/estado29.mx\/wp-content\/uploads\/2024\/07\/IMG-20240724-WA0008.jpg 640w, https:\/\/estado29.mx\/wp-content\/uploads\/2024\/07\/IMG-20240724-WA0008-200x300.jpg 200w\" sizes=\"auto, (max-width: 640px) 100vw, 640px\" \/><\/figure>","protected":false},"excerpt":{"rendered":"<p>La Secretaria de Cultura de Tlaxcala, encabezada por Antonio Mart\u00ednez Vel\u00e1zquez, el Programa de Apoyo a las Culturas Municipales y Comunitarias (PACMYC), en colaboraci\u00f3n con el municipio de Teolocholco y el colectivo Tetl Nanacatl anunci\u00f3 que se llevar\u00e1 a cabo el Primer Festival de Hongos Comestibles. El festival, que se llevar\u00e1 a cabo el s\u00e1bado [&hellip;]<\/p>\n","protected":false},"author":7,"featured_media":89732,"comment_status":"open","ping_status":"open","sticky":false,"template":"","format":"standard","meta":{"om_disable_all_campaigns":false,"_monsterinsights_skip_tracking":false,"_monsterinsights_sitenote_active":false,"_monsterinsights_sitenote_note":"","_monsterinsights_sitenote_category":0,"jnews-multi-image_gallery":[],"jnews_single_post":{"subtitle":"","format":"standard","video":"","gallery":"","source_name":"","source_url":"","via_name":"","via_url":"","override_template":"0","override":[{"template":"1","single_blog_custom":"","parallax":"1","fullscreen":"1","layout":"right-sidebar","sidebar":"default-sidebar","second_sidebar":"default-sidebar","sticky_sidebar":"1","share_position":"top","share_float_style":"share-monocrhome","show_share_counter":"1","show_view_counter":"1","show_featured":"1","show_post_meta":"1","show_post_author":"1","show_post_author_image":"1","show_post_date":"1","post_date_format":"default","post_date_format_custom":"Y\/m\/d","show_post_category":"1","show_post_reading_time":"0","post_reading_time_wpm":"300","show_zoom_button":"0","zoom_button_out_step":"2","zoom_button_in_step":"3","show_post_tag":"1","show_prev_next_post":"1","show_popup_post":"1","number_popup_post":"1","show_author_box":"1","show_post_related":"0","show_inline_post_related":"0"}],"override_image_size":"0","image_override":[{"single_post_thumbnail_size":"crop-500","single_post_gallery_size":"crop-500"}],"trending_post":"0","trending_post_position":"meta","trending_post_label":"Trending","sponsored_post":"0","sponsored_post_label":"Sponsored by","sponsored_post_name":"","sponsored_post_url":"","sponsored_post_logo_enable":"0","sponsored_post_logo":"","sponsored_post_desc":"","disable_ad":"0"},"jnews_primary_category":{"id":""},"footnotes":""},"categories":[1],"tags":[],"class_list":["post-89731","post","type-post","status-publish","format-standard","has-post-thumbnail","hentry","category-uncategorized"],"aioseo_notices":[],"_links":{"self":[{"href":"https:\/\/estado29.mx\/index.php?rest_route=\/wp\/v2\/posts\/89731","targetHints":{"allow":["GET"]}}],"collection":[{"href":"https:\/\/estado29.mx\/index.php?rest_route=\/wp\/v2\/posts"}],"about":[{"href":"https:\/\/estado29.mx\/index.php?rest_route=\/wp\/v2\/types\/post"}],"author":[{"embeddable":true,"href":"https:\/\/estado29.mx\/index.php?rest_route=\/wp\/v2\/users\/7"}],"replies":[{"embeddable":true,"href":"https:\/\/estado29.mx\/index.php?rest_route=%2Fwp%2Fv2%2Fcomments&post=89731"}],"version-history":[{"count":1,"href":"https:\/\/estado29.mx\/index.php?rest_route=\/wp\/v2\/posts\/89731\/revisions"}],"predecessor-version":[{"id":89735,"href":"https:\/\/estado29.mx\/index.php?rest_route=\/wp\/v2\/posts\/89731\/revisions\/89735"}],"wp:featuredmedia":[{"embeddable":true,"href":"https:\/\/estado29.mx\/index.php?rest_route=\/wp\/v2\/media\/89732"}],"wp:attachment":[{"href":"https:\/\/estado29.mx\/index.php?rest_route=%2Fwp%2Fv2%2Fmedia&parent=89731"}],"wp:term":[{"taxonomy":"category","embeddable":true,"href":"https:\/\/estado29.mx\/index.php?rest_route=%2Fwp%2Fv2%2Fcategories&post=89731"},{"taxonomy":"post_tag","embeddable":true,"href":"https:\/\/estado29.mx\/index.php?rest_route=%2Fwp%2Fv2%2Ftags&post=89731"}],"curies":[{"name":"wp","href":"https:\/\/api.w.org\/{rel}","templated":true}]}}