{"id":89739,"date":"2024-07-27T02:50:01","date_gmt":"2024-07-27T02:50:01","guid":{"rendered":"https:\/\/estado29.mx\/?p=89739"},"modified":"2024-07-27T02:50:01","modified_gmt":"2024-07-27T02:50:01","slug":"celebran-en-huamantla-homenaje-postumo-al-maestro-humberto-lima-lima","status":"publish","type":"post","link":"https:\/\/estado29.mx\/?p=89739","title":{"rendered":"Celebran en Huamantla Homenaje P\u00f3stumo al Maestro Humberto Lima Lima."},"content":{"rendered":"\n<p>Este viernes 26 de julio del a\u00f1o en curso, se llev\u00f3 a cabo un homenaje P\u00f3stumo al maestro huamantleco Huberto Lima Lima.<\/p>\n\n\n\n<figure class=\"wp-block-image size-large\"><img loading=\"lazy\" decoding=\"async\" width=\"1024\" height=\"768\" src=\"https:\/\/estado29.mx\/wp-content\/uploads\/2024\/07\/IMG_20240726_182740-min-1024x768.jpg\" alt=\"\" class=\"wp-image-89741\" srcset=\"https:\/\/estado29.mx\/wp-content\/uploads\/2024\/07\/IMG_20240726_182740-min-1024x768.jpg 1024w, https:\/\/estado29.mx\/wp-content\/uploads\/2024\/07\/IMG_20240726_182740-min-300x225.jpg 300w, https:\/\/estado29.mx\/wp-content\/uploads\/2024\/07\/IMG_20240726_182740-min-768x576.jpg 768w, https:\/\/estado29.mx\/wp-content\/uploads\/2024\/07\/IMG_20240726_182740-min-1536x1152.jpg 1536w, https:\/\/estado29.mx\/wp-content\/uploads\/2024\/07\/IMG_20240726_182740-min-2048x1536.jpg 2048w, https:\/\/estado29.mx\/wp-content\/uploads\/2024\/07\/IMG_20240726_182740-min-750x563.jpg 750w, https:\/\/estado29.mx\/wp-content\/uploads\/2024\/07\/IMG_20240726_182740-min-1140x855.jpg 1140w\" sizes=\"auto, (max-width: 1024px) 100vw, 1024px\" \/><\/figure>\n\n\n\n<p><br>Este homenaje, se realiz\u00f3 en las instalaciones del Centro Cultural Huamantla, ante la presencia de familiares y amigos quienes lo recordaron entre llanto, aplausos y risas, compartiendo an\u00e9cdotas de vivencias al lado de este destacado caricaturista, artista pl\u00e1stico, promotor y fundador de diversos Centros Culturales en la entidad tlaxcalteca, pero sobre todo, un gran ser humano.<\/p>\n\n\n\n<figure class=\"wp-block-image size-large\"><img loading=\"lazy\" decoding=\"async\" width=\"1024\" height=\"768\" src=\"https:\/\/estado29.mx\/wp-content\/uploads\/2024\/07\/IMG_20240726_183817-min-1024x768.jpg\" alt=\"\" class=\"wp-image-89742\" srcset=\"https:\/\/estado29.mx\/wp-content\/uploads\/2024\/07\/IMG_20240726_183817-min-1024x768.jpg 1024w, https:\/\/estado29.mx\/wp-content\/uploads\/2024\/07\/IMG_20240726_183817-min-300x225.jpg 300w, https:\/\/estado29.mx\/wp-content\/uploads\/2024\/07\/IMG_20240726_183817-min-768x576.jpg 768w, https:\/\/estado29.mx\/wp-content\/uploads\/2024\/07\/IMG_20240726_183817-min-1536x1152.jpg 1536w, https:\/\/estado29.mx\/wp-content\/uploads\/2024\/07\/IMG_20240726_183817-min-2048x1536.jpg 2048w, https:\/\/estado29.mx\/wp-content\/uploads\/2024\/07\/IMG_20240726_183817-min-750x563.jpg 750w, https:\/\/estado29.mx\/wp-content\/uploads\/2024\/07\/IMG_20240726_183817-min-1140x855.jpg 1140w\" sizes=\"auto, (max-width: 1024px) 100vw, 1024px\" \/><\/figure>\n\n\n\n<p><br>Juan Carlos Ramos Mora, en representaci\u00f3n del Secretario de Cultura en Tlaxcala, Antonio Mart\u00ednez Vel\u00e1zquez, reconoci\u00f3 la fuerza y temple de Huberto Lima en los diversos trabajos que desempe\u00f1\u00f3.<\/p>\n\n\n<figure class=\"wp-block-post-featured-image\"><img loading=\"lazy\" decoding=\"async\" width=\"2194\" height=\"2560\" src=\"https:\/\/estado29.mx\/wp-content\/uploads\/2024\/07\/IMG_20240726_1805362-min-scaled.jpg\" class=\"attachment-post-thumbnail size-post-thumbnail wp-post-image\" alt=\"\" style=\"object-fit:cover;\" srcset=\"https:\/\/estado29.mx\/wp-content\/uploads\/2024\/07\/IMG_20240726_1805362-min-scaled.jpg 2194w, https:\/\/estado29.mx\/wp-content\/uploads\/2024\/07\/IMG_20240726_1805362-min-257x300.jpg 257w, https:\/\/estado29.mx\/wp-content\/uploads\/2024\/07\/IMG_20240726_1805362-min-878x1024.jpg 878w, https:\/\/estado29.mx\/wp-content\/uploads\/2024\/07\/IMG_20240726_1805362-min-768x896.jpg 768w, https:\/\/estado29.mx\/wp-content\/uploads\/2024\/07\/IMG_20240726_1805362-min-1317x1536.jpg 1317w, https:\/\/estado29.mx\/wp-content\/uploads\/2024\/07\/IMG_20240726_1805362-min-1755x2048.jpg 1755w, https:\/\/estado29.mx\/wp-content\/uploads\/2024\/07\/IMG_20240726_1805362-min-750x875.jpg 750w, https:\/\/estado29.mx\/wp-content\/uploads\/2024\/07\/IMG_20240726_1805362-min-1140x1330.jpg 1140w\" sizes=\"auto, (max-width: 2194px) 100vw, 2194px\" \/><\/figure>\n\n\n<p><br>Por otra parte, Adriana Lima Esparragosa, hija de Huberto Lima, extern\u00f3 su agradecimiento por este homenaje.<\/p>\n","protected":false},"excerpt":{"rendered":"<p>Este viernes 26 de julio del a\u00f1o en curso, se llev\u00f3 a cabo un homenaje P\u00f3stumo al maestro huamantleco Huberto Lima Lima. Este homenaje, se realiz\u00f3 en las instalaciones del Centro Cultural Huamantla, ante la presencia de familiares y amigos quienes lo recordaron entre llanto, aplausos y risas, compartiendo an\u00e9cdotas de vivencias al lado de [&hellip;]<\/p>\n","protected":false},"author":7,"featured_media":89740,"comment_status":"open","ping_status":"open","sticky":false,"template":"","format":"standard","meta":{"om_disable_all_campaigns":false,"_monsterinsights_skip_tracking":false,"_monsterinsights_sitenote_active":false,"_monsterinsights_sitenote_note":"","_monsterinsights_sitenote_category":0,"jnews-multi-image_gallery":[],"jnews_single_post":{"subtitle":"","format":"standard","video":"","gallery":"","source_name":"","source_url":"","via_name":"","via_url":"","override_template":"0","override":[{"template":"1","single_blog_custom":"","parallax":"1","fullscreen":"1","layout":"right-sidebar","sidebar":"default-sidebar","second_sidebar":"default-sidebar","sticky_sidebar":"1","share_position":"top","share_float_style":"share-monocrhome","show_share_counter":"1","show_view_counter":"1","show_featured":"1","show_post_meta":"1","show_post_author":"1","show_post_author_image":"1","show_post_date":"1","post_date_format":"default","post_date_format_custom":"Y\/m\/d","show_post_category":"1","show_post_reading_time":"0","post_reading_time_wpm":"300","show_zoom_button":"0","zoom_button_out_step":"2","zoom_button_in_step":"3","show_post_tag":"1","show_prev_next_post":"1","show_popup_post":"1","number_popup_post":"1","show_author_box":"1","show_post_related":"0","show_inline_post_related":"0"}],"override_image_size":"0","image_override":[{"single_post_thumbnail_size":"crop-500","single_post_gallery_size":"crop-500"}],"trending_post":"0","trending_post_position":"meta","trending_post_label":"Trending","sponsored_post":"0","sponsored_post_label":"Sponsored by","sponsored_post_name":"","sponsored_post_url":"","sponsored_post_logo_enable":"0","sponsored_post_logo":"","sponsored_post_desc":"","disable_ad":"0"},"jnews_primary_category":{"id":""},"footnotes":""},"categories":[1],"tags":[],"class_list":["post-89739","post","type-post","status-publish","format-standard","has-post-thumbnail","hentry","category-uncategorized"],"aioseo_notices":[],"_links":{"self":[{"href":"https:\/\/estado29.mx\/index.php?rest_route=\/wp\/v2\/posts\/89739","targetHints":{"allow":["GET"]}}],"collection":[{"href":"https:\/\/estado29.mx\/index.php?rest_route=\/wp\/v2\/posts"}],"about":[{"href":"https:\/\/estado29.mx\/index.php?rest_route=\/wp\/v2\/types\/post"}],"author":[{"embeddable":true,"href":"https:\/\/estado29.mx\/index.php?rest_route=\/wp\/v2\/users\/7"}],"replies":[{"embeddable":true,"href":"https:\/\/estado29.mx\/index.php?rest_route=%2Fwp%2Fv2%2Fcomments&post=89739"}],"version-history":[{"count":1,"href":"https:\/\/estado29.mx\/index.php?rest_route=\/wp\/v2\/posts\/89739\/revisions"}],"predecessor-version":[{"id":89743,"href":"https:\/\/estado29.mx\/index.php?rest_route=\/wp\/v2\/posts\/89739\/revisions\/89743"}],"wp:featuredmedia":[{"embeddable":true,"href":"https:\/\/estado29.mx\/index.php?rest_route=\/wp\/v2\/media\/89740"}],"wp:attachment":[{"href":"https:\/\/estado29.mx\/index.php?rest_route=%2Fwp%2Fv2%2Fmedia&parent=89739"}],"wp:term":[{"taxonomy":"category","embeddable":true,"href":"https:\/\/estado29.mx\/index.php?rest_route=%2Fwp%2Fv2%2Fcategories&post=89739"},{"taxonomy":"post_tag","embeddable":true,"href":"https:\/\/estado29.mx\/index.php?rest_route=%2Fwp%2Fv2%2Ftags&post=89739"}],"curies":[{"name":"wp","href":"https:\/\/api.w.org\/{rel}","templated":true}]}}