{"id":89758,"date":"2024-07-31T21:28:23","date_gmt":"2024-07-31T21:28:23","guid":{"rendered":"https:\/\/estado29.mx\/?p=89758"},"modified":"2024-07-31T21:28:24","modified_gmt":"2024-07-31T21:28:24","slug":"inicia-feria-huamantla-2024-edicion-150-con-tradicional-repique-de-campanas-y-quema-de-salva-de-cohetes","status":"publish","type":"post","link":"https:\/\/estado29.mx\/?p=89758","title":{"rendered":"Inicia Feria Huamantla 2024 edici\u00f3n 150 con tradicional Repique de Campanas y quema de salva de cohetes."},"content":{"rendered":"\n<p>Hoy mi\u00e9rcoles 31 de julio del a\u00f1o en curso, con el traeicional repique de campanas, quema de salva de cohetes as\u00ed como de globos de cantolla , es como dieron inicio las actividades religiosas como parte de la Feria del Arte Ef\u00edmero y la Dalia, Huamantla 2024, en su edici\u00f3n n\u00famero 150, en honor a Nuestra Se\u00f1ora de la Caridad.<\/p>\n\n\n\n<figure class=\"wp-block-image size-large\"><img loading=\"lazy\" decoding=\"async\" width=\"768\" height=\"1024\" src=\"https:\/\/estado29.mx\/wp-content\/uploads\/2024\/07\/IMG_20240731_130641-min-768x1024.jpg\" alt=\"\" class=\"wp-image-89760\" srcset=\"https:\/\/estado29.mx\/wp-content\/uploads\/2024\/07\/IMG_20240731_130641-min-768x1024.jpg 768w, https:\/\/estado29.mx\/wp-content\/uploads\/2024\/07\/IMG_20240731_130641-min-225x300.jpg 225w, https:\/\/estado29.mx\/wp-content\/uploads\/2024\/07\/IMG_20240731_130641-min-1152x1536.jpg 1152w, https:\/\/estado29.mx\/wp-content\/uploads\/2024\/07\/IMG_20240731_130641-min-1536x2048.jpg 1536w, https:\/\/estado29.mx\/wp-content\/uploads\/2024\/07\/IMG_20240731_130641-min-750x1000.jpg 750w, https:\/\/estado29.mx\/wp-content\/uploads\/2024\/07\/IMG_20240731_130641-min-1140x1520.jpg 1140w, https:\/\/estado29.mx\/wp-content\/uploads\/2024\/07\/IMG_20240731_130641-min-scaled.jpg 1920w\" sizes=\"auto, (max-width: 768px) 100vw, 768px\" \/><\/figure>\n\n\n\n<p>Dentro de las actividades de este d\u00eda , tambi\u00e9n si inaugur\u00f3 la exposici\u00f3n temporal \u201cMujeres en el Arte\u201d instalada en el Museo de la F\u00e9\u201d de esta ciudad, la cu\u00e1l est\u00e1 basada en la elaboraci\u00f3n de Tapetes en las diferentes calles, con motivo de la tradicional \u201cNoche que Nadie Duerme\u201d, as\u00ed como la celebraci\u00f3n de los 50 a\u00f1os de su coronaci\u00f3n.<\/p>\n\n\n\n<p><br>En su mensaje, El presb\u00edtero Jos\u00e9 Luis D\u00edaz Silva, P\u00e1rroco de la Bas\u00edlica de Nuestra Se\u00f1ora de la Caridad, quien refiri\u00f3 que esta festividad inici\u00f3 con la celebraci\u00f3n de la eucarist\u00eda, asimismo, agradeci\u00f3 la participaci\u00f3n y colaboraci\u00f3n de los pobladores para el desarrollo de esta festividad.<\/p>\n\n\n<figure class=\"wp-block-post-featured-image\"><img loading=\"lazy\" decoding=\"async\" width=\"2560\" height=\"1920\" src=\"https:\/\/estado29.mx\/wp-content\/uploads\/2024\/07\/IMG_20240731_132712-min-scaled.jpg\" class=\"attachment-post-thumbnail size-post-thumbnail wp-post-image\" alt=\"\" style=\"object-fit:cover;\" srcset=\"https:\/\/estado29.mx\/wp-content\/uploads\/2024\/07\/IMG_20240731_132712-min-scaled.jpg 2560w, https:\/\/estado29.mx\/wp-content\/uploads\/2024\/07\/IMG_20240731_132712-min-300x225.jpg 300w, https:\/\/estado29.mx\/wp-content\/uploads\/2024\/07\/IMG_20240731_132712-min-1024x768.jpg 1024w, https:\/\/estado29.mx\/wp-content\/uploads\/2024\/07\/IMG_20240731_132712-min-768x576.jpg 768w, https:\/\/estado29.mx\/wp-content\/uploads\/2024\/07\/IMG_20240731_132712-min-1536x1152.jpg 1536w, https:\/\/estado29.mx\/wp-content\/uploads\/2024\/07\/IMG_20240731_132712-min-2048x1536.jpg 2048w, https:\/\/estado29.mx\/wp-content\/uploads\/2024\/07\/IMG_20240731_132712-min-750x563.jpg 750w, https:\/\/estado29.mx\/wp-content\/uploads\/2024\/07\/IMG_20240731_132712-min-1140x855.jpg 1140w\" sizes=\"auto, (max-width: 2560px) 100vw, 2560px\" \/><\/figure>\n\n\n<p><br>Por su parte, Isabel Aquino Romero, Coordinadora de Cultura Municipal, manifest\u00f3 su agradecimiento y orgullo por el inicio de esta fiesta en honor a Nuestra Se\u00f1ora de la Caridad.<\/p>\n","protected":false},"excerpt":{"rendered":"<p>Hoy mi\u00e9rcoles 31 de julio del a\u00f1o en curso, con el traeicional repique de campanas, quema de salva de cohetes as\u00ed como de globos de cantolla , es como dieron inicio las actividades religiosas como parte de la Feria del Arte Ef\u00edmero y la Dalia, Huamantla 2024, en su edici\u00f3n n\u00famero 150, en honor a [&hellip;]<\/p>\n","protected":false},"author":7,"featured_media":89759,"comment_status":"open","ping_status":"open","sticky":false,"template":"","format":"standard","meta":{"om_disable_all_campaigns":false,"_monsterinsights_skip_tracking":false,"_monsterinsights_sitenote_active":false,"_monsterinsights_sitenote_note":"","_monsterinsights_sitenote_category":0,"jnews-multi-image_gallery":[],"jnews_single_post":{"subtitle":"","format":"standard","video":"","gallery":"","source_name":"","source_url":"","via_name":"","via_url":"","override_template":"0","override":[{"template":"1","single_blog_custom":"","parallax":"1","fullscreen":"1","layout":"right-sidebar","sidebar":"default-sidebar","second_sidebar":"default-sidebar","sticky_sidebar":"1","share_position":"top","share_float_style":"share-monocrhome","show_share_counter":"1","show_view_counter":"1","show_featured":"1","show_post_meta":"1","show_post_author":"1","show_post_author_image":"1","show_post_date":"1","post_date_format":"default","post_date_format_custom":"Y\/m\/d","show_post_category":"1","show_post_reading_time":"0","post_reading_time_wpm":"300","show_zoom_button":"0","zoom_button_out_step":"2","zoom_button_in_step":"3","show_post_tag":"1","show_prev_next_post":"1","show_popup_post":"1","number_popup_post":"1","show_author_box":"1","show_post_related":"0","show_inline_post_related":"0"}],"override_image_size":"0","image_override":[{"single_post_thumbnail_size":"crop-500","single_post_gallery_size":"crop-500"}],"trending_post":"0","trending_post_position":"meta","trending_post_label":"Trending","sponsored_post":"0","sponsored_post_label":"Sponsored by","sponsored_post_name":"","sponsored_post_url":"","sponsored_post_logo_enable":"0","sponsored_post_logo":"","sponsored_post_desc":"","disable_ad":"0"},"jnews_primary_category":{"id":""},"footnotes":""},"categories":[1],"tags":[],"class_list":["post-89758","post","type-post","status-publish","format-standard","has-post-thumbnail","hentry","category-uncategorized"],"aioseo_notices":[],"_links":{"self":[{"href":"https:\/\/estado29.mx\/index.php?rest_route=\/wp\/v2\/posts\/89758","targetHints":{"allow":["GET"]}}],"collection":[{"href":"https:\/\/estado29.mx\/index.php?rest_route=\/wp\/v2\/posts"}],"about":[{"href":"https:\/\/estado29.mx\/index.php?rest_route=\/wp\/v2\/types\/post"}],"author":[{"embeddable":true,"href":"https:\/\/estado29.mx\/index.php?rest_route=\/wp\/v2\/users\/7"}],"replies":[{"embeddable":true,"href":"https:\/\/estado29.mx\/index.php?rest_route=%2Fwp%2Fv2%2Fcomments&post=89758"}],"version-history":[{"count":1,"href":"https:\/\/estado29.mx\/index.php?rest_route=\/wp\/v2\/posts\/89758\/revisions"}],"predecessor-version":[{"id":89761,"href":"https:\/\/estado29.mx\/index.php?rest_route=\/wp\/v2\/posts\/89758\/revisions\/89761"}],"wp:featuredmedia":[{"embeddable":true,"href":"https:\/\/estado29.mx\/index.php?rest_route=\/wp\/v2\/media\/89759"}],"wp:attachment":[{"href":"https:\/\/estado29.mx\/index.php?rest_route=%2Fwp%2Fv2%2Fmedia&parent=89758"}],"wp:term":[{"taxonomy":"category","embeddable":true,"href":"https:\/\/estado29.mx\/index.php?rest_route=%2Fwp%2Fv2%2Fcategories&post=89758"},{"taxonomy":"post_tag","embeddable":true,"href":"https:\/\/estado29.mx\/index.php?rest_route=%2Fwp%2Fv2%2Ftags&post=89758"}],"curies":[{"name":"wp","href":"https:\/\/api.w.org\/{rel}","templated":true}]}}