{"id":89775,"date":"2024-08-01T18:28:50","date_gmt":"2024-08-01T18:28:50","guid":{"rendered":"https:\/\/estado29.mx\/?p=89775"},"modified":"2024-08-01T18:32:58","modified_gmt":"2024-08-01T18:32:58","slug":"participa-arte-magico-de-huamantla-en-la-colocacion-de-la-portada-central-en-la-basilica-de-la-caridad","status":"publish","type":"post","link":"https:\/\/estado29.mx\/?p=89775","title":{"rendered":"Participa Arte M\u00e1gico de Huamantla en la colocaci\u00f3n de la Portada Central en la Bas\u00edlica de la Caridad."},"content":{"rendered":"\n<p>Amigos de Estado29 como parte del inicio de la Feria Internacional de Arte Ef\u00edmero y la Dalia Huamantla 2024, platiqu\u00e9 con Francisco Montiel Palacios, Director de Arte M\u00e1gico de Huamantla, quienes fueron los encargados de la colocaci\u00f3n de la portada frontal en las instalaciones de la Bas\u00edlica de la Caridad.<\/p>\n\n\n\n<p><br>Quien nos comparti\u00f3, que llevan actualmente 17 a\u00f1os de hacer esta ofrenda a la Virgen \u201cla comisi\u00f3n que encabezamos para portada central de la Bas\u00edlica de Nuestra Se\u00f1ora de la Caridad, por Arte M\u00e1gico de Huamantla, en este a\u00f1o, cumplimos ya 17 de tener a bien, ofrecer a nuestra madre sant\u00edsima esta ofrenda de car\u00e1cter espiritual, pues con lo que sabemos hacer los huamantlecos, con esta devoci\u00f3n y esta fe hacia nuestra imagen, ofrecemos nuestro trabajo que en esta ocasi\u00f3n, viene representando, el 50 aniversario de la Coronaci\u00f3n Pontificia de la imagen de la Virgen de la Caridad\u201d.<\/p>\n\n\n\n<p><br>Agreg\u00f3 que estos trabajos inician con un mes de anticipaci\u00f3n \u201cinicia el dise\u00f1o, aproximadamente, un mes atr\u00e1s, primero hacemos la estructura, despu\u00e9s la base s\u00f3lida, viene el dise\u00f1o del dibujo y al \u00faltimo pues la decoraci\u00f3n y el acabado\u201d.<\/p>\n\n\n\n<p><br>Montiel Palacios, detall\u00f3 que en esta ocasi\u00f3n \u201cen esta ocasi\u00f3n viene en semillas con piedritas de m\u00e1rmol de colores y pues est\u00e1 dise\u00f1ada para que nos aguante todo el mes de la festividad de agosto\u201d.<\/p>\n\n\n<figure class=\"wp-block-post-featured-image\"><img loading=\"lazy\" decoding=\"async\" width=\"1920\" height=\"2560\" src=\"https:\/\/estado29.mx\/wp-content\/uploads\/2024\/08\/IMG_20240731_123544-min-1-scaled.jpg\" class=\"attachment-post-thumbnail size-post-thumbnail wp-post-image\" alt=\"\" style=\"object-fit:cover;\" srcset=\"https:\/\/estado29.mx\/wp-content\/uploads\/2024\/08\/IMG_20240731_123544-min-1-scaled.jpg 1920w, https:\/\/estado29.mx\/wp-content\/uploads\/2024\/08\/IMG_20240731_123544-min-1-225x300.jpg 225w, https:\/\/estado29.mx\/wp-content\/uploads\/2024\/08\/IMG_20240731_123544-min-1-768x1024.jpg 768w, https:\/\/estado29.mx\/wp-content\/uploads\/2024\/08\/IMG_20240731_123544-min-1-1152x1536.jpg 1152w, https:\/\/estado29.mx\/wp-content\/uploads\/2024\/08\/IMG_20240731_123544-min-1-1536x2048.jpg 1536w, https:\/\/estado29.mx\/wp-content\/uploads\/2024\/08\/IMG_20240731_123544-min-1-750x1000.jpg 750w, https:\/\/estado29.mx\/wp-content\/uploads\/2024\/08\/IMG_20240731_123544-min-1-1140x1520.jpg 1140w\" sizes=\"auto, (max-width: 1920px) 100vw, 1920px\" \/><\/figure>","protected":false},"excerpt":{"rendered":"<p>Amigos de Estado29 como parte del inicio de la Feria Internacional de Arte Ef\u00edmero y la Dalia Huamantla 2024, platiqu\u00e9 con Francisco Montiel Palacios, Director de Arte M\u00e1gico de Huamantla, quienes fueron los encargados de la colocaci\u00f3n de la portada frontal en las instalaciones de la Bas\u00edlica de la Caridad. Quien nos comparti\u00f3, que llevan [&hellip;]<\/p>\n","protected":false},"author":7,"featured_media":89779,"comment_status":"open","ping_status":"open","sticky":false,"template":"","format":"standard","meta":{"om_disable_all_campaigns":false,"_monsterinsights_skip_tracking":false,"_monsterinsights_sitenote_active":false,"_monsterinsights_sitenote_note":"","_monsterinsights_sitenote_category":0,"jnews-multi-image_gallery":[],"jnews_single_post":{"subtitle":"","format":"standard","video":"","gallery":"","source_name":"","source_url":"","via_name":"","via_url":"","override_template":"0","override":[{"template":"1","single_blog_custom":"","parallax":"1","fullscreen":"1","layout":"right-sidebar","sidebar":"default-sidebar","second_sidebar":"default-sidebar","sticky_sidebar":"1","share_position":"top","share_float_style":"share-monocrhome","show_share_counter":"1","show_view_counter":"1","show_featured":"1","show_post_meta":"1","show_post_author":"1","show_post_author_image":"1","show_post_date":"1","post_date_format":"default","post_date_format_custom":"Y\/m\/d","show_post_category":"1","show_post_reading_time":"0","post_reading_time_wpm":"300","show_zoom_button":"0","zoom_button_out_step":"2","zoom_button_in_step":"3","show_post_tag":"1","show_prev_next_post":"1","show_popup_post":"1","number_popup_post":"1","show_author_box":"1","show_post_related":"0","show_inline_post_related":"0"}],"override_image_size":"0","image_override":[{"single_post_thumbnail_size":"crop-500","single_post_gallery_size":"crop-500"}],"trending_post":"0","trending_post_position":"meta","trending_post_label":"Trending","sponsored_post":"0","sponsored_post_label":"Sponsored by","sponsored_post_name":"","sponsored_post_url":"","sponsored_post_logo_enable":"0","sponsored_post_logo":"","sponsored_post_desc":"","disable_ad":"0"},"jnews_primary_category":{"id":""},"footnotes":""},"categories":[1],"tags":[],"class_list":["post-89775","post","type-post","status-publish","format-standard","has-post-thumbnail","hentry","category-uncategorized"],"aioseo_notices":[],"_links":{"self":[{"href":"https:\/\/estado29.mx\/index.php?rest_route=\/wp\/v2\/posts\/89775","targetHints":{"allow":["GET"]}}],"collection":[{"href":"https:\/\/estado29.mx\/index.php?rest_route=\/wp\/v2\/posts"}],"about":[{"href":"https:\/\/estado29.mx\/index.php?rest_route=\/wp\/v2\/types\/post"}],"author":[{"embeddable":true,"href":"https:\/\/estado29.mx\/index.php?rest_route=\/wp\/v2\/users\/7"}],"replies":[{"embeddable":true,"href":"https:\/\/estado29.mx\/index.php?rest_route=%2Fwp%2Fv2%2Fcomments&post=89775"}],"version-history":[{"count":1,"href":"https:\/\/estado29.mx\/index.php?rest_route=\/wp\/v2\/posts\/89775\/revisions"}],"predecessor-version":[{"id":89777,"href":"https:\/\/estado29.mx\/index.php?rest_route=\/wp\/v2\/posts\/89775\/revisions\/89777"}],"wp:featuredmedia":[{"embeddable":true,"href":"https:\/\/estado29.mx\/index.php?rest_route=\/wp\/v2\/media\/89779"}],"wp:attachment":[{"href":"https:\/\/estado29.mx\/index.php?rest_route=%2Fwp%2Fv2%2Fmedia&parent=89775"}],"wp:term":[{"taxonomy":"category","embeddable":true,"href":"https:\/\/estado29.mx\/index.php?rest_route=%2Fwp%2Fv2%2Fcategories&post=89775"},{"taxonomy":"post_tag","embeddable":true,"href":"https:\/\/estado29.mx\/index.php?rest_route=%2Fwp%2Fv2%2Ftags&post=89775"}],"curies":[{"name":"wp","href":"https:\/\/api.w.org\/{rel}","templated":true}]}}