{"id":89790,"date":"2024-08-02T03:37:26","date_gmt":"2024-08-02T03:37:26","guid":{"rendered":"https:\/\/estado29.mx\/?p=89790"},"modified":"2024-08-02T03:37:27","modified_gmt":"2024-08-02T03:37:27","slug":"esperan-autoridades-de-huamantla-obtener-saldo-blando-en-el-desarrollo-de-la-feria-internacional-de-arte-efimero-y-la-dalia-en-su-edicion-150","status":"publish","type":"post","link":"https:\/\/estado29.mx\/?p=89790","title":{"rendered":"Esperan autoridades de Huamantla obtener saldo blando en el desarrollo de la Feria Internacional de Arte Ef\u00edmero y la Dalia en su edici\u00f3n 150."},"content":{"rendered":"\n<p>La Presidenta Interina del Municipio de Huamantla, Luz Mar\u00eda Calva Pimentel, refiri\u00f3 que se espera obtener saldo blando en el desarrollo de los diversos eventos que se tienen, como parte de la Feria Internacional de Arte Ef\u00edmero y la Dalia, en su edici\u00f3n n\u00famero 150, en honor a la Virgen de la Caridad.<\/p>\n\n\n\n<p><br>Calva Pimentel, dijo que esta feria, ha ido cobrando importancia, convirti\u00e9ndose actualmente en una de las m\u00e1s importantes en la entidad tlaxcalteca.<\/p>\n\n\n\n<p><br>De igual modo, enfatiz\u00f3 en que se espera que esta feria se desarrolle con \u00e9xito y de la mejor forma posible, sobre todo en eventos masivos como La Noche que Nadie Duerme y La Huamantlada.<\/p>\n\n\n<figure class=\"wp-block-post-featured-image\"><img loading=\"lazy\" decoding=\"async\" width=\"1920\" height=\"2560\" src=\"https:\/\/estado29.mx\/wp-content\/uploads\/2024\/08\/IMG_20240731_160406_1-min-scaled.jpg\" class=\"attachment-post-thumbnail size-post-thumbnail wp-post-image\" alt=\"\" style=\"object-fit:cover;\" srcset=\"https:\/\/estado29.mx\/wp-content\/uploads\/2024\/08\/IMG_20240731_160406_1-min-scaled.jpg 1920w, https:\/\/estado29.mx\/wp-content\/uploads\/2024\/08\/IMG_20240731_160406_1-min-225x300.jpg 225w, https:\/\/estado29.mx\/wp-content\/uploads\/2024\/08\/IMG_20240731_160406_1-min-768x1024.jpg 768w, https:\/\/estado29.mx\/wp-content\/uploads\/2024\/08\/IMG_20240731_160406_1-min-1152x1536.jpg 1152w, https:\/\/estado29.mx\/wp-content\/uploads\/2024\/08\/IMG_20240731_160406_1-min-1536x2048.jpg 1536w, https:\/\/estado29.mx\/wp-content\/uploads\/2024\/08\/IMG_20240731_160406_1-min-750x1000.jpg 750w, https:\/\/estado29.mx\/wp-content\/uploads\/2024\/08\/IMG_20240731_160406_1-min-1140x1520.jpg 1140w\" sizes=\"auto, (max-width: 1920px) 100vw, 1920px\" \/><\/figure>","protected":false},"excerpt":{"rendered":"<p>La Presidenta Interina del Municipio de Huamantla, Luz Mar\u00eda Calva Pimentel, refiri\u00f3 que se espera obtener saldo blando en el desarrollo de los diversos eventos que se tienen, como parte de la Feria Internacional de Arte Ef\u00edmero y la Dalia, en su edici\u00f3n n\u00famero 150, en honor a la Virgen de la Caridad. Calva Pimentel, [&hellip;]<\/p>\n","protected":false},"author":7,"featured_media":89791,"comment_status":"open","ping_status":"open","sticky":false,"template":"","format":"standard","meta":{"om_disable_all_campaigns":false,"_monsterinsights_skip_tracking":false,"_monsterinsights_sitenote_active":false,"_monsterinsights_sitenote_note":"","_monsterinsights_sitenote_category":0,"jnews-multi-image_gallery":[],"jnews_single_post":{"subtitle":"","format":"standard","video":"","gallery":"","source_name":"","source_url":"","via_name":"","via_url":"","override_template":"0","override":[{"template":"1","single_blog_custom":"","parallax":"1","fullscreen":"1","layout":"right-sidebar","sidebar":"default-sidebar","second_sidebar":"default-sidebar","sticky_sidebar":"1","share_position":"top","share_float_style":"share-monocrhome","show_share_counter":"1","show_view_counter":"1","show_featured":"1","show_post_meta":"1","show_post_author":"1","show_post_author_image":"1","show_post_date":"1","post_date_format":"default","post_date_format_custom":"Y\/m\/d","show_post_category":"1","show_post_reading_time":"0","post_reading_time_wpm":"300","show_zoom_button":"0","zoom_button_out_step":"2","zoom_button_in_step":"3","show_post_tag":"1","show_prev_next_post":"1","show_popup_post":"1","number_popup_post":"1","show_author_box":"1","show_post_related":"0","show_inline_post_related":"0"}],"override_image_size":"0","image_override":[{"single_post_thumbnail_size":"crop-500","single_post_gallery_size":"crop-500"}],"trending_post":"0","trending_post_position":"meta","trending_post_label":"Trending","sponsored_post":"0","sponsored_post_label":"Sponsored by","sponsored_post_name":"","sponsored_post_url":"","sponsored_post_logo_enable":"0","sponsored_post_logo":"","sponsored_post_desc":"","disable_ad":"0"},"jnews_primary_category":{"id":""},"footnotes":""},"categories":[1],"tags":[],"class_list":["post-89790","post","type-post","status-publish","format-standard","has-post-thumbnail","hentry","category-uncategorized"],"aioseo_notices":[],"_links":{"self":[{"href":"https:\/\/estado29.mx\/index.php?rest_route=\/wp\/v2\/posts\/89790","targetHints":{"allow":["GET"]}}],"collection":[{"href":"https:\/\/estado29.mx\/index.php?rest_route=\/wp\/v2\/posts"}],"about":[{"href":"https:\/\/estado29.mx\/index.php?rest_route=\/wp\/v2\/types\/post"}],"author":[{"embeddable":true,"href":"https:\/\/estado29.mx\/index.php?rest_route=\/wp\/v2\/users\/7"}],"replies":[{"embeddable":true,"href":"https:\/\/estado29.mx\/index.php?rest_route=%2Fwp%2Fv2%2Fcomments&post=89790"}],"version-history":[{"count":1,"href":"https:\/\/estado29.mx\/index.php?rest_route=\/wp\/v2\/posts\/89790\/revisions"}],"predecessor-version":[{"id":89792,"href":"https:\/\/estado29.mx\/index.php?rest_route=\/wp\/v2\/posts\/89790\/revisions\/89792"}],"wp:featuredmedia":[{"embeddable":true,"href":"https:\/\/estado29.mx\/index.php?rest_route=\/wp\/v2\/media\/89791"}],"wp:attachment":[{"href":"https:\/\/estado29.mx\/index.php?rest_route=%2Fwp%2Fv2%2Fmedia&parent=89790"}],"wp:term":[{"taxonomy":"category","embeddable":true,"href":"https:\/\/estado29.mx\/index.php?rest_route=%2Fwp%2Fv2%2Fcategories&post=89790"},{"taxonomy":"post_tag","embeddable":true,"href":"https:\/\/estado29.mx\/index.php?rest_route=%2Fwp%2Fv2%2Ftags&post=89790"}],"curies":[{"name":"wp","href":"https:\/\/api.w.org\/{rel}","templated":true}]}}