{"id":89800,"date":"2024-08-02T19:08:03","date_gmt":"2024-08-02T19:08:03","guid":{"rendered":"https:\/\/estado29.mx\/?p=89800"},"modified":"2024-08-02T19:08:04","modified_gmt":"2024-08-02T19:08:04","slug":"feria-internacional-de-arte-efimero-y-la-dalia-huamantla-2024-inicia-con-el-pie-derecho-joaquin-angelino-de-arriaga","status":"publish","type":"post","link":"https:\/\/estado29.mx\/?p=89800","title":{"rendered":"Feria Internacional de Arte Ef\u00edmero y la Dalia Huamantla 2024 inicia con el pie derecho: Joaqu\u00edn Angelino de Arriaga."},"content":{"rendered":"\n<p>Joaqu\u00edn Angelino de Arriaga, Coordinador de Arte y Cultura Taurina en el municipio de Huamantla, habl\u00f3 sobre el inicio de los eventos taurinos, dentro del marco de la Feria Internacional de Arte Ef\u00edmero y la Dalia Huamantla 2024, en su edici\u00f3n 150.<\/p>\n\n\n\n<p><br>Angelino de Arriaga, puntualiz\u00f3 que se han iniciado estas actividades con el pie derecho, con la exposici\u00f3n pict\u00f3rica \u201cTauromaquia, Arte y Pasi\u00f3n\u201d y que en pr\u00f3ximas fechas se sumar\u00e1n algunas fotogr\u00e1ficas.<\/p>\n\n\n\n<p><br>Asimismo, calific\u00f3 esta exposici\u00f3n como, muy completa \u201c estamos contentos porque hoy pudimos reunir a grandes artistas, no solamente locales, sino tambi\u00e9n los mismos artistas locales invitaron a artistas for\u00e1neos, unos de la Ciudad de M\u00e9xico, otros de otros estados, entonces la verdad yo creo que es una exposici\u00f3n muy completa, muy importante porque no es f\u00e1cil reunir a tantos artistas\u201d.<\/p>\n\n\n<figure class=\"wp-block-post-featured-image\"><img loading=\"lazy\" decoding=\"async\" width=\"2560\" height=\"2287\" src=\"https:\/\/estado29.mx\/wp-content\/uploads\/2024\/08\/IMG_20240801_203041-min2-scaled.jpg\" class=\"attachment-post-thumbnail size-post-thumbnail wp-post-image\" alt=\"\" style=\"object-fit:cover;\" srcset=\"https:\/\/estado29.mx\/wp-content\/uploads\/2024\/08\/IMG_20240801_203041-min2-scaled.jpg 2560w, https:\/\/estado29.mx\/wp-content\/uploads\/2024\/08\/IMG_20240801_203041-min2-300x268.jpg 300w, https:\/\/estado29.mx\/wp-content\/uploads\/2024\/08\/IMG_20240801_203041-min2-1024x915.jpg 1024w, https:\/\/estado29.mx\/wp-content\/uploads\/2024\/08\/IMG_20240801_203041-min2-768x686.jpg 768w, https:\/\/estado29.mx\/wp-content\/uploads\/2024\/08\/IMG_20240801_203041-min2-1536x1372.jpg 1536w, https:\/\/estado29.mx\/wp-content\/uploads\/2024\/08\/IMG_20240801_203041-min2-2048x1830.jpg 2048w, https:\/\/estado29.mx\/wp-content\/uploads\/2024\/08\/IMG_20240801_203041-min2-750x670.jpg 750w, https:\/\/estado29.mx\/wp-content\/uploads\/2024\/08\/IMG_20240801_203041-min2-1140x1019.jpg 1140w\" sizes=\"auto, (max-width: 2560px) 100vw, 2560px\" \/><\/figure>","protected":false},"excerpt":{"rendered":"<p>Joaqu\u00edn Angelino de Arriaga, Coordinador de Arte y Cultura Taurina en el municipio de Huamantla, habl\u00f3 sobre el inicio de los eventos taurinos, dentro del marco de la Feria Internacional de Arte Ef\u00edmero y la Dalia Huamantla 2024, en su edici\u00f3n 150. Angelino de Arriaga, puntualiz\u00f3 que se han iniciado estas actividades con el pie [&hellip;]<\/p>\n","protected":false},"author":7,"featured_media":89801,"comment_status":"open","ping_status":"open","sticky":false,"template":"","format":"standard","meta":{"om_disable_all_campaigns":false,"_monsterinsights_skip_tracking":false,"_monsterinsights_sitenote_active":false,"_monsterinsights_sitenote_note":"","_monsterinsights_sitenote_category":0,"jnews-multi-image_gallery":[],"jnews_single_post":{"subtitle":"","format":"standard","video":"","gallery":"","source_name":"","source_url":"","via_name":"","via_url":"","override_template":"0","override":[{"template":"1","single_blog_custom":"","parallax":"1","fullscreen":"1","layout":"right-sidebar","sidebar":"default-sidebar","second_sidebar":"default-sidebar","sticky_sidebar":"1","share_position":"top","share_float_style":"share-monocrhome","show_share_counter":"1","show_view_counter":"1","show_featured":"1","show_post_meta":"1","show_post_author":"1","show_post_author_image":"1","show_post_date":"1","post_date_format":"default","post_date_format_custom":"Y\/m\/d","show_post_category":"1","show_post_reading_time":"0","post_reading_time_wpm":"300","show_zoom_button":"0","zoom_button_out_step":"2","zoom_button_in_step":"3","show_post_tag":"1","show_prev_next_post":"1","show_popup_post":"1","number_popup_post":"1","show_author_box":"1","show_post_related":"0","show_inline_post_related":"0"}],"override_image_size":"0","image_override":[{"single_post_thumbnail_size":"crop-500","single_post_gallery_size":"crop-500"}],"trending_post":"0","trending_post_position":"meta","trending_post_label":"Trending","sponsored_post":"0","sponsored_post_label":"Sponsored by","sponsored_post_name":"","sponsored_post_url":"","sponsored_post_logo_enable":"0","sponsored_post_logo":"","sponsored_post_desc":"","disable_ad":"0"},"jnews_primary_category":{"id":""},"footnotes":""},"categories":[1],"tags":[],"class_list":["post-89800","post","type-post","status-publish","format-standard","has-post-thumbnail","hentry","category-uncategorized"],"aioseo_notices":[],"_links":{"self":[{"href":"https:\/\/estado29.mx\/index.php?rest_route=\/wp\/v2\/posts\/89800","targetHints":{"allow":["GET"]}}],"collection":[{"href":"https:\/\/estado29.mx\/index.php?rest_route=\/wp\/v2\/posts"}],"about":[{"href":"https:\/\/estado29.mx\/index.php?rest_route=\/wp\/v2\/types\/post"}],"author":[{"embeddable":true,"href":"https:\/\/estado29.mx\/index.php?rest_route=\/wp\/v2\/users\/7"}],"replies":[{"embeddable":true,"href":"https:\/\/estado29.mx\/index.php?rest_route=%2Fwp%2Fv2%2Fcomments&post=89800"}],"version-history":[{"count":1,"href":"https:\/\/estado29.mx\/index.php?rest_route=\/wp\/v2\/posts\/89800\/revisions"}],"predecessor-version":[{"id":89802,"href":"https:\/\/estado29.mx\/index.php?rest_route=\/wp\/v2\/posts\/89800\/revisions\/89802"}],"wp:featuredmedia":[{"embeddable":true,"href":"https:\/\/estado29.mx\/index.php?rest_route=\/wp\/v2\/media\/89801"}],"wp:attachment":[{"href":"https:\/\/estado29.mx\/index.php?rest_route=%2Fwp%2Fv2%2Fmedia&parent=89800"}],"wp:term":[{"taxonomy":"category","embeddable":true,"href":"https:\/\/estado29.mx\/index.php?rest_route=%2Fwp%2Fv2%2Fcategories&post=89800"},{"taxonomy":"post_tag","embeddable":true,"href":"https:\/\/estado29.mx\/index.php?rest_route=%2Fwp%2Fv2%2Ftags&post=89800"}],"curies":[{"name":"wp","href":"https:\/\/api.w.org\/{rel}","templated":true}]}}