{"id":89809,"date":"2024-08-06T02:04:55","date_gmt":"2024-08-06T02:04:55","guid":{"rendered":"https:\/\/estado29.mx\/?p=89809"},"modified":"2024-08-06T02:04:56","modified_gmt":"2024-08-06T02:04:56","slug":"inauguran-en-tlaxcala-exposicion-sinfonia-de-color","status":"publish","type":"post","link":"https:\/\/estado29.mx\/?p=89809","title":{"rendered":"Inauguran en Tlaxcala exposici\u00f3n \u201cSinfon\u00eda de Color\u201d."},"content":{"rendered":"\n<p>Este viernes 2 de agosto del a\u00f1o en curso, la Secretar\u00eda de Cultura de Tlaxcala, inaugur\u00f3 la exposici\u00f3n \u201cSinfon\u00eda del Color\u201d, en ella se presenta una selecci\u00f3n de tapices de los Talleres Nacionales de Tapiz, pertenecientes al acervo de la Escuela Nacional de Pintura, Escultura y Grabado (ENPEG) \u201cLa Esmeralda\u201d, del Instituto Nacional de Bellas Artes y Literatura (INBAL), el evento tuvo lugar en el Museo de Arte de Tlaxcala (MAT).<\/p>\n\n\n\n<figure class=\"wp-block-image size-large\"><img loading=\"lazy\" decoding=\"async\" width=\"1024\" height=\"683\" src=\"https:\/\/estado29.mx\/wp-content\/uploads\/2024\/08\/IMG-20240805-WA0007-1024x683.jpg\" alt=\"\" class=\"wp-image-89811\" srcset=\"https:\/\/estado29.mx\/wp-content\/uploads\/2024\/08\/IMG-20240805-WA0007-1024x683.jpg 1024w, https:\/\/estado29.mx\/wp-content\/uploads\/2024\/08\/IMG-20240805-WA0007-300x200.jpg 300w, https:\/\/estado29.mx\/wp-content\/uploads\/2024\/08\/IMG-20240805-WA0007-768x512.jpg 768w, https:\/\/estado29.mx\/wp-content\/uploads\/2024\/08\/IMG-20240805-WA0007-1536x1024.jpg 1536w, https:\/\/estado29.mx\/wp-content\/uploads\/2024\/08\/IMG-20240805-WA0007-750x500.jpg 750w, https:\/\/estado29.mx\/wp-content\/uploads\/2024\/08\/IMG-20240805-WA0007-1140x760.jpg 1140w, https:\/\/estado29.mx\/wp-content\/uploads\/2024\/08\/IMG-20240805-WA0007.jpg 1599w\" sizes=\"auto, (max-width: 1024px) 100vw, 1024px\" \/><\/figure>\n\n\n\n<p><br>La exposici\u00f3n &#8220;Sinfon\u00eda de Color&#8221; est\u00e1 conformada por 30 tapices creados por destacados artistas del Taller Nacional de Tapiz, incluyendo a Marcela L\u00f3pez, Pedro Preux, Ricardo Flores, Valdemar Luna, Leopoldo Estrada, Rafael Zepeda, Francisco Moreno, Rodolfo Nieto, Leopoldo Flores, Arnold Belkin, Luis Caballero Laguna, Francisco Toledo, Alfredo Zalce, Martha Olveras, Benito Messeguer, Crist\u00f3bal Torres, Edmundo Aquino, entre otros m\u00e1s.<\/p>\n\n\n\n<figure class=\"wp-block-image size-large\"><img loading=\"lazy\" decoding=\"async\" width=\"1024\" height=\"683\" src=\"https:\/\/estado29.mx\/wp-content\/uploads\/2024\/08\/IMG-20240805-WA0011-1024x683.jpg\" alt=\"\" class=\"wp-image-89812\" srcset=\"https:\/\/estado29.mx\/wp-content\/uploads\/2024\/08\/IMG-20240805-WA0011-1024x683.jpg 1024w, https:\/\/estado29.mx\/wp-content\/uploads\/2024\/08\/IMG-20240805-WA0011-300x200.jpg 300w, https:\/\/estado29.mx\/wp-content\/uploads\/2024\/08\/IMG-20240805-WA0011-768x512.jpg 768w, https:\/\/estado29.mx\/wp-content\/uploads\/2024\/08\/IMG-20240805-WA0011-1536x1024.jpg 1536w, https:\/\/estado29.mx\/wp-content\/uploads\/2024\/08\/IMG-20240805-WA0011-750x500.jpg 750w, https:\/\/estado29.mx\/wp-content\/uploads\/2024\/08\/IMG-20240805-WA0011-1140x760.jpg 1140w, https:\/\/estado29.mx\/wp-content\/uploads\/2024\/08\/IMG-20240805-WA0011.jpg 1599w\" sizes=\"auto, (max-width: 1024px) 100vw, 1024px\" \/><\/figure>\n\n\n\n<p><br>Los tapices expuestos demuestran un enfoque contempor\u00e1neo del arte mexicano, caracterizado por estructuras arm\u00f3nicas de l\u00edneas y formas geom\u00e9tricas de diversas proporciones.<\/p>\n\n\n<figure class=\"wp-block-post-featured-image\"><img loading=\"lazy\" decoding=\"async\" width=\"1599\" height=\"1066\" src=\"https:\/\/estado29.mx\/wp-content\/uploads\/2024\/08\/IMG-20240805-WA0013.jpg\" class=\"attachment-post-thumbnail size-post-thumbnail wp-post-image\" alt=\"\" style=\"object-fit:cover;\" srcset=\"https:\/\/estado29.mx\/wp-content\/uploads\/2024\/08\/IMG-20240805-WA0013.jpg 1599w, https:\/\/estado29.mx\/wp-content\/uploads\/2024\/08\/IMG-20240805-WA0013-300x200.jpg 300w, https:\/\/estado29.mx\/wp-content\/uploads\/2024\/08\/IMG-20240805-WA0013-1024x683.jpg 1024w, https:\/\/estado29.mx\/wp-content\/uploads\/2024\/08\/IMG-20240805-WA0013-768x512.jpg 768w, https:\/\/estado29.mx\/wp-content\/uploads\/2024\/08\/IMG-20240805-WA0013-1536x1024.jpg 1536w, https:\/\/estado29.mx\/wp-content\/uploads\/2024\/08\/IMG-20240805-WA0013-750x500.jpg 750w, https:\/\/estado29.mx\/wp-content\/uploads\/2024\/08\/IMG-20240805-WA0013-1140x760.jpg 1140w\" sizes=\"auto, (max-width: 1599px) 100vw, 1599px\" \/><\/figure>\n\n\n<p><br>Esta exposici\u00f3n, estar\u00e1 abierta al p\u00fablico desde el 2 de agosto hasta el 30 de diciembre en el Museo de Arte de Tlaxcala, ubicado en la Plaza de la Constituci\u00f3n 21, Centro, Tlaxcala de Xicoht\u00e9ncatl, para m\u00e1s informaci\u00f3n sobre la exposici\u00f3n y otros eventos culturales, se invita al p\u00fablico a seguir las redes sociales de la Secretar\u00eda de Cultura de Tlaxcala.<\/p>\n","protected":false},"excerpt":{"rendered":"<p>Este viernes 2 de agosto del a\u00f1o en curso, la Secretar\u00eda de Cultura de Tlaxcala, inaugur\u00f3 la exposici\u00f3n \u201cSinfon\u00eda del Color\u201d, en ella se presenta una selecci\u00f3n de tapices de los Talleres Nacionales de Tapiz, pertenecientes al acervo de la Escuela Nacional de Pintura, Escultura y Grabado (ENPEG) \u201cLa Esmeralda\u201d, del Instituto Nacional de Bellas [&hellip;]<\/p>\n","protected":false},"author":7,"featured_media":89810,"comment_status":"open","ping_status":"open","sticky":false,"template":"","format":"standard","meta":{"om_disable_all_campaigns":false,"_monsterinsights_skip_tracking":false,"_monsterinsights_sitenote_active":false,"_monsterinsights_sitenote_note":"","_monsterinsights_sitenote_category":0,"jnews-multi-image_gallery":[],"jnews_single_post":{"subtitle":"","format":"standard","video":"","gallery":"","source_name":"","source_url":"","via_name":"","via_url":"","override_template":"0","override":[{"template":"1","single_blog_custom":"","parallax":"1","fullscreen":"1","layout":"right-sidebar","sidebar":"default-sidebar","second_sidebar":"default-sidebar","sticky_sidebar":"1","share_position":"top","share_float_style":"share-monocrhome","show_share_counter":"1","show_view_counter":"1","show_featured":"1","show_post_meta":"1","show_post_author":"1","show_post_author_image":"1","show_post_date":"1","post_date_format":"default","post_date_format_custom":"Y\/m\/d","show_post_category":"1","show_post_reading_time":"0","post_reading_time_wpm":"300","show_zoom_button":"0","zoom_button_out_step":"2","zoom_button_in_step":"3","show_post_tag":"1","show_prev_next_post":"1","show_popup_post":"1","number_popup_post":"1","show_author_box":"1","show_post_related":"0","show_inline_post_related":"0"}],"override_image_size":"0","image_override":[{"single_post_thumbnail_size":"crop-500","single_post_gallery_size":"crop-500"}],"trending_post":"0","trending_post_position":"meta","trending_post_label":"Trending","sponsored_post":"0","sponsored_post_label":"Sponsored by","sponsored_post_name":"","sponsored_post_url":"","sponsored_post_logo_enable":"0","sponsored_post_logo":"","sponsored_post_desc":"","disable_ad":"0"},"jnews_primary_category":{"id":""},"footnotes":""},"categories":[1],"tags":[],"class_list":["post-89809","post","type-post","status-publish","format-standard","has-post-thumbnail","hentry","category-uncategorized"],"aioseo_notices":[],"_links":{"self":[{"href":"https:\/\/estado29.mx\/index.php?rest_route=\/wp\/v2\/posts\/89809","targetHints":{"allow":["GET"]}}],"collection":[{"href":"https:\/\/estado29.mx\/index.php?rest_route=\/wp\/v2\/posts"}],"about":[{"href":"https:\/\/estado29.mx\/index.php?rest_route=\/wp\/v2\/types\/post"}],"author":[{"embeddable":true,"href":"https:\/\/estado29.mx\/index.php?rest_route=\/wp\/v2\/users\/7"}],"replies":[{"embeddable":true,"href":"https:\/\/estado29.mx\/index.php?rest_route=%2Fwp%2Fv2%2Fcomments&post=89809"}],"version-history":[{"count":1,"href":"https:\/\/estado29.mx\/index.php?rest_route=\/wp\/v2\/posts\/89809\/revisions"}],"predecessor-version":[{"id":89813,"href":"https:\/\/estado29.mx\/index.php?rest_route=\/wp\/v2\/posts\/89809\/revisions\/89813"}],"wp:featuredmedia":[{"embeddable":true,"href":"https:\/\/estado29.mx\/index.php?rest_route=\/wp\/v2\/media\/89810"}],"wp:attachment":[{"href":"https:\/\/estado29.mx\/index.php?rest_route=%2Fwp%2Fv2%2Fmedia&parent=89809"}],"wp:term":[{"taxonomy":"category","embeddable":true,"href":"https:\/\/estado29.mx\/index.php?rest_route=%2Fwp%2Fv2%2Fcategories&post=89809"},{"taxonomy":"post_tag","embeddable":true,"href":"https:\/\/estado29.mx\/index.php?rest_route=%2Fwp%2Fv2%2Ftags&post=89809"}],"curies":[{"name":"wp","href":"https:\/\/api.w.org\/{rel}","templated":true}]}}