{"id":89825,"date":"2024-08-06T19:48:12","date_gmt":"2024-08-06T19:48:12","guid":{"rendered":"https:\/\/estado29.mx\/?p=89825"},"modified":"2024-08-06T19:48:13","modified_gmt":"2024-08-06T19:48:13","slug":"invita-secretaria-de-cultura-de-tlaxcala-y-el-centro-cultural-huamantla-a-sumarse-al-taller-de-diseno-textil","status":"publish","type":"post","link":"https:\/\/estado29.mx\/?p=89825","title":{"rendered":"Invita Secretar\u00eda de Cultura de Tlaxcala y el Centro Cultural Huamantla a sumarse al &#8220;Taller de Dise\u00f1o Textil&#8221;."},"content":{"rendered":"\n<p>La Secretar\u00eda de Cultura de Tlaxcala, encabezada por Antonio Mart\u00ednez Vel\u00e1zquez y el Centro Cultural Huamantla, hacen la invitaci\u00f3n a la ciudadan\u00eda en general, a sumarse al Taller de Dise\u00f1o Textil, iniciado este lunes cinco y finalizar\u00e1 el d\u00eda 10 de agosto del a\u00f1o en curso.<\/p>\n\n\n\n<p><br>Este taller es impartido por Ivonne Garc\u00eda V\u00e1zquez, en las instalaciones del Centro Cultural Huamantla, en un horario de 10 de la ma\u00f1ana a 12:30 del d\u00eda, en donde los participantes, aprender\u00e1n t\u00e9cnicas de estampado, te\u00f1ido, bordado, as\u00ed como dise\u00f1o e intervenci\u00f3n de prendas.<\/p>\n\n\n\n<p><br>Es importante mencionar que este taller no tiene costo alguno, si cupo limitado, para mayores informes, las personas interesadas en sumarse, deber\u00e1n comunicarse al numero telef\u00f3nico 247 132 35 41.<\/p>\n\n\n<figure class=\"wp-block-post-featured-image\"><img loading=\"lazy\" decoding=\"async\" width=\"675\" height=\"900\" src=\"https:\/\/estado29.mx\/wp-content\/uploads\/2024\/08\/IMG-20240806-WA0002.jpg\" class=\"attachment-post-thumbnail size-post-thumbnail wp-post-image\" alt=\"\" style=\"object-fit:cover;\" srcset=\"https:\/\/estado29.mx\/wp-content\/uploads\/2024\/08\/IMG-20240806-WA0002.jpg 675w, https:\/\/estado29.mx\/wp-content\/uploads\/2024\/08\/IMG-20240806-WA0002-225x300.jpg 225w\" sizes=\"auto, (max-width: 675px) 100vw, 675px\" \/><\/figure>","protected":false},"excerpt":{"rendered":"<p>La Secretar\u00eda de Cultura de Tlaxcala, encabezada por Antonio Mart\u00ednez Vel\u00e1zquez y el Centro Cultural Huamantla, hacen la invitaci\u00f3n a la ciudadan\u00eda en general, a sumarse al Taller de Dise\u00f1o Textil, iniciado este lunes cinco y finalizar\u00e1 el d\u00eda 10 de agosto del a\u00f1o en curso. Este taller es impartido por Ivonne Garc\u00eda V\u00e1zquez, en [&hellip;]<\/p>\n","protected":false},"author":7,"featured_media":89826,"comment_status":"open","ping_status":"open","sticky":false,"template":"","format":"standard","meta":{"om_disable_all_campaigns":false,"_monsterinsights_skip_tracking":false,"_monsterinsights_sitenote_active":false,"_monsterinsights_sitenote_note":"","_monsterinsights_sitenote_category":0,"jnews-multi-image_gallery":[],"jnews_single_post":{"subtitle":"","format":"standard","video":"","gallery":"","source_name":"","source_url":"","via_name":"","via_url":"","override_template":"0","override":[{"template":"1","single_blog_custom":"","parallax":"1","fullscreen":"1","layout":"right-sidebar","sidebar":"default-sidebar","second_sidebar":"default-sidebar","sticky_sidebar":"1","share_position":"top","share_float_style":"share-monocrhome","show_share_counter":"1","show_view_counter":"1","show_featured":"1","show_post_meta":"1","show_post_author":"1","show_post_author_image":"1","show_post_date":"1","post_date_format":"default","post_date_format_custom":"Y\/m\/d","show_post_category":"1","show_post_reading_time":"0","post_reading_time_wpm":"300","show_zoom_button":"0","zoom_button_out_step":"2","zoom_button_in_step":"3","show_post_tag":"1","show_prev_next_post":"1","show_popup_post":"1","number_popup_post":"1","show_author_box":"1","show_post_related":"0","show_inline_post_related":"0"}],"override_image_size":"0","image_override":[{"single_post_thumbnail_size":"crop-500","single_post_gallery_size":"crop-500"}],"trending_post":"0","trending_post_position":"meta","trending_post_label":"Trending","sponsored_post":"0","sponsored_post_label":"Sponsored by","sponsored_post_name":"","sponsored_post_url":"","sponsored_post_logo_enable":"0","sponsored_post_logo":"","sponsored_post_desc":"","disable_ad":"0"},"jnews_primary_category":{"id":""},"footnotes":""},"categories":[1],"tags":[],"class_list":["post-89825","post","type-post","status-publish","format-standard","has-post-thumbnail","hentry","category-uncategorized"],"aioseo_notices":[],"_links":{"self":[{"href":"https:\/\/estado29.mx\/index.php?rest_route=\/wp\/v2\/posts\/89825","targetHints":{"allow":["GET"]}}],"collection":[{"href":"https:\/\/estado29.mx\/index.php?rest_route=\/wp\/v2\/posts"}],"about":[{"href":"https:\/\/estado29.mx\/index.php?rest_route=\/wp\/v2\/types\/post"}],"author":[{"embeddable":true,"href":"https:\/\/estado29.mx\/index.php?rest_route=\/wp\/v2\/users\/7"}],"replies":[{"embeddable":true,"href":"https:\/\/estado29.mx\/index.php?rest_route=%2Fwp%2Fv2%2Fcomments&post=89825"}],"version-history":[{"count":1,"href":"https:\/\/estado29.mx\/index.php?rest_route=\/wp\/v2\/posts\/89825\/revisions"}],"predecessor-version":[{"id":89827,"href":"https:\/\/estado29.mx\/index.php?rest_route=\/wp\/v2\/posts\/89825\/revisions\/89827"}],"wp:featuredmedia":[{"embeddable":true,"href":"https:\/\/estado29.mx\/index.php?rest_route=\/wp\/v2\/media\/89826"}],"wp:attachment":[{"href":"https:\/\/estado29.mx\/index.php?rest_route=%2Fwp%2Fv2%2Fmedia&parent=89825"}],"wp:term":[{"taxonomy":"category","embeddable":true,"href":"https:\/\/estado29.mx\/index.php?rest_route=%2Fwp%2Fv2%2Fcategories&post=89825"},{"taxonomy":"post_tag","embeddable":true,"href":"https:\/\/estado29.mx\/index.php?rest_route=%2Fwp%2Fv2%2Ftags&post=89825"}],"curies":[{"name":"wp","href":"https:\/\/api.w.org\/{rel}","templated":true}]}}