{"id":89829,"date":"2024-08-08T02:37:34","date_gmt":"2024-08-08T02:37:34","guid":{"rendered":"https:\/\/estado29.mx\/?p=89829"},"modified":"2024-08-08T02:37:34","modified_gmt":"2024-08-08T02:37:34","slug":"presentaran-en-huamantla-el-libro-motivos-para-enamorarte-de-huamantla","status":"publish","type":"post","link":"https:\/\/estado29.mx\/?p=89829","title":{"rendered":"Presentar\u00e1n en Huamantla el libro \u201cMotivos para Enamorarte de Huamantla\u201d."},"content":{"rendered":"\n<p>Este jueves 8 de agosto del a\u00f1o en curso, se llevar\u00e1 a cabo en el municipio de Huamantla, la presentaci\u00f3n del libro \u201cMotivos para Enamorarte de Huamantla\u201d, del Escritor, Artista y Poeta, originario de este lugar, Antonio de la Vega.<\/p>\n\n\n\n<p><br>Esta presentaci\u00f3n tendr\u00e1 lugar, en las instalaciones del Centro Cultural de esta ciudad, a las cinco de la tarde.<\/p>\n\n\n\n<p><br>Este escritor, es el autor de diversos libros breves como: Invisible fantas\u00eda, Arte l\u00edrica, Inspiraciones, El poeta, Huamantla en la Piel, En Pareja, Soy Huamantleco y otros m\u00e1s.<\/p>\n\n\n\n<p><br>Centr\u00e1ndose en temas cotidianos que le inspiran para escribir, como son: el amor, la muerte y el paisaje.<\/p>\n\n\n<figure class=\"wp-block-post-featured-image\"><img loading=\"lazy\" decoding=\"async\" width=\"720\" height=\"710\" src=\"https:\/\/estado29.mx\/wp-content\/uploads\/2024\/08\/IMG-20240806-WA0000.jpg\" class=\"attachment-post-thumbnail size-post-thumbnail wp-post-image\" alt=\"\" style=\"object-fit:cover;\" srcset=\"https:\/\/estado29.mx\/wp-content\/uploads\/2024\/08\/IMG-20240806-WA0000.jpg 720w, https:\/\/estado29.mx\/wp-content\/uploads\/2024\/08\/IMG-20240806-WA0000-300x296.jpg 300w, https:\/\/estado29.mx\/wp-content\/uploads\/2024\/08\/IMG-20240806-WA0000-75x75.jpg 75w\" sizes=\"auto, (max-width: 720px) 100vw, 720px\" \/><\/figure>","protected":false},"excerpt":{"rendered":"<p>Este jueves 8 de agosto del a\u00f1o en curso, se llevar\u00e1 a cabo en el municipio de Huamantla, la presentaci\u00f3n del libro \u201cMotivos para Enamorarte de Huamantla\u201d, del Escritor, Artista y Poeta, originario de este lugar, Antonio de la Vega. Esta presentaci\u00f3n tendr\u00e1 lugar, en las instalaciones del Centro Cultural de esta ciudad, a las [&hellip;]<\/p>\n","protected":false},"author":7,"featured_media":89830,"comment_status":"open","ping_status":"open","sticky":false,"template":"","format":"standard","meta":{"om_disable_all_campaigns":false,"_monsterinsights_skip_tracking":false,"_monsterinsights_sitenote_active":false,"_monsterinsights_sitenote_note":"","_monsterinsights_sitenote_category":0,"jnews-multi-image_gallery":[],"jnews_single_post":{"subtitle":"","format":"standard","video":"","gallery":"","source_name":"","source_url":"","via_name":"","via_url":"","override_template":"0","override":[{"template":"1","single_blog_custom":"","parallax":"1","fullscreen":"1","layout":"right-sidebar","sidebar":"default-sidebar","second_sidebar":"default-sidebar","sticky_sidebar":"1","share_position":"top","share_float_style":"share-monocrhome","show_share_counter":"1","show_view_counter":"1","show_featured":"1","show_post_meta":"1","show_post_author":"1","show_post_author_image":"1","show_post_date":"1","post_date_format":"default","post_date_format_custom":"Y\/m\/d","show_post_category":"1","show_post_reading_time":"0","post_reading_time_wpm":"300","show_zoom_button":"0","zoom_button_out_step":"2","zoom_button_in_step":"3","show_post_tag":"1","show_prev_next_post":"1","show_popup_post":"1","number_popup_post":"1","show_author_box":"1","show_post_related":"0","show_inline_post_related":"0"}],"override_image_size":"0","image_override":[{"single_post_thumbnail_size":"crop-500","single_post_gallery_size":"crop-500"}],"trending_post":"0","trending_post_position":"meta","trending_post_label":"Trending","sponsored_post":"0","sponsored_post_label":"Sponsored by","sponsored_post_name":"","sponsored_post_url":"","sponsored_post_logo_enable":"0","sponsored_post_logo":"","sponsored_post_desc":"","disable_ad":"0"},"jnews_primary_category":{"id":""},"footnotes":""},"categories":[1],"tags":[],"class_list":["post-89829","post","type-post","status-publish","format-standard","has-post-thumbnail","hentry","category-uncategorized"],"aioseo_notices":[],"_links":{"self":[{"href":"https:\/\/estado29.mx\/index.php?rest_route=\/wp\/v2\/posts\/89829","targetHints":{"allow":["GET"]}}],"collection":[{"href":"https:\/\/estado29.mx\/index.php?rest_route=\/wp\/v2\/posts"}],"about":[{"href":"https:\/\/estado29.mx\/index.php?rest_route=\/wp\/v2\/types\/post"}],"author":[{"embeddable":true,"href":"https:\/\/estado29.mx\/index.php?rest_route=\/wp\/v2\/users\/7"}],"replies":[{"embeddable":true,"href":"https:\/\/estado29.mx\/index.php?rest_route=%2Fwp%2Fv2%2Fcomments&post=89829"}],"version-history":[{"count":1,"href":"https:\/\/estado29.mx\/index.php?rest_route=\/wp\/v2\/posts\/89829\/revisions"}],"predecessor-version":[{"id":89831,"href":"https:\/\/estado29.mx\/index.php?rest_route=\/wp\/v2\/posts\/89829\/revisions\/89831"}],"wp:featuredmedia":[{"embeddable":true,"href":"https:\/\/estado29.mx\/index.php?rest_route=\/wp\/v2\/media\/89830"}],"wp:attachment":[{"href":"https:\/\/estado29.mx\/index.php?rest_route=%2Fwp%2Fv2%2Fmedia&parent=89829"}],"wp:term":[{"taxonomy":"category","embeddable":true,"href":"https:\/\/estado29.mx\/index.php?rest_route=%2Fwp%2Fv2%2Fcategories&post=89829"},{"taxonomy":"post_tag","embeddable":true,"href":"https:\/\/estado29.mx\/index.php?rest_route=%2Fwp%2Fv2%2Ftags&post=89829"}],"curies":[{"name":"wp","href":"https:\/\/api.w.org\/{rel}","templated":true}]}}