{"id":89832,"date":"2024-08-08T02:44:43","date_gmt":"2024-08-08T02:44:43","guid":{"rendered":"https:\/\/estado29.mx\/?p=89832"},"modified":"2024-08-08T02:44:45","modified_gmt":"2024-08-08T02:44:45","slug":"invita-secretaria-de-cultura-de-tlaxcala-a-participar-en-premios-estatales-de-artes-visuales-2024","status":"publish","type":"post","link":"https:\/\/estado29.mx\/?p=89832","title":{"rendered":"Invita Secretar\u00eda de Cultura de Tlaxcala a participar en Premios Estatales de Artes Visuales 2024."},"content":{"rendered":"\n<p>El titular de la Secretar\u00eda de Cultura de Tlaxcala, Antonio Mart\u00ednez Vel\u00e1zquez, invita a las y los artistas pl\u00e1sticos, originarios o residentes en estado, con una antig\u00fcedad m\u00ednima de cuatro a\u00f1os comprobables, a participar en los Premios Estatales de Artes Visuales 2024.<\/p>\n\n\n\n<p><br>Las categor\u00edas disponibles para participar son: pintura, grabado, ilustraci\u00f3n, escultura, fotograf\u00eda y audiovisual.<br>Las y los interesados, tendr\u00e1n como fecha l\u00edmite el pr\u00f3ximo 30 de agosto, para cumplir con los requisitos y procesos estipulados en la edici\u00f3n 2024.<\/p>\n\n\n\n<figure class=\"wp-block-image size-large\"><img loading=\"lazy\" decoding=\"async\" width=\"1024\" height=\"683\" src=\"https:\/\/estado29.mx\/wp-content\/uploads\/2024\/08\/IMG-20240806-WA0014-1024x683.jpg\" alt=\"\" class=\"wp-image-89835\" srcset=\"https:\/\/estado29.mx\/wp-content\/uploads\/2024\/08\/IMG-20240806-WA0014-1024x683.jpg 1024w, https:\/\/estado29.mx\/wp-content\/uploads\/2024\/08\/IMG-20240806-WA0014-300x200.jpg 300w, https:\/\/estado29.mx\/wp-content\/uploads\/2024\/08\/IMG-20240806-WA0014-768x512.jpg 768w, https:\/\/estado29.mx\/wp-content\/uploads\/2024\/08\/IMG-20240806-WA0014-1536x1024.jpg 1536w, https:\/\/estado29.mx\/wp-content\/uploads\/2024\/08\/IMG-20240806-WA0014-750x500.jpg 750w, https:\/\/estado29.mx\/wp-content\/uploads\/2024\/08\/IMG-20240806-WA0014-1140x760.jpg 1140w, https:\/\/estado29.mx\/wp-content\/uploads\/2024\/08\/IMG-20240806-WA0014.jpg 1599w\" sizes=\"auto, (max-width: 1024px) 100vw, 1024px\" \/><\/figure>\n\n\n\n<p><br>Es importante destacar que no podr\u00e1n participar funcionarios, trabajadores y familiares en primer grado.<\/p>\n\n\n\n<p><br>Las obras participantes, deber\u00e1n estar debidamente presentadas, ser in\u00e9ditas, propiedad del autor, de reciente creaci\u00f3n o producci\u00f3n, no haber sido exhibidas f\u00edsica o virtualmente ni reproducido en medios gr\u00e1ficos o audiovisuales, tampoco haber participado en otros cert\u00e1menes o que tengan apoyo federal en el ejercicio fiscal vigente.<\/p>\n\n\n\n<p><br>No podr\u00e1n participar los creadores que hayan resultado ganadores en a\u00f1os anteriores.<\/p>\n\n\n\n<figure class=\"wp-block-image size-large\"><img loading=\"lazy\" decoding=\"async\" width=\"1024\" height=\"683\" src=\"https:\/\/estado29.mx\/wp-content\/uploads\/2024\/08\/IMG-20240806-WA0016-1024x683.jpg\" alt=\"\" class=\"wp-image-89834\" srcset=\"https:\/\/estado29.mx\/wp-content\/uploads\/2024\/08\/IMG-20240806-WA0016-1024x683.jpg 1024w, https:\/\/estado29.mx\/wp-content\/uploads\/2024\/08\/IMG-20240806-WA0016-300x200.jpg 300w, https:\/\/estado29.mx\/wp-content\/uploads\/2024\/08\/IMG-20240806-WA0016-768x512.jpg 768w, https:\/\/estado29.mx\/wp-content\/uploads\/2024\/08\/IMG-20240806-WA0016-1536x1024.jpg 1536w, https:\/\/estado29.mx\/wp-content\/uploads\/2024\/08\/IMG-20240806-WA0016-750x500.jpg 750w, https:\/\/estado29.mx\/wp-content\/uploads\/2024\/08\/IMG-20240806-WA0016-1140x760.jpg 1140w, https:\/\/estado29.mx\/wp-content\/uploads\/2024\/08\/IMG-20240806-WA0016.jpg 1599w\" sizes=\"auto, (max-width: 1024px) 100vw, 1024px\" \/><\/figure>\n\n\n\n<p><br>Las obras que no cumplan con los requisitos y la documentaci\u00f3n especificados ser\u00e1n descalificadas autom\u00e1ticamente.<\/p>\n\n\n\n<p><br>No se registrar\u00e1n ni aceptar\u00e1n obras que no cuenten con la ficha t\u00e9cnica y el embalaje adecuado, tampoco se admitir\u00e1n obras realizadas con materiales perecederos o frescos.<\/p>\n\n\n\n<p><br>Para el proceso de preselecci\u00f3n, los aspirantes deber\u00e1n enviar de manera digital a la direcci\u00f3n de correo electr\u00f3nico premiostlax@gmail.com los siguientes requerimientos: fotograf\u00eda de la obra en alta resoluci\u00f3n, incluir una rese\u00f1a de la obra con un m\u00e1ximo de media cuartilla, identificada con nombre completo del autor, domicilio, n\u00famero telef\u00f3nico, correo electr\u00f3nico y cualquier otro dato de contacto.<\/p>\n\n\n\n<figure class=\"wp-block-image size-large\"><img loading=\"lazy\" decoding=\"async\" width=\"1024\" height=\"683\" src=\"https:\/\/estado29.mx\/wp-content\/uploads\/2024\/08\/IMG-20240806-WA0018-1024x683.jpg\" alt=\"\" class=\"wp-image-89836\" srcset=\"https:\/\/estado29.mx\/wp-content\/uploads\/2024\/08\/IMG-20240806-WA0018-1024x683.jpg 1024w, https:\/\/estado29.mx\/wp-content\/uploads\/2024\/08\/IMG-20240806-WA0018-300x200.jpg 300w, https:\/\/estado29.mx\/wp-content\/uploads\/2024\/08\/IMG-20240806-WA0018-768x512.jpg 768w, https:\/\/estado29.mx\/wp-content\/uploads\/2024\/08\/IMG-20240806-WA0018-1536x1024.jpg 1536w, https:\/\/estado29.mx\/wp-content\/uploads\/2024\/08\/IMG-20240806-WA0018-750x500.jpg 750w, https:\/\/estado29.mx\/wp-content\/uploads\/2024\/08\/IMG-20240806-WA0018-1140x760.jpg 1140w, https:\/\/estado29.mx\/wp-content\/uploads\/2024\/08\/IMG-20240806-WA0018.jpg 1599w\" sizes=\"auto, (max-width: 1024px) 100vw, 1024px\" \/><\/figure>\n\n\n\n<p><br>Sumado a lo anterior, deber\u00e1n presentar acta de nacimiento, identificaci\u00f3n oficial (en caso de que el domicilio no corresponda al Estado de Tlaxcala deber\u00e1 presentar carta de radicaci\u00f3n), incluir la semblanza de su trayectoria con un m\u00e1ximo de una cuartilla y, como m\u00ednimo, presentar una o tres evidencias de dos exposiciones colectivas y una individual.<\/p>\n\n\n\n<p><br>Los resultados de la preselecci\u00f3n, ser\u00e1n publicados en las redes sociales y en la p\u00e1gina oficial de la Secretar\u00eda de Cultura, el d\u00eda 13 de septiembre de 2024.<\/p>\n\n\n\n<p><br>Para la fase de selecci\u00f3n, las obras seleccionadas, deber\u00e1n entregarse debidamente presentadas para su montaje, con ficha t\u00e9cnica y embaladas, incluyendo instructivo para el montaje especial y documentaci\u00f3n en f\u00edsico, en el Centro de las Artes \/ Secretar\u00eda de Cultura de Tlaxcala, ubicado en Calle Fernando Solana No 1, Col. San Luis Apizaquito, Apizaco, Tlaxcala, del 17 al 27 de septiembre de lunes a viernes, en un horario de 10:00 a 13:00 horas.<\/p>\n\n\n\n<figure class=\"wp-block-image size-large\"><img loading=\"lazy\" decoding=\"async\" width=\"1024\" height=\"683\" src=\"https:\/\/estado29.mx\/wp-content\/uploads\/2024\/08\/IMG-20240806-WA0017-1024x683.jpg\" alt=\"\" class=\"wp-image-89837\" srcset=\"https:\/\/estado29.mx\/wp-content\/uploads\/2024\/08\/IMG-20240806-WA0017-1024x683.jpg 1024w, https:\/\/estado29.mx\/wp-content\/uploads\/2024\/08\/IMG-20240806-WA0017-300x200.jpg 300w, https:\/\/estado29.mx\/wp-content\/uploads\/2024\/08\/IMG-20240806-WA0017-768x512.jpg 768w, https:\/\/estado29.mx\/wp-content\/uploads\/2024\/08\/IMG-20240806-WA0017-1536x1024.jpg 1536w, https:\/\/estado29.mx\/wp-content\/uploads\/2024\/08\/IMG-20240806-WA0017-750x500.jpg 750w, https:\/\/estado29.mx\/wp-content\/uploads\/2024\/08\/IMG-20240806-WA0017-1140x760.jpg 1140w, https:\/\/estado29.mx\/wp-content\/uploads\/2024\/08\/IMG-20240806-WA0017.jpg 1599w\" sizes=\"auto, (max-width: 1024px) 100vw, 1024px\" \/><\/figure>\n\n\n\n<p><br>El jurado calificador, ser\u00e1 externo a la Secretar\u00eda de Cultura de Tlaxcala, el cu\u00e1l, estar\u00e1 integrado por artistas visuales de reconocida trayectoria, cuyos nombres se dar\u00e1n a conocer en el momento de la publicaci\u00f3n de los resultados, que ser\u00e1 el 8 de noviembre del a\u00f1o en curso, en la p\u00e1gina oficial y redes sociales de la Secretar\u00eda de Cultura.<\/p>\n\n\n\n<p><br>Los criterios a considerar por los jurados para la selecci\u00f3n de obras ser\u00e1n: el cumplimiento a las bases espec\u00edficas, originalidad, t\u00e9cnica y la composici\u00f3n.<\/p>\n\n\n\n<p><br>Las obras ganadoras formar\u00e1n parte del Acervo Art\u00edstico del Gobierno del Estado y los ganadores conservar\u00e1n los derechos de autor de su obra.<\/p>\n\n\n<figure class=\"wp-block-post-featured-image\"><img loading=\"lazy\" decoding=\"async\" width=\"1599\" height=\"1066\" src=\"https:\/\/estado29.mx\/wp-content\/uploads\/2024\/08\/IMG-20240806-WA0015.jpg\" class=\"attachment-post-thumbnail size-post-thumbnail wp-post-image\" alt=\"\" style=\"object-fit:cover;\" srcset=\"https:\/\/estado29.mx\/wp-content\/uploads\/2024\/08\/IMG-20240806-WA0015.jpg 1599w, https:\/\/estado29.mx\/wp-content\/uploads\/2024\/08\/IMG-20240806-WA0015-300x200.jpg 300w, https:\/\/estado29.mx\/wp-content\/uploads\/2024\/08\/IMG-20240806-WA0015-1024x683.jpg 1024w, https:\/\/estado29.mx\/wp-content\/uploads\/2024\/08\/IMG-20240806-WA0015-768x512.jpg 768w, https:\/\/estado29.mx\/wp-content\/uploads\/2024\/08\/IMG-20240806-WA0015-1536x1024.jpg 1536w, https:\/\/estado29.mx\/wp-content\/uploads\/2024\/08\/IMG-20240806-WA0015-750x500.jpg 750w, https:\/\/estado29.mx\/wp-content\/uploads\/2024\/08\/IMG-20240806-WA0015-1140x760.jpg 1140w\" sizes=\"auto, (max-width: 1599px) 100vw, 1599px\" \/><\/figure>","protected":false},"excerpt":{"rendered":"<p>El titular de la Secretar\u00eda de Cultura de Tlaxcala, Antonio Mart\u00ednez Vel\u00e1zquez, invita a las y los artistas pl\u00e1sticos, originarios o residentes en estado, con una antig\u00fcedad m\u00ednima de cuatro a\u00f1os comprobables, a participar en los Premios Estatales de Artes Visuales 2024. Las categor\u00edas disponibles para participar son: pintura, grabado, ilustraci\u00f3n, escultura, fotograf\u00eda y audiovisual.Las [&hellip;]<\/p>\n","protected":false},"author":7,"featured_media":89833,"comment_status":"open","ping_status":"open","sticky":false,"template":"","format":"standard","meta":{"om_disable_all_campaigns":false,"_monsterinsights_skip_tracking":false,"_monsterinsights_sitenote_active":false,"_monsterinsights_sitenote_note":"","_monsterinsights_sitenote_category":0,"jnews-multi-image_gallery":[],"jnews_single_post":{"subtitle":"","format":"standard","video":"","gallery":"","source_name":"","source_url":"","via_name":"","via_url":"","override_template":"0","override":[{"template":"1","single_blog_custom":"","parallax":"1","fullscreen":"1","layout":"right-sidebar","sidebar":"default-sidebar","second_sidebar":"default-sidebar","sticky_sidebar":"1","share_position":"top","share_float_style":"share-monocrhome","show_share_counter":"1","show_view_counter":"1","show_featured":"1","show_post_meta":"1","show_post_author":"1","show_post_author_image":"1","show_post_date":"1","post_date_format":"default","post_date_format_custom":"Y\/m\/d","show_post_category":"1","show_post_reading_time":"0","post_reading_time_wpm":"300","show_zoom_button":"0","zoom_button_out_step":"2","zoom_button_in_step":"3","show_post_tag":"1","show_prev_next_post":"1","show_popup_post":"1","number_popup_post":"1","show_author_box":"1","show_post_related":"0","show_inline_post_related":"0"}],"override_image_size":"0","image_override":[{"single_post_thumbnail_size":"crop-500","single_post_gallery_size":"crop-500"}],"trending_post":"0","trending_post_position":"meta","trending_post_label":"Trending","sponsored_post":"0","sponsored_post_label":"Sponsored by","sponsored_post_name":"","sponsored_post_url":"","sponsored_post_logo_enable":"0","sponsored_post_logo":"","sponsored_post_desc":"","disable_ad":"0"},"jnews_primary_category":{"id":""},"footnotes":""},"categories":[1],"tags":[],"class_list":["post-89832","post","type-post","status-publish","format-standard","has-post-thumbnail","hentry","category-uncategorized"],"aioseo_notices":[],"_links":{"self":[{"href":"https:\/\/estado29.mx\/index.php?rest_route=\/wp\/v2\/posts\/89832","targetHints":{"allow":["GET"]}}],"collection":[{"href":"https:\/\/estado29.mx\/index.php?rest_route=\/wp\/v2\/posts"}],"about":[{"href":"https:\/\/estado29.mx\/index.php?rest_route=\/wp\/v2\/types\/post"}],"author":[{"embeddable":true,"href":"https:\/\/estado29.mx\/index.php?rest_route=\/wp\/v2\/users\/7"}],"replies":[{"embeddable":true,"href":"https:\/\/estado29.mx\/index.php?rest_route=%2Fwp%2Fv2%2Fcomments&post=89832"}],"version-history":[{"count":1,"href":"https:\/\/estado29.mx\/index.php?rest_route=\/wp\/v2\/posts\/89832\/revisions"}],"predecessor-version":[{"id":89838,"href":"https:\/\/estado29.mx\/index.php?rest_route=\/wp\/v2\/posts\/89832\/revisions\/89838"}],"wp:featuredmedia":[{"embeddable":true,"href":"https:\/\/estado29.mx\/index.php?rest_route=\/wp\/v2\/media\/89833"}],"wp:attachment":[{"href":"https:\/\/estado29.mx\/index.php?rest_route=%2Fwp%2Fv2%2Fmedia&parent=89832"}],"wp:term":[{"taxonomy":"category","embeddable":true,"href":"https:\/\/estado29.mx\/index.php?rest_route=%2Fwp%2Fv2%2Fcategories&post=89832"},{"taxonomy":"post_tag","embeddable":true,"href":"https:\/\/estado29.mx\/index.php?rest_route=%2Fwp%2Fv2%2Ftags&post=89832"}],"curies":[{"name":"wp","href":"https:\/\/api.w.org\/{rel}","templated":true}]}}