{"id":89843,"date":"2024-08-09T02:34:40","date_gmt":"2024-08-09T02:34:40","guid":{"rendered":"https:\/\/estado29.mx\/?p=89843"},"modified":"2024-08-09T02:34:41","modified_gmt":"2024-08-09T02:34:41","slug":"se-lleva-a-cabo-la-presentacion-del-libro-motivos-para-enamorarte-de-huamantla","status":"publish","type":"post","link":"https:\/\/estado29.mx\/?p=89843","title":{"rendered":"Se lleva a cabo la Presentaci\u00f3n del libro \u201cMotivos para Enamorarte de Huamantla\u201d."},"content":{"rendered":"\n<p>Este jueves 8 de agosto del a\u00f1o en curso, se llev\u00f3 a cabo en el municipio de Huamantla, la presentaci\u00f3n del libro \u201cMotivos para Enamorarte de Huamantla\u201d, del autor originario del lugar antes mencionado, Antonio de la Vega.<\/p>\n\n\n\n<figure class=\"wp-block-image size-large\"><img loading=\"lazy\" decoding=\"async\" width=\"1024\" height=\"768\" src=\"https:\/\/estado29.mx\/wp-content\/uploads\/2024\/08\/IMG_20240808_192134-min-1024x768.jpg\" alt=\"\" class=\"wp-image-89845\" srcset=\"https:\/\/estado29.mx\/wp-content\/uploads\/2024\/08\/IMG_20240808_192134-min-1024x768.jpg 1024w, https:\/\/estado29.mx\/wp-content\/uploads\/2024\/08\/IMG_20240808_192134-min-300x225.jpg 300w, https:\/\/estado29.mx\/wp-content\/uploads\/2024\/08\/IMG_20240808_192134-min-768x576.jpg 768w, https:\/\/estado29.mx\/wp-content\/uploads\/2024\/08\/IMG_20240808_192134-min-1536x1152.jpg 1536w, https:\/\/estado29.mx\/wp-content\/uploads\/2024\/08\/IMG_20240808_192134-min-2048x1536.jpg 2048w, https:\/\/estado29.mx\/wp-content\/uploads\/2024\/08\/IMG_20240808_192134-min-750x563.jpg 750w, https:\/\/estado29.mx\/wp-content\/uploads\/2024\/08\/IMG_20240808_192134-min-1140x855.jpg 1140w\" sizes=\"auto, (max-width: 1024px) 100vw, 1024px\" \/><\/figure>\n\n\n\n<p><br>El evento se realiz\u00f3 en las instalaciones del Centro Cultural de esta ciudad, como parte de los eventos de la Feria Internacional de Arte Ef\u00edmero y la Dalia Huamantla 2024, en honor a la Virgen de la Caridad, ante la presencia de autoridades municipales, familiares del autor y asistentes a esta presentaci\u00f3n.<\/p>\n\n\n\n<p><br>En su mensaje, la Coordinadora de Cultura municipal, Isabel Aquino Romero, felicit\u00f3 al este joven artista, fot\u00f3grafo y autor, por el logro en este proyecto.<\/p>\n\n\n\n<figure class=\"wp-block-image size-large\"><img loading=\"lazy\" decoding=\"async\" width=\"1024\" height=\"768\" src=\"https:\/\/estado29.mx\/wp-content\/uploads\/2024\/08\/IMG_20240808_192024-min-1024x768.jpg\" alt=\"\" class=\"wp-image-89846\" srcset=\"https:\/\/estado29.mx\/wp-content\/uploads\/2024\/08\/IMG_20240808_192024-min-1024x768.jpg 1024w, https:\/\/estado29.mx\/wp-content\/uploads\/2024\/08\/IMG_20240808_192024-min-300x225.jpg 300w, https:\/\/estado29.mx\/wp-content\/uploads\/2024\/08\/IMG_20240808_192024-min-768x576.jpg 768w, https:\/\/estado29.mx\/wp-content\/uploads\/2024\/08\/IMG_20240808_192024-min-1536x1152.jpg 1536w, https:\/\/estado29.mx\/wp-content\/uploads\/2024\/08\/IMG_20240808_192024-min-2048x1536.jpg 2048w, https:\/\/estado29.mx\/wp-content\/uploads\/2024\/08\/IMG_20240808_192024-min-750x563.jpg 750w, https:\/\/estado29.mx\/wp-content\/uploads\/2024\/08\/IMG_20240808_192024-min-1140x855.jpg 1140w\" sizes=\"auto, (max-width: 1024px) 100vw, 1024px\" \/><\/figure>\n\n\n\n<p><br>Manuel de la Vega Moreno, Director del Centro Cultural Huamantla, en su intervenci\u00f3n, reconoci\u00f3 el esfuerzo que puso este artista para lograr la publicaci\u00f3n del libro \u201cMotivos para Enamorarte de Huamantla\u201d.<\/p>\n\n\n\n<p><br>Por su parte, Horacio Antonio Ramos de la Vega, comparti\u00f3 c\u00f3mo es que surge esta inquietud por crear un libro inspirado en diversas caracter\u00edsticas y detalles de Huamantla, cu\u00e1nto tiempo le tom\u00f3 la creaci\u00f3n de \u201cMotivos para Enamorarte de Huamantla\u201d, as\u00ed como algunos de los poemas que contiene, entre los que destac\u00f3 \u201cHuamantla, hogar como ninguno\u201d, \u201cToro de Hierro\u201d, \u201cMalinche\u201d y muchos otros m\u00e1s.<\/p>\n\n\n<figure class=\"wp-block-post-featured-image\"><img loading=\"lazy\" decoding=\"async\" width=\"2560\" height=\"1920\" src=\"https:\/\/estado29.mx\/wp-content\/uploads\/2024\/08\/IMG_20240808_181724-min-scaled.jpg\" class=\"attachment-post-thumbnail size-post-thumbnail wp-post-image\" alt=\"\" style=\"object-fit:cover;\" srcset=\"https:\/\/estado29.mx\/wp-content\/uploads\/2024\/08\/IMG_20240808_181724-min-scaled.jpg 2560w, https:\/\/estado29.mx\/wp-content\/uploads\/2024\/08\/IMG_20240808_181724-min-300x225.jpg 300w, https:\/\/estado29.mx\/wp-content\/uploads\/2024\/08\/IMG_20240808_181724-min-1024x768.jpg 1024w, https:\/\/estado29.mx\/wp-content\/uploads\/2024\/08\/IMG_20240808_181724-min-768x576.jpg 768w, https:\/\/estado29.mx\/wp-content\/uploads\/2024\/08\/IMG_20240808_181724-min-1536x1152.jpg 1536w, https:\/\/estado29.mx\/wp-content\/uploads\/2024\/08\/IMG_20240808_181724-min-2048x1536.jpg 2048w, https:\/\/estado29.mx\/wp-content\/uploads\/2024\/08\/IMG_20240808_181724-min-750x563.jpg 750w, https:\/\/estado29.mx\/wp-content\/uploads\/2024\/08\/IMG_20240808_181724-min-1140x855.jpg 1140w\" sizes=\"auto, (max-width: 2560px) 100vw, 2560px\" \/><\/figure>\n\n\n<p><br>Asimismo, Jos\u00e9 Hern\u00e1ndez Castillo, Cronista Municipal, reconoci\u00f3 y record\u00f3 la trayectoria de la familia de la Vega en Huamantla, a trav\u00e9s de la historia.<\/p>\n\n\n\n<p><br>Para finalizar el evento, se procedi\u00f3 a la firma y entrega de algunos ejemplares a los asistentes a este evento.<\/p>\n","protected":false},"excerpt":{"rendered":"<p>Este jueves 8 de agosto del a\u00f1o en curso, se llev\u00f3 a cabo en el municipio de Huamantla, la presentaci\u00f3n del libro \u201cMotivos para Enamorarte de Huamantla\u201d, del autor originario del lugar antes mencionado, Antonio de la Vega. El evento se realiz\u00f3 en las instalaciones del Centro Cultural de esta ciudad, como parte de los [&hellip;]<\/p>\n","protected":false},"author":7,"featured_media":89844,"comment_status":"open","ping_status":"open","sticky":false,"template":"","format":"standard","meta":{"om_disable_all_campaigns":false,"_monsterinsights_skip_tracking":false,"_monsterinsights_sitenote_active":false,"_monsterinsights_sitenote_note":"","_monsterinsights_sitenote_category":0,"jnews-multi-image_gallery":[],"jnews_single_post":{"subtitle":"","format":"standard","video":"","gallery":"","source_name":"","source_url":"","via_name":"","via_url":"","override_template":"0","override":[{"template":"1","single_blog_custom":"","parallax":"1","fullscreen":"1","layout":"right-sidebar","sidebar":"default-sidebar","second_sidebar":"default-sidebar","sticky_sidebar":"1","share_position":"top","share_float_style":"share-monocrhome","show_share_counter":"1","show_view_counter":"1","show_featured":"1","show_post_meta":"1","show_post_author":"1","show_post_author_image":"1","show_post_date":"1","post_date_format":"default","post_date_format_custom":"Y\/m\/d","show_post_category":"1","show_post_reading_time":"0","post_reading_time_wpm":"300","show_zoom_button":"0","zoom_button_out_step":"2","zoom_button_in_step":"3","show_post_tag":"1","show_prev_next_post":"1","show_popup_post":"1","number_popup_post":"1","show_author_box":"1","show_post_related":"0","show_inline_post_related":"0"}],"override_image_size":"0","image_override":[{"single_post_thumbnail_size":"crop-500","single_post_gallery_size":"crop-500"}],"trending_post":"0","trending_post_position":"meta","trending_post_label":"Trending","sponsored_post":"0","sponsored_post_label":"Sponsored by","sponsored_post_name":"","sponsored_post_url":"","sponsored_post_logo_enable":"0","sponsored_post_logo":"","sponsored_post_desc":"","disable_ad":"0"},"jnews_primary_category":{"id":""},"footnotes":""},"categories":[1],"tags":[],"class_list":["post-89843","post","type-post","status-publish","format-standard","has-post-thumbnail","hentry","category-uncategorized"],"aioseo_notices":[],"_links":{"self":[{"href":"https:\/\/estado29.mx\/index.php?rest_route=\/wp\/v2\/posts\/89843","targetHints":{"allow":["GET"]}}],"collection":[{"href":"https:\/\/estado29.mx\/index.php?rest_route=\/wp\/v2\/posts"}],"about":[{"href":"https:\/\/estado29.mx\/index.php?rest_route=\/wp\/v2\/types\/post"}],"author":[{"embeddable":true,"href":"https:\/\/estado29.mx\/index.php?rest_route=\/wp\/v2\/users\/7"}],"replies":[{"embeddable":true,"href":"https:\/\/estado29.mx\/index.php?rest_route=%2Fwp%2Fv2%2Fcomments&post=89843"}],"version-history":[{"count":1,"href":"https:\/\/estado29.mx\/index.php?rest_route=\/wp\/v2\/posts\/89843\/revisions"}],"predecessor-version":[{"id":89847,"href":"https:\/\/estado29.mx\/index.php?rest_route=\/wp\/v2\/posts\/89843\/revisions\/89847"}],"wp:featuredmedia":[{"embeddable":true,"href":"https:\/\/estado29.mx\/index.php?rest_route=\/wp\/v2\/media\/89844"}],"wp:attachment":[{"href":"https:\/\/estado29.mx\/index.php?rest_route=%2Fwp%2Fv2%2Fmedia&parent=89843"}],"wp:term":[{"taxonomy":"category","embeddable":true,"href":"https:\/\/estado29.mx\/index.php?rest_route=%2Fwp%2Fv2%2Fcategories&post=89843"},{"taxonomy":"post_tag","embeddable":true,"href":"https:\/\/estado29.mx\/index.php?rest_route=%2Fwp%2Fv2%2Ftags&post=89843"}],"curies":[{"name":"wp","href":"https:\/\/api.w.org\/{rel}","templated":true}]}}