{"id":89848,"date":"2024-08-09T02:36:04","date_gmt":"2024-08-09T02:36:04","guid":{"rendered":"https:\/\/estado29.mx\/?p=89848"},"modified":"2024-08-09T02:36:04","modified_gmt":"2024-08-09T02:36:04","slug":"celebrara-museo-nacional-del-titere-rosete-aranda-33-aniversario-con-funcion-de-gala","status":"publish","type":"post","link":"https:\/\/estado29.mx\/?p=89848","title":{"rendered":"Celebrar\u00e1 Museo Nacional del T\u00edtere \u201cRosete Aranda\u201d 33 Aniversario con funci\u00f3n de gala."},"content":{"rendered":"\n<p>Este viernes nueve del agosto del a\u00f1o en curso, el Museo Nacional del T\u00edtere \u201cRosete Aranda\u201d, celebrar\u00e1 su 33 aniversario.<\/p>\n\n\n\n<p><br>Para dicha celebraci\u00f3n se tendr\u00e1 una funci\u00f3n de gala titulada \u201cCoraz\u00f3n de Agua\u201d, a cargo de Astillero Teatro, la cual tendr\u00e1 lugar, en el auditorio del MUNATI.<\/p>\n\n\n\n<p><br>Esta funci\u00f3n est\u00e1 programada a las seis de la tarde, por lo que se hace la extensa invitaci\u00f3n a la ciudadan\u00eda que desee asistir, la entrada no tendr\u00e1 costo alguno y tampoco l\u00edmite de cupo.<\/p>\n\n\n<figure class=\"wp-block-post-featured-image\"><img loading=\"lazy\" decoding=\"async\" width=\"1600\" height=\"1200\" src=\"https:\/\/estado29.mx\/wp-content\/uploads\/2024\/08\/IMG-20240808-WA0004.jpg\" class=\"attachment-post-thumbnail size-post-thumbnail wp-post-image\" alt=\"\" style=\"object-fit:cover;\" srcset=\"https:\/\/estado29.mx\/wp-content\/uploads\/2024\/08\/IMG-20240808-WA0004.jpg 1600w, https:\/\/estado29.mx\/wp-content\/uploads\/2024\/08\/IMG-20240808-WA0004-300x225.jpg 300w, https:\/\/estado29.mx\/wp-content\/uploads\/2024\/08\/IMG-20240808-WA0004-1024x768.jpg 1024w, https:\/\/estado29.mx\/wp-content\/uploads\/2024\/08\/IMG-20240808-WA0004-768x576.jpg 768w, https:\/\/estado29.mx\/wp-content\/uploads\/2024\/08\/IMG-20240808-WA0004-1536x1152.jpg 1536w, https:\/\/estado29.mx\/wp-content\/uploads\/2024\/08\/IMG-20240808-WA0004-750x563.jpg 750w, https:\/\/estado29.mx\/wp-content\/uploads\/2024\/08\/IMG-20240808-WA0004-1140x855.jpg 1140w\" sizes=\"auto, (max-width: 1600px) 100vw, 1600px\" \/><\/figure>","protected":false},"excerpt":{"rendered":"<p>Este viernes nueve del agosto del a\u00f1o en curso, el Museo Nacional del T\u00edtere \u201cRosete Aranda\u201d, celebrar\u00e1 su 33 aniversario. Para dicha celebraci\u00f3n se tendr\u00e1 una funci\u00f3n de gala titulada \u201cCoraz\u00f3n de Agua\u201d, a cargo de Astillero Teatro, la cual tendr\u00e1 lugar, en el auditorio del MUNATI. Esta funci\u00f3n est\u00e1 programada a las seis de [&hellip;]<\/p>\n","protected":false},"author":7,"featured_media":89849,"comment_status":"open","ping_status":"open","sticky":false,"template":"","format":"standard","meta":{"om_disable_all_campaigns":false,"_monsterinsights_skip_tracking":false,"_monsterinsights_sitenote_active":false,"_monsterinsights_sitenote_note":"","_monsterinsights_sitenote_category":0,"jnews-multi-image_gallery":[],"jnews_single_post":{"subtitle":"","format":"standard","video":"","gallery":"","source_name":"","source_url":"","via_name":"","via_url":"","override_template":"0","override":[{"template":"1","single_blog_custom":"","parallax":"1","fullscreen":"1","layout":"right-sidebar","sidebar":"default-sidebar","second_sidebar":"default-sidebar","sticky_sidebar":"1","share_position":"top","share_float_style":"share-monocrhome","show_share_counter":"1","show_view_counter":"1","show_featured":"1","show_post_meta":"1","show_post_author":"1","show_post_author_image":"1","show_post_date":"1","post_date_format":"default","post_date_format_custom":"Y\/m\/d","show_post_category":"1","show_post_reading_time":"0","post_reading_time_wpm":"300","show_zoom_button":"0","zoom_button_out_step":"2","zoom_button_in_step":"3","show_post_tag":"1","show_prev_next_post":"1","show_popup_post":"1","number_popup_post":"1","show_author_box":"1","show_post_related":"0","show_inline_post_related":"0"}],"override_image_size":"0","image_override":[{"single_post_thumbnail_size":"crop-500","single_post_gallery_size":"crop-500"}],"trending_post":"0","trending_post_position":"meta","trending_post_label":"Trending","sponsored_post":"0","sponsored_post_label":"Sponsored by","sponsored_post_name":"","sponsored_post_url":"","sponsored_post_logo_enable":"0","sponsored_post_logo":"","sponsored_post_desc":"","disable_ad":"0"},"jnews_primary_category":{"id":""},"footnotes":""},"categories":[1],"tags":[],"class_list":["post-89848","post","type-post","status-publish","format-standard","has-post-thumbnail","hentry","category-uncategorized"],"aioseo_notices":[],"_links":{"self":[{"href":"https:\/\/estado29.mx\/index.php?rest_route=\/wp\/v2\/posts\/89848","targetHints":{"allow":["GET"]}}],"collection":[{"href":"https:\/\/estado29.mx\/index.php?rest_route=\/wp\/v2\/posts"}],"about":[{"href":"https:\/\/estado29.mx\/index.php?rest_route=\/wp\/v2\/types\/post"}],"author":[{"embeddable":true,"href":"https:\/\/estado29.mx\/index.php?rest_route=\/wp\/v2\/users\/7"}],"replies":[{"embeddable":true,"href":"https:\/\/estado29.mx\/index.php?rest_route=%2Fwp%2Fv2%2Fcomments&post=89848"}],"version-history":[{"count":1,"href":"https:\/\/estado29.mx\/index.php?rest_route=\/wp\/v2\/posts\/89848\/revisions"}],"predecessor-version":[{"id":89850,"href":"https:\/\/estado29.mx\/index.php?rest_route=\/wp\/v2\/posts\/89848\/revisions\/89850"}],"wp:featuredmedia":[{"embeddable":true,"href":"https:\/\/estado29.mx\/index.php?rest_route=\/wp\/v2\/media\/89849"}],"wp:attachment":[{"href":"https:\/\/estado29.mx\/index.php?rest_route=%2Fwp%2Fv2%2Fmedia&parent=89848"}],"wp:term":[{"taxonomy":"category","embeddable":true,"href":"https:\/\/estado29.mx\/index.php?rest_route=%2Fwp%2Fv2%2Fcategories&post=89848"},{"taxonomy":"post_tag","embeddable":true,"href":"https:\/\/estado29.mx\/index.php?rest_route=%2Fwp%2Fv2%2Ftags&post=89848"}],"curies":[{"name":"wp","href":"https:\/\/api.w.org\/{rel}","templated":true}]}}