{"id":89874,"date":"2024-08-09T20:30:10","date_gmt":"2024-08-09T20:30:10","guid":{"rendered":"https:\/\/estado29.mx\/?p=89874"},"modified":"2024-08-09T20:30:10","modified_gmt":"2024-08-09T20:30:10","slug":"anuncia-centro-cultural-huamantla-cambio-de-horario-de-la-presentacion-de-son-jarocho-la-floresta","status":"publish","type":"post","link":"https:\/\/estado29.mx\/?p=89874","title":{"rendered":"Anuncia Centro Cultural Huamantla cambio de horario de la presentaci\u00f3n de Son Jarocho \u201cLa Floresta\u201d."},"content":{"rendered":"\n<p>Este viernes nueve de agosto del a\u00f1o en curso, el Centro Cultural Huamantla, anunci\u00f3 el cambio de horario, de la presentaci\u00f3n del Son Jarocho \u201cLa Floresta\u201d.<\/p>\n\n\n\n<p><br>Esta actividad, qued\u00f3 programada para el d\u00eda de ma\u00f1ana s\u00e1bado 10 de agosto a partir de las tres treinta de la tarde.<\/p>\n\n\n\n<p><br>Esta presentaci\u00f3n, tendr\u00e1 lugar en las instalaciones del Centro Cultural Huamantla, por lo que hace extensa la invitaci\u00f3n al auditorio de En Punto, para que acuda a este evento.<\/p>\n\n\n<figure class=\"wp-block-post-featured-image\"><img loading=\"lazy\" decoding=\"async\" width=\"720\" height=\"1268\" src=\"https:\/\/estado29.mx\/wp-content\/uploads\/2024\/08\/Screenshot_2024-08-09-12-26-58-1832.jpg\" class=\"attachment-post-thumbnail size-post-thumbnail wp-post-image\" alt=\"\" style=\"object-fit:cover;\" srcset=\"https:\/\/estado29.mx\/wp-content\/uploads\/2024\/08\/Screenshot_2024-08-09-12-26-58-1832.jpg 720w, https:\/\/estado29.mx\/wp-content\/uploads\/2024\/08\/Screenshot_2024-08-09-12-26-58-1832-170x300.jpg 170w, https:\/\/estado29.mx\/wp-content\/uploads\/2024\/08\/Screenshot_2024-08-09-12-26-58-1832-581x1024.jpg 581w\" sizes=\"auto, (max-width: 720px) 100vw, 720px\" \/><\/figure>","protected":false},"excerpt":{"rendered":"<p>Este viernes nueve de agosto del a\u00f1o en curso, el Centro Cultural Huamantla, anunci\u00f3 el cambio de horario, de la presentaci\u00f3n del Son Jarocho \u201cLa Floresta\u201d. Esta actividad, qued\u00f3 programada para el d\u00eda de ma\u00f1ana s\u00e1bado 10 de agosto a partir de las tres treinta de la tarde. Esta presentaci\u00f3n, tendr\u00e1 lugar en las instalaciones [&hellip;]<\/p>\n","protected":false},"author":7,"featured_media":89876,"comment_status":"open","ping_status":"open","sticky":false,"template":"","format":"standard","meta":{"om_disable_all_campaigns":false,"_monsterinsights_skip_tracking":false,"_monsterinsights_sitenote_active":false,"_monsterinsights_sitenote_note":"","_monsterinsights_sitenote_category":0,"jnews-multi-image_gallery":[],"jnews_single_post":{"subtitle":"","format":"standard","video":"","gallery":"","source_name":"","source_url":"","via_name":"","via_url":"","override_template":"0","override":[{"template":"1","single_blog_custom":"","parallax":"1","fullscreen":"1","layout":"right-sidebar","sidebar":"default-sidebar","second_sidebar":"default-sidebar","sticky_sidebar":"1","share_position":"top","share_float_style":"share-monocrhome","show_share_counter":"1","show_view_counter":"1","show_featured":"1","show_post_meta":"1","show_post_author":"1","show_post_author_image":"1","show_post_date":"1","post_date_format":"default","post_date_format_custom":"Y\/m\/d","show_post_category":"1","show_post_reading_time":"0","post_reading_time_wpm":"300","show_zoom_button":"0","zoom_button_out_step":"2","zoom_button_in_step":"3","show_post_tag":"1","show_prev_next_post":"1","show_popup_post":"1","number_popup_post":"1","show_author_box":"1","show_post_related":"0","show_inline_post_related":"0"}],"override_image_size":"0","image_override":[{"single_post_thumbnail_size":"crop-500","single_post_gallery_size":"crop-500"}],"trending_post":"0","trending_post_position":"meta","trending_post_label":"Trending","sponsored_post":"0","sponsored_post_label":"Sponsored by","sponsored_post_name":"","sponsored_post_url":"","sponsored_post_logo_enable":"0","sponsored_post_logo":"","sponsored_post_desc":"","disable_ad":"0"},"jnews_primary_category":{"id":""},"footnotes":""},"categories":[1],"tags":[],"class_list":["post-89874","post","type-post","status-publish","format-standard","has-post-thumbnail","hentry","category-uncategorized"],"aioseo_notices":[],"_links":{"self":[{"href":"https:\/\/estado29.mx\/index.php?rest_route=\/wp\/v2\/posts\/89874","targetHints":{"allow":["GET"]}}],"collection":[{"href":"https:\/\/estado29.mx\/index.php?rest_route=\/wp\/v2\/posts"}],"about":[{"href":"https:\/\/estado29.mx\/index.php?rest_route=\/wp\/v2\/types\/post"}],"author":[{"embeddable":true,"href":"https:\/\/estado29.mx\/index.php?rest_route=\/wp\/v2\/users\/7"}],"replies":[{"embeddable":true,"href":"https:\/\/estado29.mx\/index.php?rest_route=%2Fwp%2Fv2%2Fcomments&post=89874"}],"version-history":[{"count":1,"href":"https:\/\/estado29.mx\/index.php?rest_route=\/wp\/v2\/posts\/89874\/revisions"}],"predecessor-version":[{"id":89877,"href":"https:\/\/estado29.mx\/index.php?rest_route=\/wp\/v2\/posts\/89874\/revisions\/89877"}],"wp:featuredmedia":[{"embeddable":true,"href":"https:\/\/estado29.mx\/index.php?rest_route=\/wp\/v2\/media\/89876"}],"wp:attachment":[{"href":"https:\/\/estado29.mx\/index.php?rest_route=%2Fwp%2Fv2%2Fmedia&parent=89874"}],"wp:term":[{"taxonomy":"category","embeddable":true,"href":"https:\/\/estado29.mx\/index.php?rest_route=%2Fwp%2Fv2%2Fcategories&post=89874"},{"taxonomy":"post_tag","embeddable":true,"href":"https:\/\/estado29.mx\/index.php?rest_route=%2Fwp%2Fv2%2Ftags&post=89874"}],"curies":[{"name":"wp","href":"https:\/\/api.w.org\/{rel}","templated":true}]}}