{"id":89884,"date":"2024-08-12T03:51:46","date_gmt":"2024-08-12T03:51:46","guid":{"rendered":"https:\/\/estado29.mx\/?p=89884"},"modified":"2024-08-12T03:51:47","modified_gmt":"2024-08-12T03:51:47","slug":"este-lunes-12-de-agosto-se-realizara-el-cambio-de-vestido-a-nuestra-senora-de-la-caridad","status":"publish","type":"post","link":"https:\/\/estado29.mx\/?p=89884","title":{"rendered":"Este lunes 12 de agosto se realizar\u00e1 el cambio de Vestido a Nuestra Se\u00f1ora de la Caridad."},"content":{"rendered":"\n<p>Jos\u00e9 Luis D\u00edaz Silva, P\u00e1rroco de la Bas\u00edlica de Nuestra Se\u00f1ora de la Caridad, comparti\u00f3 las actividades que se tienen pendientes como parte de la Feria Internacional de Arte Ef\u00edmero y la Dalia Huamantla 2024, en honor a Nuestra Se\u00f1ora de la Caridad, en su edici\u00f3n 150, en temas religiosos.<\/p>\n\n\n\n<p><br>Entre estas actividades que se tienen programadas, el P\u00e1rroco D\u00edaz Silva, destac\u00f3 el cambio de Vestido a la Virgen, que ser\u00e1 este lunes 12 de agosto del a\u00f1o en curso, a las doce del d\u00eda, posteriormente, la procesi\u00f3n realizar\u00e1 su recorrido por las calles de esta ciudad.<\/p>\n\n\n\n<p><br>Asimismo, agreg\u00f3 que para el d\u00eda 14 se, se llevar\u00e1 a cabo la Celebraci\u00f3n Eucar\u00edstica, a las doce de la noche.<\/p>\n\n\n\n<p><br>De igual manera, coment\u00f3 que para el d\u00eda 15 de agosto se coronar\u00e1 a la Virgen, a las doce del d\u00eda, por Monse\u00f1or Julio C\u00e9sar Salcedo Aquino, Obispo de Tlaxcala.<\/p>\n\n\n\n<p><br>Para finalizar, el P\u00e1rroco Jos\u00e9 Luis D\u00edaz, hace la invitaci\u00f3n a los pobladores del lugar y municipios vecinos a vivir estas ceremonias religiosas tan importantes entre los feligreses.<\/p>\n\n\n<figure class=\"wp-block-post-featured-image\"><img loading=\"lazy\" decoding=\"async\" width=\"2560\" height=\"1920\" src=\"https:\/\/estado29.mx\/wp-content\/uploads\/2024\/07\/IMG_20240731_135321-min-scaled.jpg\" class=\"attachment-post-thumbnail size-post-thumbnail wp-post-image\" alt=\"\" style=\"object-fit:cover;\" srcset=\"https:\/\/estado29.mx\/wp-content\/uploads\/2024\/07\/IMG_20240731_135321-min-scaled.jpg 2560w, https:\/\/estado29.mx\/wp-content\/uploads\/2024\/07\/IMG_20240731_135321-min-300x225.jpg 300w, https:\/\/estado29.mx\/wp-content\/uploads\/2024\/07\/IMG_20240731_135321-min-1024x768.jpg 1024w, https:\/\/estado29.mx\/wp-content\/uploads\/2024\/07\/IMG_20240731_135321-min-768x576.jpg 768w, https:\/\/estado29.mx\/wp-content\/uploads\/2024\/07\/IMG_20240731_135321-min-1536x1152.jpg 1536w, https:\/\/estado29.mx\/wp-content\/uploads\/2024\/07\/IMG_20240731_135321-min-2048x1536.jpg 2048w, https:\/\/estado29.mx\/wp-content\/uploads\/2024\/07\/IMG_20240731_135321-min-750x563.jpg 750w, https:\/\/estado29.mx\/wp-content\/uploads\/2024\/07\/IMG_20240731_135321-min-1140x855.jpg 1140w\" sizes=\"auto, (max-width: 2560px) 100vw, 2560px\" \/><\/figure>","protected":false},"excerpt":{"rendered":"<p>Jos\u00e9 Luis D\u00edaz Silva, P\u00e1rroco de la Bas\u00edlica de Nuestra Se\u00f1ora de la Caridad, comparti\u00f3 las actividades que se tienen pendientes como parte de la Feria Internacional de Arte Ef\u00edmero y la Dalia Huamantla 2024, en honor a Nuestra Se\u00f1ora de la Caridad, en su edici\u00f3n 150, en temas religiosos. Entre estas actividades que se [&hellip;]<\/p>\n","protected":false},"author":7,"featured_media":89763,"comment_status":"open","ping_status":"open","sticky":false,"template":"","format":"standard","meta":{"om_disable_all_campaigns":false,"_monsterinsights_skip_tracking":false,"_monsterinsights_sitenote_active":false,"_monsterinsights_sitenote_note":"","_monsterinsights_sitenote_category":0,"jnews-multi-image_gallery":[],"jnews_single_post":{"subtitle":"","format":"standard","video":"","gallery":"","source_name":"","source_url":"","via_name":"","via_url":"","override_template":"0","override":[{"template":"1","single_blog_custom":"","parallax":"1","fullscreen":"1","layout":"right-sidebar","sidebar":"default-sidebar","second_sidebar":"default-sidebar","sticky_sidebar":"1","share_position":"top","share_float_style":"share-monocrhome","show_share_counter":"1","show_view_counter":"1","show_featured":"1","show_post_meta":"1","show_post_author":"1","show_post_author_image":"1","show_post_date":"1","post_date_format":"default","post_date_format_custom":"Y\/m\/d","show_post_category":"1","show_post_reading_time":"0","post_reading_time_wpm":"300","show_zoom_button":"0","zoom_button_out_step":"2","zoom_button_in_step":"3","show_post_tag":"1","show_prev_next_post":"1","show_popup_post":"1","number_popup_post":"1","show_author_box":"1","show_post_related":"0","show_inline_post_related":"0"}],"override_image_size":"0","image_override":[{"single_post_thumbnail_size":"crop-500","single_post_gallery_size":"crop-500"}],"trending_post":"0","trending_post_position":"meta","trending_post_label":"Trending","sponsored_post":"0","sponsored_post_label":"Sponsored by","sponsored_post_name":"","sponsored_post_url":"","sponsored_post_logo_enable":"0","sponsored_post_logo":"","sponsored_post_desc":"","disable_ad":"0"},"jnews_primary_category":{"id":""},"footnotes":""},"categories":[1],"tags":[],"class_list":["post-89884","post","type-post","status-publish","format-standard","has-post-thumbnail","hentry","category-uncategorized"],"aioseo_notices":[],"_links":{"self":[{"href":"https:\/\/estado29.mx\/index.php?rest_route=\/wp\/v2\/posts\/89884","targetHints":{"allow":["GET"]}}],"collection":[{"href":"https:\/\/estado29.mx\/index.php?rest_route=\/wp\/v2\/posts"}],"about":[{"href":"https:\/\/estado29.mx\/index.php?rest_route=\/wp\/v2\/types\/post"}],"author":[{"embeddable":true,"href":"https:\/\/estado29.mx\/index.php?rest_route=\/wp\/v2\/users\/7"}],"replies":[{"embeddable":true,"href":"https:\/\/estado29.mx\/index.php?rest_route=%2Fwp%2Fv2%2Fcomments&post=89884"}],"version-history":[{"count":1,"href":"https:\/\/estado29.mx\/index.php?rest_route=\/wp\/v2\/posts\/89884\/revisions"}],"predecessor-version":[{"id":89885,"href":"https:\/\/estado29.mx\/index.php?rest_route=\/wp\/v2\/posts\/89884\/revisions\/89885"}],"wp:featuredmedia":[{"embeddable":true,"href":"https:\/\/estado29.mx\/index.php?rest_route=\/wp\/v2\/media\/89763"}],"wp:attachment":[{"href":"https:\/\/estado29.mx\/index.php?rest_route=%2Fwp%2Fv2%2Fmedia&parent=89884"}],"wp:term":[{"taxonomy":"category","embeddable":true,"href":"https:\/\/estado29.mx\/index.php?rest_route=%2Fwp%2Fv2%2Fcategories&post=89884"},{"taxonomy":"post_tag","embeddable":true,"href":"https:\/\/estado29.mx\/index.php?rest_route=%2Fwp%2Fv2%2Ftags&post=89884"}],"curies":[{"name":"wp","href":"https:\/\/api.w.org\/{rel}","templated":true}]}}