{"id":89889,"date":"2024-08-12T20:13:42","date_gmt":"2024-08-12T20:13:42","guid":{"rendered":"https:\/\/estado29.mx\/?p=89889"},"modified":"2024-08-12T20:13:43","modified_gmt":"2024-08-12T20:13:43","slug":"realizan-en-huamantla-cambio-de-vestido-a-nuestra-senora-de-la-caridad","status":"publish","type":"post","link":"https:\/\/estado29.mx\/?p=89889","title":{"rendered":"Realizan en Huamantla cambio de Vestido a Nuestra Se\u00f1ora de la Caridad."},"content":{"rendered":"\n<p>Este lunes 12 de agosto del a\u00f1o en curso, se llev\u00f3 a cabo en el municipio de Huamantla, el cambio de Vestido a Nuestra Se\u00f1ora de la Caridad.<br>Este cambio de Vestido, lo realiz\u00f3 Monse\u00f1or Julio C\u00e9sar Salcedo Aquino, Obispo de Tlaxcala y Jos\u00e9 Luis D\u00edaz Silva, P\u00e1rroco de la Bas\u00edlica de Nuestra Se\u00f1ora de la Caridad.<\/p>\n\n\n\n\n\n<p><br>Posterior al cambio de Vestido, se llev\u00f3 a cabo una Celebraci\u00f3n Eucar\u00edstica, por el Obispo de Tlaxcala, quien en el serm\u00f3n, invit\u00f3 a seguir el ejemplo de Mar\u00eda en obedecer los mandamientos de Jes\u00fas.<\/p>\n\n\n\n<figure class=\"wp-block-image size-large\"><img loading=\"lazy\" decoding=\"async\" width=\"768\" height=\"1024\" src=\"https:\/\/estado29.mx\/wp-content\/uploads\/2024\/08\/IMG_20240812_131110-min-768x1024.jpg\" alt=\"\" class=\"wp-image-89891\" srcset=\"https:\/\/estado29.mx\/wp-content\/uploads\/2024\/08\/IMG_20240812_131110-min-768x1024.jpg 768w, https:\/\/estado29.mx\/wp-content\/uploads\/2024\/08\/IMG_20240812_131110-min-225x300.jpg 225w, https:\/\/estado29.mx\/wp-content\/uploads\/2024\/08\/IMG_20240812_131110-min-1152x1536.jpg 1152w, https:\/\/estado29.mx\/wp-content\/uploads\/2024\/08\/IMG_20240812_131110-min-1536x2048.jpg 1536w, https:\/\/estado29.mx\/wp-content\/uploads\/2024\/08\/IMG_20240812_131110-min-750x1000.jpg 750w, https:\/\/estado29.mx\/wp-content\/uploads\/2024\/08\/IMG_20240812_131110-min-1140x1520.jpg 1140w, https:\/\/estado29.mx\/wp-content\/uploads\/2024\/08\/IMG_20240812_131110-min-scaled.jpg 1920w\" sizes=\"auto, (max-width: 768px) 100vw, 768px\" \/><\/figure>\n\n\n\n<p><br>Jos\u00e9 Luis D\u00edaz Silva, P\u00e1rroco de la Bas\u00edlica de Nuestra Se\u00f1ora de la Caridad, en su mensaje, agradeci\u00f3 la asistencia del Obispo de Tlaxcala, as\u00ed como de los curad que han participado en las actividades religiosas dentro del marco de la Feria Internacional de Arte Ef\u00edmero y la Dalia Huamantla 2024, en su edici\u00f3n 150.<\/p>\n\n\n<figure class=\"wp-block-post-featured-image\"><img loading=\"lazy\" decoding=\"async\" width=\"1920\" height=\"2560\" src=\"https:\/\/estado29.mx\/wp-content\/uploads\/2024\/08\/IMG_20240812_130757-min-scaled.jpg\" class=\"attachment-post-thumbnail size-post-thumbnail wp-post-image\" alt=\"\" style=\"object-fit:cover;\" srcset=\"https:\/\/estado29.mx\/wp-content\/uploads\/2024\/08\/IMG_20240812_130757-min-scaled.jpg 1920w, https:\/\/estado29.mx\/wp-content\/uploads\/2024\/08\/IMG_20240812_130757-min-225x300.jpg 225w, https:\/\/estado29.mx\/wp-content\/uploads\/2024\/08\/IMG_20240812_130757-min-768x1024.jpg 768w, https:\/\/estado29.mx\/wp-content\/uploads\/2024\/08\/IMG_20240812_130757-min-1152x1536.jpg 1152w, https:\/\/estado29.mx\/wp-content\/uploads\/2024\/08\/IMG_20240812_130757-min-1536x2048.jpg 1536w, https:\/\/estado29.mx\/wp-content\/uploads\/2024\/08\/IMG_20240812_130757-min-750x1000.jpg 750w, https:\/\/estado29.mx\/wp-content\/uploads\/2024\/08\/IMG_20240812_130757-min-1140x1520.jpg 1140w\" sizes=\"auto, (max-width: 1920px) 100vw, 1920px\" \/><\/figure>","protected":false},"excerpt":{"rendered":"<p>Este lunes 12 de agosto del a\u00f1o en curso, se llev\u00f3 a cabo en el municipio de Huamantla, el cambio de Vestido a Nuestra Se\u00f1ora de la Caridad.Este cambio de Vestido, lo realiz\u00f3 Monse\u00f1or Julio C\u00e9sar Salcedo Aquino, Obispo de Tlaxcala y Jos\u00e9 Luis D\u00edaz Silva, P\u00e1rroco de la Bas\u00edlica de Nuestra Se\u00f1ora de la [&hellip;]<\/p>\n","protected":false},"author":7,"featured_media":89890,"comment_status":"open","ping_status":"open","sticky":false,"template":"","format":"standard","meta":{"om_disable_all_campaigns":false,"_monsterinsights_skip_tracking":false,"_monsterinsights_sitenote_active":false,"_monsterinsights_sitenote_note":"","_monsterinsights_sitenote_category":0,"jnews-multi-image_gallery":[],"jnews_single_post":{"subtitle":"","format":"standard","video":"","gallery":"","source_name":"","source_url":"","via_name":"","via_url":"","override_template":"0","override":[{"template":"1","single_blog_custom":"","parallax":"1","fullscreen":"1","layout":"right-sidebar","sidebar":"default-sidebar","second_sidebar":"default-sidebar","sticky_sidebar":"1","share_position":"top","share_float_style":"share-monocrhome","show_share_counter":"1","show_view_counter":"1","show_featured":"1","show_post_meta":"1","show_post_author":"1","show_post_author_image":"1","show_post_date":"1","post_date_format":"default","post_date_format_custom":"Y\/m\/d","show_post_category":"1","show_post_reading_time":"0","post_reading_time_wpm":"300","show_zoom_button":"0","zoom_button_out_step":"2","zoom_button_in_step":"3","show_post_tag":"1","show_prev_next_post":"1","show_popup_post":"1","number_popup_post":"1","show_author_box":"1","show_post_related":"0","show_inline_post_related":"0"}],"override_image_size":"0","image_override":[{"single_post_thumbnail_size":"crop-500","single_post_gallery_size":"crop-500"}],"trending_post":"0","trending_post_position":"meta","trending_post_label":"Trending","sponsored_post":"0","sponsored_post_label":"Sponsored by","sponsored_post_name":"","sponsored_post_url":"","sponsored_post_logo_enable":"0","sponsored_post_logo":"","sponsored_post_desc":"","disable_ad":"0"},"jnews_primary_category":{"id":""},"footnotes":""},"categories":[1],"tags":[],"class_list":["post-89889","post","type-post","status-publish","format-standard","has-post-thumbnail","hentry","category-uncategorized"],"aioseo_notices":[],"_links":{"self":[{"href":"https:\/\/estado29.mx\/index.php?rest_route=\/wp\/v2\/posts\/89889","targetHints":{"allow":["GET"]}}],"collection":[{"href":"https:\/\/estado29.mx\/index.php?rest_route=\/wp\/v2\/posts"}],"about":[{"href":"https:\/\/estado29.mx\/index.php?rest_route=\/wp\/v2\/types\/post"}],"author":[{"embeddable":true,"href":"https:\/\/estado29.mx\/index.php?rest_route=\/wp\/v2\/users\/7"}],"replies":[{"embeddable":true,"href":"https:\/\/estado29.mx\/index.php?rest_route=%2Fwp%2Fv2%2Fcomments&post=89889"}],"version-history":[{"count":1,"href":"https:\/\/estado29.mx\/index.php?rest_route=\/wp\/v2\/posts\/89889\/revisions"}],"predecessor-version":[{"id":89893,"href":"https:\/\/estado29.mx\/index.php?rest_route=\/wp\/v2\/posts\/89889\/revisions\/89893"}],"wp:featuredmedia":[{"embeddable":true,"href":"https:\/\/estado29.mx\/index.php?rest_route=\/wp\/v2\/media\/89890"}],"wp:attachment":[{"href":"https:\/\/estado29.mx\/index.php?rest_route=%2Fwp%2Fv2%2Fmedia&parent=89889"}],"wp:term":[{"taxonomy":"category","embeddable":true,"href":"https:\/\/estado29.mx\/index.php?rest_route=%2Fwp%2Fv2%2Fcategories&post=89889"},{"taxonomy":"post_tag","embeddable":true,"href":"https:\/\/estado29.mx\/index.php?rest_route=%2Fwp%2Fv2%2Ftags&post=89889"}],"curies":[{"name":"wp","href":"https:\/\/api.w.org\/{rel}","templated":true}]}}