{"id":89899,"date":"2024-08-13T02:29:23","date_gmt":"2024-08-13T02:29:23","guid":{"rendered":"https:\/\/estado29.mx\/?p=89899"},"modified":"2024-08-13T02:29:24","modified_gmt":"2024-08-13T02:29:24","slug":"realizaran-trabajos-de-rehabilitacion-en-la-basilica-de-nuestra-senora-de-la-caridad","status":"publish","type":"post","link":"https:\/\/estado29.mx\/?p=89899","title":{"rendered":"Realizar\u00e1n trabajos de Rehabilitaci\u00f3n en la Bas\u00edlica de Nuestra Se\u00f1ora de la Caridad."},"content":{"rendered":"\n<p>En la Celebraci\u00f3n Eucar\u00edstica del Cambio de Vestido a Nuestra Se\u00f1ora de la Caridad, que usted amigo radio escucha debe apreciar, es un Vestido muy bonito, lleno de muchos detalles.<\/p>\n\n\n\n<p><br>En esta Celebraci\u00f3n Eucar\u00edstica, el P\u00e1rroco Jos\u00e9 Luis D\u00edaz Silva, anunci\u00f3 a los asistentes, que se realizar\u00e1n trabajos de rehabilitaci\u00f3n, en estas instalaciones, por lo que se hizo la presentaci\u00f3n del proyecto a cargo del Arquitecto, a quien le ha sido encomendada esta \u201cAdecuaci\u00f3n Lit\u00fargica\u201d, que es en lo que consistir\u00e1n los trabajos.<\/p>\n\n\n\n<p>Se estima que dichos trabajos inicien al finalizar la feria.<\/p>\n\n\n<figure class=\"wp-block-post-featured-image\"><img loading=\"lazy\" decoding=\"async\" width=\"1920\" height=\"2560\" src=\"https:\/\/estado29.mx\/wp-content\/uploads\/2024\/07\/IMG_20240731_130641-min-scaled.jpg\" class=\"attachment-post-thumbnail size-post-thumbnail wp-post-image\" alt=\"\" style=\"object-fit:cover;\" srcset=\"https:\/\/estado29.mx\/wp-content\/uploads\/2024\/07\/IMG_20240731_130641-min-scaled.jpg 1920w, https:\/\/estado29.mx\/wp-content\/uploads\/2024\/07\/IMG_20240731_130641-min-225x300.jpg 225w, https:\/\/estado29.mx\/wp-content\/uploads\/2024\/07\/IMG_20240731_130641-min-768x1024.jpg 768w, https:\/\/estado29.mx\/wp-content\/uploads\/2024\/07\/IMG_20240731_130641-min-1152x1536.jpg 1152w, https:\/\/estado29.mx\/wp-content\/uploads\/2024\/07\/IMG_20240731_130641-min-1536x2048.jpg 1536w, https:\/\/estado29.mx\/wp-content\/uploads\/2024\/07\/IMG_20240731_130641-min-750x1000.jpg 750w, https:\/\/estado29.mx\/wp-content\/uploads\/2024\/07\/IMG_20240731_130641-min-1140x1520.jpg 1140w\" sizes=\"auto, (max-width: 1920px) 100vw, 1920px\" \/><\/figure>","protected":false},"excerpt":{"rendered":"<p>En la Celebraci\u00f3n Eucar\u00edstica del Cambio de Vestido a Nuestra Se\u00f1ora de la Caridad, que usted amigo radio escucha debe apreciar, es un Vestido muy bonito, lleno de muchos detalles. En esta Celebraci\u00f3n Eucar\u00edstica, el P\u00e1rroco Jos\u00e9 Luis D\u00edaz Silva, anunci\u00f3 a los asistentes, que se realizar\u00e1n trabajos de rehabilitaci\u00f3n, en estas instalaciones, por lo [&hellip;]<\/p>\n","protected":false},"author":7,"featured_media":89760,"comment_status":"open","ping_status":"open","sticky":false,"template":"","format":"standard","meta":{"om_disable_all_campaigns":false,"_monsterinsights_skip_tracking":false,"_monsterinsights_sitenote_active":false,"_monsterinsights_sitenote_note":"","_monsterinsights_sitenote_category":0,"jnews-multi-image_gallery":[],"jnews_single_post":{"subtitle":"","format":"standard","video":"","gallery":"","source_name":"","source_url":"","via_name":"","via_url":"","override_template":"0","override":[{"template":"1","single_blog_custom":"","parallax":"1","fullscreen":"1","layout":"right-sidebar","sidebar":"default-sidebar","second_sidebar":"default-sidebar","sticky_sidebar":"1","share_position":"top","share_float_style":"share-monocrhome","show_share_counter":"1","show_view_counter":"1","show_featured":"1","show_post_meta":"1","show_post_author":"1","show_post_author_image":"1","show_post_date":"1","post_date_format":"default","post_date_format_custom":"Y\/m\/d","show_post_category":"1","show_post_reading_time":"0","post_reading_time_wpm":"300","show_zoom_button":"0","zoom_button_out_step":"2","zoom_button_in_step":"3","show_post_tag":"1","show_prev_next_post":"1","show_popup_post":"1","number_popup_post":"1","show_author_box":"1","show_post_related":"0","show_inline_post_related":"0"}],"override_image_size":"0","image_override":[{"single_post_thumbnail_size":"crop-500","single_post_gallery_size":"crop-500"}],"trending_post":"0","trending_post_position":"meta","trending_post_label":"Trending","sponsored_post":"0","sponsored_post_label":"Sponsored by","sponsored_post_name":"","sponsored_post_url":"","sponsored_post_logo_enable":"0","sponsored_post_logo":"","sponsored_post_desc":"","disable_ad":"0"},"jnews_primary_category":{"id":""},"footnotes":""},"categories":[1],"tags":[],"class_list":["post-89899","post","type-post","status-publish","format-standard","has-post-thumbnail","hentry","category-uncategorized"],"aioseo_notices":[],"_links":{"self":[{"href":"https:\/\/estado29.mx\/index.php?rest_route=\/wp\/v2\/posts\/89899","targetHints":{"allow":["GET"]}}],"collection":[{"href":"https:\/\/estado29.mx\/index.php?rest_route=\/wp\/v2\/posts"}],"about":[{"href":"https:\/\/estado29.mx\/index.php?rest_route=\/wp\/v2\/types\/post"}],"author":[{"embeddable":true,"href":"https:\/\/estado29.mx\/index.php?rest_route=\/wp\/v2\/users\/7"}],"replies":[{"embeddable":true,"href":"https:\/\/estado29.mx\/index.php?rest_route=%2Fwp%2Fv2%2Fcomments&post=89899"}],"version-history":[{"count":1,"href":"https:\/\/estado29.mx\/index.php?rest_route=\/wp\/v2\/posts\/89899\/revisions"}],"predecessor-version":[{"id":89900,"href":"https:\/\/estado29.mx\/index.php?rest_route=\/wp\/v2\/posts\/89899\/revisions\/89900"}],"wp:featuredmedia":[{"embeddable":true,"href":"https:\/\/estado29.mx\/index.php?rest_route=\/wp\/v2\/media\/89760"}],"wp:attachment":[{"href":"https:\/\/estado29.mx\/index.php?rest_route=%2Fwp%2Fv2%2Fmedia&parent=89899"}],"wp:term":[{"taxonomy":"category","embeddable":true,"href":"https:\/\/estado29.mx\/index.php?rest_route=%2Fwp%2Fv2%2Fcategories&post=89899"},{"taxonomy":"post_tag","embeddable":true,"href":"https:\/\/estado29.mx\/index.php?rest_route=%2Fwp%2Fv2%2Ftags&post=89899"}],"curies":[{"name":"wp","href":"https:\/\/api.w.org\/{rel}","templated":true}]}}