{"id":89903,"date":"2024-08-13T02:36:59","date_gmt":"2024-08-13T02:36:59","guid":{"rendered":"https:\/\/estado29.mx\/?p=89903"},"modified":"2024-08-13T02:37:00","modified_gmt":"2024-08-13T02:37:00","slug":"se-sumaran-300-titeres-mas-al-museo-nacional-del-titere-rosete-aranda-de-huamantla","status":"publish","type":"post","link":"https:\/\/estado29.mx\/?p=89903","title":{"rendered":"Se sumar\u00e1n 300 t\u00edteres m\u00e1s al Museo Nacional del T\u00edtere \u201cRosete Aranda\u201d de Huamantla."},"content":{"rendered":"\n<p>El Director de Museo Nacional del T\u00edtere \u201cRosete Aranda\u201d, Ignacio Antonio Tapia Ech\u00e1varri, refiri\u00f3 que derivado de un acuerdo que firm\u00f3 el Secretario de Cultura de Tlaxcala, Antonio Mart\u00ednez Vel\u00e1zquez con el Instituto Nacional de Bellas Artes y Literatura, se sumar\u00e1n al acervo existente en dicho museo, alrededor de 300 t\u00edteres de la familia Rosete Aranda.<\/p>\n\n\n\n<p><br>Tapia Ech\u00e1varri, agreg\u00f3 que actualmente el MUNATI, cuenta con alrededor de unas 700 piezas en exhibici\u00f3n, asimismo, hace la invitaci\u00f3n a la ciudadan\u00eda a visitar las instalaciones, las cuales, recientemente fueron rehabilitadas \u201ca las personas que nos est\u00e1n escuchando en la regi\u00f3n de Huamantla, hacerles una cordial invitaci\u00f3n para que vengan al mueso, yo creo que es muy importante para la gente de Huamantla, que vengan, que vean el nivel de museo que tienen aqu\u00ed en su ciudad, que se sientan completamente orgullosos y adem\u00e1s de orgullosos de que en esta ciudad, naci\u00f3 la compa\u00f1\u00eda de t\u00edteres m\u00e1s importante que ha existido en toda la historia de M\u00e9xico, la compa\u00f1\u00eda nacional mexicana de aut\u00f3matas, los hermanos Rosete Aranda\u201d.<\/p>\n\n\n\n<p><br>Agrego que \u201cen este momento estamos exponiendo alrededor de 700 piezas que se est\u00e1n exhibiendo, en este momento, si cuando inici\u00f3 el museo, quiz\u00e1s hab\u00eda 350 o 400, ahora el acervo del museo ha crecido, porque no solamente son las que est\u00e1n en exhibici\u00f3n sino las que tenemos en el repositorio\u201d.<\/p>\n\n\n\n<p>Asimismo coment\u00f3 que los huamantlecos deben sentirse orgullosos de sus ra\u00edces \u201cadem\u00e1s darles una buena noticia a los huamantlecos, ya el Secretario de Cultura sign\u00f3 el convenio para que en los pr\u00f3ximos meses, puedan llegar aqu\u00ed a este museo, 300 piezas del Instituto Nacional de Bellas Artes y Literatura, de la familia Rosete Aranda\u201d.<\/p>\n\n\n<figure class=\"wp-block-post-featured-image\"><img loading=\"lazy\" decoding=\"async\" width=\"2560\" height=\"1835\" src=\"https:\/\/estado29.mx\/wp-content\/uploads\/2024\/08\/IMG_20240809_162516-min2-scaled.jpg\" class=\"attachment-post-thumbnail size-post-thumbnail wp-post-image\" alt=\"\" style=\"object-fit:cover;\" srcset=\"https:\/\/estado29.mx\/wp-content\/uploads\/2024\/08\/IMG_20240809_162516-min2-scaled.jpg 2560w, https:\/\/estado29.mx\/wp-content\/uploads\/2024\/08\/IMG_20240809_162516-min2-300x215.jpg 300w, https:\/\/estado29.mx\/wp-content\/uploads\/2024\/08\/IMG_20240809_162516-min2-1024x734.jpg 1024w, https:\/\/estado29.mx\/wp-content\/uploads\/2024\/08\/IMG_20240809_162516-min2-768x550.jpg 768w, https:\/\/estado29.mx\/wp-content\/uploads\/2024\/08\/IMG_20240809_162516-min2-1536x1101.jpg 1536w, https:\/\/estado29.mx\/wp-content\/uploads\/2024\/08\/IMG_20240809_162516-min2-2048x1468.jpg 2048w, https:\/\/estado29.mx\/wp-content\/uploads\/2024\/08\/IMG_20240809_162516-min2-120x86.jpg 120w, https:\/\/estado29.mx\/wp-content\/uploads\/2024\/08\/IMG_20240809_162516-min2-350x250.jpg 350w, https:\/\/estado29.mx\/wp-content\/uploads\/2024\/08\/IMG_20240809_162516-min2-750x537.jpg 750w, https:\/\/estado29.mx\/wp-content\/uploads\/2024\/08\/IMG_20240809_162516-min2-1140x817.jpg 1140w\" sizes=\"auto, (max-width: 2560px) 100vw, 2560px\" \/><\/figure>","protected":false},"excerpt":{"rendered":"<p>El Director de Museo Nacional del T\u00edtere \u201cRosete Aranda\u201d, Ignacio Antonio Tapia Ech\u00e1varri, refiri\u00f3 que derivado de un acuerdo que firm\u00f3 el Secretario de Cultura de Tlaxcala, Antonio Mart\u00ednez Vel\u00e1zquez con el Instituto Nacional de Bellas Artes y Literatura, se sumar\u00e1n al acervo existente en dicho museo, alrededor de 300 t\u00edteres de la familia Rosete [&hellip;]<\/p>\n","protected":false},"author":7,"featured_media":89904,"comment_status":"open","ping_status":"open","sticky":false,"template":"","format":"standard","meta":{"om_disable_all_campaigns":false,"_monsterinsights_skip_tracking":false,"_monsterinsights_sitenote_active":false,"_monsterinsights_sitenote_note":"","_monsterinsights_sitenote_category":0,"jnews-multi-image_gallery":[],"jnews_single_post":{"subtitle":"","format":"standard","video":"","gallery":"","source_name":"","source_url":"","via_name":"","via_url":"","override_template":"0","override":[{"template":"1","single_blog_custom":"","parallax":"1","fullscreen":"1","layout":"right-sidebar","sidebar":"default-sidebar","second_sidebar":"default-sidebar","sticky_sidebar":"1","share_position":"top","share_float_style":"share-monocrhome","show_share_counter":"1","show_view_counter":"1","show_featured":"1","show_post_meta":"1","show_post_author":"1","show_post_author_image":"1","show_post_date":"1","post_date_format":"default","post_date_format_custom":"Y\/m\/d","show_post_category":"1","show_post_reading_time":"0","post_reading_time_wpm":"300","show_zoom_button":"0","zoom_button_out_step":"2","zoom_button_in_step":"3","show_post_tag":"1","show_prev_next_post":"1","show_popup_post":"1","number_popup_post":"1","show_author_box":"1","show_post_related":"0","show_inline_post_related":"0"}],"override_image_size":"0","image_override":[{"single_post_thumbnail_size":"crop-500","single_post_gallery_size":"crop-500"}],"trending_post":"0","trending_post_position":"meta","trending_post_label":"Trending","sponsored_post":"0","sponsored_post_label":"Sponsored by","sponsored_post_name":"","sponsored_post_url":"","sponsored_post_logo_enable":"0","sponsored_post_logo":"","sponsored_post_desc":"","disable_ad":"0"},"jnews_primary_category":{"id":""},"footnotes":""},"categories":[1],"tags":[],"class_list":["post-89903","post","type-post","status-publish","format-standard","has-post-thumbnail","hentry","category-uncategorized"],"aioseo_notices":[],"_links":{"self":[{"href":"https:\/\/estado29.mx\/index.php?rest_route=\/wp\/v2\/posts\/89903","targetHints":{"allow":["GET"]}}],"collection":[{"href":"https:\/\/estado29.mx\/index.php?rest_route=\/wp\/v2\/posts"}],"about":[{"href":"https:\/\/estado29.mx\/index.php?rest_route=\/wp\/v2\/types\/post"}],"author":[{"embeddable":true,"href":"https:\/\/estado29.mx\/index.php?rest_route=\/wp\/v2\/users\/7"}],"replies":[{"embeddable":true,"href":"https:\/\/estado29.mx\/index.php?rest_route=%2Fwp%2Fv2%2Fcomments&post=89903"}],"version-history":[{"count":1,"href":"https:\/\/estado29.mx\/index.php?rest_route=\/wp\/v2\/posts\/89903\/revisions"}],"predecessor-version":[{"id":89905,"href":"https:\/\/estado29.mx\/index.php?rest_route=\/wp\/v2\/posts\/89903\/revisions\/89905"}],"wp:featuredmedia":[{"embeddable":true,"href":"https:\/\/estado29.mx\/index.php?rest_route=\/wp\/v2\/media\/89904"}],"wp:attachment":[{"href":"https:\/\/estado29.mx\/index.php?rest_route=%2Fwp%2Fv2%2Fmedia&parent=89903"}],"wp:term":[{"taxonomy":"category","embeddable":true,"href":"https:\/\/estado29.mx\/index.php?rest_route=%2Fwp%2Fv2%2Fcategories&post=89903"},{"taxonomy":"post_tag","embeddable":true,"href":"https:\/\/estado29.mx\/index.php?rest_route=%2Fwp%2Fv2%2Ftags&post=89903"}],"curies":[{"name":"wp","href":"https:\/\/api.w.org\/{rel}","templated":true}]}}