{"id":89907,"date":"2024-08-14T01:51:38","date_gmt":"2024-08-14T01:51:38","guid":{"rendered":"https:\/\/estado29.mx\/?p=89907"},"modified":"2024-08-14T01:51:39","modified_gmt":"2024-08-14T01:51:39","slug":"capacita-coordinacion-de-turismo-de-huamantla-a-mas-de-70-jovenes-como-parte-del-programa-embajadores-turisticos","status":"publish","type":"post","link":"https:\/\/estado29.mx\/?p=89907","title":{"rendered":"Capacita Coordinaci\u00f3n de Turismo de Huamantla a m\u00e1s de 70 j\u00f3venes como parte del Programa Embajadores Tur\u00edsticos."},"content":{"rendered":"\n<p>La Coordinadora de Turismo en el Municipio de Huamantla, Mar\u00eda Celeste Caballero Mart\u00ednez, refiri\u00f3 que como parte del proceso de preparaci\u00f3n de cara a la Feria Internacional de Arte Ef\u00edmero y la Dalia Huamantla 2024, en su edici\u00f3n 150, se capacit\u00f3 a j\u00f3venes estudiantes de nivel medio superior, dentro del programa de Embajadores Tur\u00edsticos, para participar como gu\u00edas de turistas, durante el desarrollo de esta feria \u201cdentro del programa de Embajadores Tur\u00edsticos, ahorita tiene 74 j\u00f3venes de bachillerato, m\u00e1s algunos voluntarios que tenemos que les ha gustado la actividad y se han quedado con nosotros y son los que nos han apoyado con el servicio del Tranv\u00eda\u201d.<\/p>\n\n\n\n<p><br>Asimismo, Caballero Mart\u00ednez , detall\u00f3 que fueron capacitado en temas de Arquitectura, Leyendas, Historia, as\u00ed como en servicios de Tranv\u00eda, \u201cahorita tenemos 74 j\u00f3venes, de hecho, la estimaci\u00f3n que tuvimos de hace unos d\u00edas, o que se realiz\u00f3 hace unos d\u00edas, con la finalidad precisamente de captar, en el Tianguis Tur\u00edstico de Acapulco, la licenciada Josefina Rodr\u00edguez Zamora, todav\u00eda siendo Secretaria de Turismo del estado, mencion\u00f3 que haya gran afluencia para estas festividades, y sobre todo para el 14 de agosto, entre ellas, mencionando que una agencia mundial, la agencia Amigo, con alrededor de 100 autobuses, que vinieran ese d\u00eda espec\u00edficamente a Huamantla\u201d.<\/p>\n\n\n\n<p><br>La Coordinadora de Turismo, puntualiz\u00f3 que \u201cla idea para captar y poder brindar atenci\u00f3n a todas esas personas que vienen a conocer, a disfrutar de La Noche que Nadie Duerme y los tapetes, se llam\u00f3 a ese n\u00famero de j\u00f3venes 70 a 80 j\u00f3venes, para capacitarlos y hacerles un proceso de capacitaci\u00f3n en Arquitectura, en Historia, en Leyendas, en servicio del Tranv\u00eda, con la finalidad de brindarles informaci\u00f3n y que sean ellos gu\u00edas de turistas locales de alguna manera\u201d.<\/p>\n\n\n\n<p><br>Asimismo, resalt\u00f3 algunas de las participaciones que han tenido dentro del marco de la feria \u201crespaldados por nosotros y pudieran brindar la informaci\u00f3n y dar la atenci\u00f3n, adem\u00e1s de que son part\u00edcipes de algunos otros eventos como son en los desfiles, en el Desfile de la Dalia ya los vimos participar, igual con el Museo Nacional del T\u00edtere en su contingente con las mojigangas y tener toda esa factibilidad de que los j\u00f3venes puedan orientar, dirigir y promocionar a Huamantla como Pueblo M\u00e1gico ene estas fiestas\u201d.<\/p>\n\n\n<figure class=\"wp-block-post-featured-image\"><img loading=\"lazy\" decoding=\"async\" width=\"2560\" height=\"1920\" src=\"https:\/\/estado29.mx\/wp-content\/uploads\/2024\/06\/IMG_20240618_142330-min-scaled.jpg\" class=\"attachment-post-thumbnail size-post-thumbnail wp-post-image\" alt=\"\" style=\"object-fit:cover;\" srcset=\"https:\/\/estado29.mx\/wp-content\/uploads\/2024\/06\/IMG_20240618_142330-min-scaled.jpg 2560w, https:\/\/estado29.mx\/wp-content\/uploads\/2024\/06\/IMG_20240618_142330-min-300x225.jpg 300w, https:\/\/estado29.mx\/wp-content\/uploads\/2024\/06\/IMG_20240618_142330-min-1024x768.jpg 1024w, https:\/\/estado29.mx\/wp-content\/uploads\/2024\/06\/IMG_20240618_142330-min-768x576.jpg 768w, https:\/\/estado29.mx\/wp-content\/uploads\/2024\/06\/IMG_20240618_142330-min-1536x1152.jpg 1536w, https:\/\/estado29.mx\/wp-content\/uploads\/2024\/06\/IMG_20240618_142330-min-2048x1536.jpg 2048w, https:\/\/estado29.mx\/wp-content\/uploads\/2024\/06\/IMG_20240618_142330-min-750x563.jpg 750w, https:\/\/estado29.mx\/wp-content\/uploads\/2024\/06\/IMG_20240618_142330-min-1140x855.jpg 1140w\" sizes=\"auto, (max-width: 2560px) 100vw, 2560px\" \/><\/figure>","protected":false},"excerpt":{"rendered":"<p>La Coordinadora de Turismo en el Municipio de Huamantla, Mar\u00eda Celeste Caballero Mart\u00ednez, refiri\u00f3 que como parte del proceso de preparaci\u00f3n de cara a la Feria Internacional de Arte Ef\u00edmero y la Dalia Huamantla 2024, en su edici\u00f3n 150, se capacit\u00f3 a j\u00f3venes estudiantes de nivel medio superior, dentro del programa de Embajadores Tur\u00edsticos, para [&hellip;]<\/p>\n","protected":false},"author":7,"featured_media":89634,"comment_status":"open","ping_status":"open","sticky":false,"template":"","format":"standard","meta":{"om_disable_all_campaigns":false,"_monsterinsights_skip_tracking":false,"_monsterinsights_sitenote_active":false,"_monsterinsights_sitenote_note":"","_monsterinsights_sitenote_category":0,"jnews-multi-image_gallery":[],"jnews_single_post":{"subtitle":"","format":"standard","video":"","gallery":"","source_name":"","source_url":"","via_name":"","via_url":"","override_template":"0","override":[{"template":"1","single_blog_custom":"","parallax":"1","fullscreen":"1","layout":"right-sidebar","sidebar":"default-sidebar","second_sidebar":"default-sidebar","sticky_sidebar":"1","share_position":"top","share_float_style":"share-monocrhome","show_share_counter":"1","show_view_counter":"1","show_featured":"1","show_post_meta":"1","show_post_author":"1","show_post_author_image":"1","show_post_date":"1","post_date_format":"default","post_date_format_custom":"Y\/m\/d","show_post_category":"1","show_post_reading_time":"0","post_reading_time_wpm":"300","show_zoom_button":"0","zoom_button_out_step":"2","zoom_button_in_step":"3","show_post_tag":"1","show_prev_next_post":"1","show_popup_post":"1","number_popup_post":"1","show_author_box":"1","show_post_related":"0","show_inline_post_related":"0"}],"override_image_size":"0","image_override":[{"single_post_thumbnail_size":"crop-500","single_post_gallery_size":"crop-500"}],"trending_post":"0","trending_post_position":"meta","trending_post_label":"Trending","sponsored_post":"0","sponsored_post_label":"Sponsored by","sponsored_post_name":"","sponsored_post_url":"","sponsored_post_logo_enable":"0","sponsored_post_logo":"","sponsored_post_desc":"","disable_ad":"0"},"jnews_primary_category":{"id":""},"footnotes":""},"categories":[1],"tags":[],"class_list":["post-89907","post","type-post","status-publish","format-standard","has-post-thumbnail","hentry","category-uncategorized"],"aioseo_notices":[],"_links":{"self":[{"href":"https:\/\/estado29.mx\/index.php?rest_route=\/wp\/v2\/posts\/89907","targetHints":{"allow":["GET"]}}],"collection":[{"href":"https:\/\/estado29.mx\/index.php?rest_route=\/wp\/v2\/posts"}],"about":[{"href":"https:\/\/estado29.mx\/index.php?rest_route=\/wp\/v2\/types\/post"}],"author":[{"embeddable":true,"href":"https:\/\/estado29.mx\/index.php?rest_route=\/wp\/v2\/users\/7"}],"replies":[{"embeddable":true,"href":"https:\/\/estado29.mx\/index.php?rest_route=%2Fwp%2Fv2%2Fcomments&post=89907"}],"version-history":[{"count":1,"href":"https:\/\/estado29.mx\/index.php?rest_route=\/wp\/v2\/posts\/89907\/revisions"}],"predecessor-version":[{"id":89908,"href":"https:\/\/estado29.mx\/index.php?rest_route=\/wp\/v2\/posts\/89907\/revisions\/89908"}],"wp:featuredmedia":[{"embeddable":true,"href":"https:\/\/estado29.mx\/index.php?rest_route=\/wp\/v2\/media\/89634"}],"wp:attachment":[{"href":"https:\/\/estado29.mx\/index.php?rest_route=%2Fwp%2Fv2%2Fmedia&parent=89907"}],"wp:term":[{"taxonomy":"category","embeddable":true,"href":"https:\/\/estado29.mx\/index.php?rest_route=%2Fwp%2Fv2%2Fcategories&post=89907"},{"taxonomy":"post_tag","embeddable":true,"href":"https:\/\/estado29.mx\/index.php?rest_route=%2Fwp%2Fv2%2Ftags&post=89907"}],"curies":[{"name":"wp","href":"https:\/\/api.w.org\/{rel}","templated":true}]}}