{"id":89916,"date":"2024-08-14T19:33:49","date_gmt":"2024-08-14T19:33:49","guid":{"rendered":"https:\/\/estado29.mx\/?p=89916"},"modified":"2024-08-14T19:33:50","modified_gmt":"2024-08-14T19:33:50","slug":"ultimos-dias-que-el-centro-cultural-huamantla-te-espera-con-los-libros-abiertos","status":"publish","type":"post","link":"https:\/\/estado29.mx\/?p=89916","title":{"rendered":"\u00daltimos d\u00edas que el Centro Cultural Huamantla \u201cTe Espera con los Libros Abiertos\u201d."},"content":{"rendered":"\n<p>El Centro Cultural Huamantla, hace la invitaci\u00f3n a la ciudadan\u00eda en general, a ser part\u00edcipes de la Feria del Libro 2024, iniciada el pasado s\u00e1bado 10 de agosto, la cual culminar\u00e1 el d\u00eda de ma\u00f1ana 15.<\/p>\n\n\n\n<p><br>Este feria tiene lugar en las instalaciones de dicho centro Cultural, en un horario de 11 de la ma\u00f1ana a cinco de la tarde.<\/p>\n\n\n\n<p><br>Di usted amigo de En punto no ha asistido, tiene hoy y ma\u00f1ana para hacerlo, pues el Centro Cultural Huamantla, \u201clos espera con los libros abiertos\u201d, recordar que las instalaciones de este Centro Cultural, est\u00e1n ubicadas en Parque Ju\u00e1rez n\u00famero 14, Colonia Centro de esta ciudad.<\/p>\n\n\n<figure class=\"wp-block-post-featured-image\"><img loading=\"lazy\" decoding=\"async\" width=\"827\" height=\"1481\" src=\"https:\/\/estado29.mx\/wp-content\/uploads\/2024\/08\/IMG-20240808-WA0022.jpg\" class=\"attachment-post-thumbnail size-post-thumbnail wp-post-image\" alt=\"\" style=\"object-fit:cover;\" srcset=\"https:\/\/estado29.mx\/wp-content\/uploads\/2024\/08\/IMG-20240808-WA0022.jpg 827w, https:\/\/estado29.mx\/wp-content\/uploads\/2024\/08\/IMG-20240808-WA0022-168x300.jpg 168w, https:\/\/estado29.mx\/wp-content\/uploads\/2024\/08\/IMG-20240808-WA0022-572x1024.jpg 572w, https:\/\/estado29.mx\/wp-content\/uploads\/2024\/08\/IMG-20240808-WA0022-768x1375.jpg 768w, https:\/\/estado29.mx\/wp-content\/uploads\/2024\/08\/IMG-20240808-WA0022-750x1343.jpg 750w\" sizes=\"auto, (max-width: 827px) 100vw, 827px\" \/><\/figure>","protected":false},"excerpt":{"rendered":"<p>El Centro Cultural Huamantla, hace la invitaci\u00f3n a la ciudadan\u00eda en general, a ser part\u00edcipes de la Feria del Libro 2024, iniciada el pasado s\u00e1bado 10 de agosto, la cual culminar\u00e1 el d\u00eda de ma\u00f1ana 15. Este feria tiene lugar en las instalaciones de dicho centro Cultural, en un horario de 11 de la ma\u00f1ana [&hellip;]<\/p>\n","protected":false},"author":7,"featured_media":89872,"comment_status":"open","ping_status":"open","sticky":false,"template":"","format":"standard","meta":{"om_disable_all_campaigns":false,"_monsterinsights_skip_tracking":false,"_monsterinsights_sitenote_active":false,"_monsterinsights_sitenote_note":"","_monsterinsights_sitenote_category":0,"jnews-multi-image_gallery":[],"jnews_single_post":{"subtitle":"","format":"standard","video":"","gallery":"","source_name":"","source_url":"","via_name":"","via_url":"","override_template":"0","override":[{"template":"1","single_blog_custom":"","parallax":"1","fullscreen":"1","layout":"right-sidebar","sidebar":"default-sidebar","second_sidebar":"default-sidebar","sticky_sidebar":"1","share_position":"top","share_float_style":"share-monocrhome","show_share_counter":"1","show_view_counter":"1","show_featured":"1","show_post_meta":"1","show_post_author":"1","show_post_author_image":"1","show_post_date":"1","post_date_format":"default","post_date_format_custom":"Y\/m\/d","show_post_category":"1","show_post_reading_time":"0","post_reading_time_wpm":"300","show_zoom_button":"0","zoom_button_out_step":"2","zoom_button_in_step":"3","show_post_tag":"1","show_prev_next_post":"1","show_popup_post":"1","number_popup_post":"1","show_author_box":"1","show_post_related":"0","show_inline_post_related":"0"}],"override_image_size":"0","image_override":[{"single_post_thumbnail_size":"crop-500","single_post_gallery_size":"crop-500"}],"trending_post":"0","trending_post_position":"meta","trending_post_label":"Trending","sponsored_post":"0","sponsored_post_label":"Sponsored by","sponsored_post_name":"","sponsored_post_url":"","sponsored_post_logo_enable":"0","sponsored_post_logo":"","sponsored_post_desc":"","disable_ad":"0"},"jnews_primary_category":{"id":""},"footnotes":""},"categories":[1],"tags":[],"class_list":["post-89916","post","type-post","status-publish","format-standard","has-post-thumbnail","hentry","category-uncategorized"],"aioseo_notices":[],"_links":{"self":[{"href":"https:\/\/estado29.mx\/index.php?rest_route=\/wp\/v2\/posts\/89916","targetHints":{"allow":["GET"]}}],"collection":[{"href":"https:\/\/estado29.mx\/index.php?rest_route=\/wp\/v2\/posts"}],"about":[{"href":"https:\/\/estado29.mx\/index.php?rest_route=\/wp\/v2\/types\/post"}],"author":[{"embeddable":true,"href":"https:\/\/estado29.mx\/index.php?rest_route=\/wp\/v2\/users\/7"}],"replies":[{"embeddable":true,"href":"https:\/\/estado29.mx\/index.php?rest_route=%2Fwp%2Fv2%2Fcomments&post=89916"}],"version-history":[{"count":1,"href":"https:\/\/estado29.mx\/index.php?rest_route=\/wp\/v2\/posts\/89916\/revisions"}],"predecessor-version":[{"id":89917,"href":"https:\/\/estado29.mx\/index.php?rest_route=\/wp\/v2\/posts\/89916\/revisions\/89917"}],"wp:featuredmedia":[{"embeddable":true,"href":"https:\/\/estado29.mx\/index.php?rest_route=\/wp\/v2\/media\/89872"}],"wp:attachment":[{"href":"https:\/\/estado29.mx\/index.php?rest_route=%2Fwp%2Fv2%2Fmedia&parent=89916"}],"wp:term":[{"taxonomy":"category","embeddable":true,"href":"https:\/\/estado29.mx\/index.php?rest_route=%2Fwp%2Fv2%2Fcategories&post=89916"},{"taxonomy":"post_tag","embeddable":true,"href":"https:\/\/estado29.mx\/index.php?rest_route=%2Fwp%2Fv2%2Ftags&post=89916"}],"curies":[{"name":"wp","href":"https:\/\/api.w.org\/{rel}","templated":true}]}}