{"id":89924,"date":"2024-08-14T22:12:03","date_gmt":"2024-08-14T22:12:03","guid":{"rendered":"https:\/\/estado29.mx\/?p=89924"},"modified":"2024-08-14T22:28:02","modified_gmt":"2024-08-14T22:28:02","slug":"participa-la-jurisdiccion-sanitaria-2-huamantla-en-la-jornada-nacional-de-salud-publica","status":"publish","type":"post","link":"https:\/\/estado29.mx\/?p=89924","title":{"rendered":"Participa Jurisdicci\u00f3n Sanitaria 2 Huamantla en la Jornada Nacional de Salud P\u00fablica."},"content":{"rendered":"\n<p>El Jefe del Distrito de Salud para el Bienestar 2 Huamantla, del Servicio Nacional de Salud P\u00fablica en el Estado de Tlaxcala, en la Jurisdicci\u00f3n Sanitaria 2 Huamantla, Agust\u00edn V\u00e9lez P\u00e9rez, refiri\u00f3 que actualmente se lleva a cabo la Jornada Nacional de Salud P\u00fablica.<\/p>\n\n\n\n<p><br>Esta Jornada Nacional de Salud P\u00fablica, iniciada el pasado lunes 12 de agosto del a\u00f1o en curso, tiene como objetivo la prevenci\u00f3n y promoci\u00f3n de la salud, en todas las unidades y centros de salud que comprende, la cu\u00e1l culminar\u00e1 el pr\u00f3ximo 23 de agosto.<\/p>\n\n\n\n<p><br>El Jefe del Distrito de Salud para el Bienestar 2 Huamantla, del Servicio Nacional de Salud P\u00fablica en el Estado de Tlaxcala, en la Jurisdicci\u00f3n Sanitaria 2 Huamantla, destac\u00f3 que entre los servicios que se ofrecen est\u00e1n: actualizaci\u00f3n de esquemas de vacunaci\u00f3n, Pl\u00e1ticas de Prevenci\u00f3n de Violencia de G\u00e9nero y Aborto Seguro, Prevenci\u00f3n y Control de C\u00e1ncer, Atenci\u00f3n a la Salud de la Infancia y la Adolescencia, Salud en el Adulto y en el Anciano, Salud Mental y Adicciones, Salud Materna y Perinatal, Salud Bucal, Salud Sexual y Reproductiva para Adolescentes, Planificaci\u00f3n Familiar y Anticoncepci\u00f3n.<\/p>\n\n\n\n<p><br>Sumado a los servicios antes mencionados, se realizan pl\u00e1ticas de alimentaci\u00f3n saludable, as\u00ed como medici\u00f3n de presi\u00f3n arterial, glucosa, triglic\u00e9ridos y colesterol para prevenci\u00f3n de enfermedades cardio-metab\u00f3licas, activaci\u00f3n f\u00edsica, as\u00ed como pruebas para detecci\u00f3n de SIDA (VIH) o Virus de Hepatitis C (VHC).<\/p>\n\n\n\n<p><br>El Jefe del Distrito de Salud para el Bienestar 2 Huamantla, del Servicio Nacional de Salud P\u00fablica en el Estado de Tlaxcala, en la Jurisdicci\u00f3n Sanitaria 2 Huamantla, Agust\u00edn V\u00e9lez P\u00e9rez, puntualiz\u00f3 que con el objetivo de cubrir el mayor n\u00famero de poblaci\u00f3n, personal m\u00e9dico visitar\u00e1 Barrios o Presidencias de Comunidades en fechas y horarios acordados con sus presidentes.<\/p>\n\n\n\n<p><br>Para finalizar, coment\u00f3 que la invitaci\u00f3n est\u00e1 abierta, para que acuda la ciudadan\u00eda a su centro o unidad de salud m\u00e1s cercana y recibir la atenci\u00f3n correspondiente.<\/p>\n\n\n<figure class=\"wp-block-post-featured-image\"><img loading=\"lazy\" decoding=\"async\" width=\"2560\" height=\"1920\" src=\"https:\/\/estado29.mx\/wp-content\/uploads\/2024\/03\/IMG_20240305_111240-min-scaled.jpg\" class=\"attachment-post-thumbnail size-post-thumbnail wp-post-image\" alt=\"\" style=\"object-fit:cover;\" srcset=\"https:\/\/estado29.mx\/wp-content\/uploads\/2024\/03\/IMG_20240305_111240-min-scaled.jpg 2560w, https:\/\/estado29.mx\/wp-content\/uploads\/2024\/03\/IMG_20240305_111240-min-300x225.jpg 300w, https:\/\/estado29.mx\/wp-content\/uploads\/2024\/03\/IMG_20240305_111240-min-1024x768.jpg 1024w, https:\/\/estado29.mx\/wp-content\/uploads\/2024\/03\/IMG_20240305_111240-min-768x576.jpg 768w, https:\/\/estado29.mx\/wp-content\/uploads\/2024\/03\/IMG_20240305_111240-min-1536x1152.jpg 1536w, https:\/\/estado29.mx\/wp-content\/uploads\/2024\/03\/IMG_20240305_111240-min-2048x1536.jpg 2048w, https:\/\/estado29.mx\/wp-content\/uploads\/2024\/03\/IMG_20240305_111240-min-750x563.jpg 750w, https:\/\/estado29.mx\/wp-content\/uploads\/2024\/03\/IMG_20240305_111240-min-1140x855.jpg 1140w\" sizes=\"auto, (max-width: 2560px) 100vw, 2560px\" \/><\/figure>","protected":false},"excerpt":{"rendered":"<p>El Jefe del Distrito de Salud para el Bienestar 2 Huamantla, del Servicio Nacional de Salud P\u00fablica en el Estado de Tlaxcala, en la Jurisdicci\u00f3n Sanitaria 2 Huamantla, Agust\u00edn V\u00e9lez P\u00e9rez, refiri\u00f3 que actualmente se lleva a cabo la Jornada Nacional de Salud P\u00fablica. Esta Jornada Nacional de Salud P\u00fablica, iniciada el pasado lunes 12 [&hellip;]<\/p>\n","protected":false},"author":7,"featured_media":89209,"comment_status":"open","ping_status":"open","sticky":false,"template":"","format":"standard","meta":{"om_disable_all_campaigns":false,"_monsterinsights_skip_tracking":false,"_monsterinsights_sitenote_active":false,"_monsterinsights_sitenote_note":"","_monsterinsights_sitenote_category":0,"jnews-multi-image_gallery":[],"jnews_single_post":{"subtitle":"","format":"standard","video":"","gallery":"","source_name":"","source_url":"","via_name":"","via_url":"","override_template":"0","override":[{"template":"1","single_blog_custom":"","parallax":"1","fullscreen":"1","layout":"right-sidebar","sidebar":"default-sidebar","second_sidebar":"default-sidebar","sticky_sidebar":"1","share_position":"top","share_float_style":"share-monocrhome","show_share_counter":"1","show_view_counter":"1","show_featured":"1","show_post_meta":"1","show_post_author":"1","show_post_author_image":"1","show_post_date":"1","post_date_format":"default","post_date_format_custom":"Y\/m\/d","show_post_category":"1","show_post_reading_time":"0","post_reading_time_wpm":"300","show_zoom_button":"0","zoom_button_out_step":"2","zoom_button_in_step":"3","show_post_tag":"1","show_prev_next_post":"1","show_popup_post":"1","number_popup_post":"1","show_author_box":"1","show_post_related":"0","show_inline_post_related":"0"}],"override_image_size":"0","image_override":[{"single_post_thumbnail_size":"crop-500","single_post_gallery_size":"crop-500"}],"trending_post":"0","trending_post_position":"meta","trending_post_label":"Trending","sponsored_post":"0","sponsored_post_label":"Sponsored by","sponsored_post_name":"","sponsored_post_url":"","sponsored_post_logo_enable":"0","sponsored_post_logo":"","sponsored_post_desc":"","disable_ad":"0"},"jnews_primary_category":{"id":""},"footnotes":""},"categories":[1],"tags":[],"class_list":["post-89924","post","type-post","status-publish","format-standard","has-post-thumbnail","hentry","category-uncategorized"],"aioseo_notices":[],"_links":{"self":[{"href":"https:\/\/estado29.mx\/index.php?rest_route=\/wp\/v2\/posts\/89924","targetHints":{"allow":["GET"]}}],"collection":[{"href":"https:\/\/estado29.mx\/index.php?rest_route=\/wp\/v2\/posts"}],"about":[{"href":"https:\/\/estado29.mx\/index.php?rest_route=\/wp\/v2\/types\/post"}],"author":[{"embeddable":true,"href":"https:\/\/estado29.mx\/index.php?rest_route=\/wp\/v2\/users\/7"}],"replies":[{"embeddable":true,"href":"https:\/\/estado29.mx\/index.php?rest_route=%2Fwp%2Fv2%2Fcomments&post=89924"}],"version-history":[{"count":3,"href":"https:\/\/estado29.mx\/index.php?rest_route=\/wp\/v2\/posts\/89924\/revisions"}],"predecessor-version":[{"id":89931,"href":"https:\/\/estado29.mx\/index.php?rest_route=\/wp\/v2\/posts\/89924\/revisions\/89931"}],"wp:featuredmedia":[{"embeddable":true,"href":"https:\/\/estado29.mx\/index.php?rest_route=\/wp\/v2\/media\/89209"}],"wp:attachment":[{"href":"https:\/\/estado29.mx\/index.php?rest_route=%2Fwp%2Fv2%2Fmedia&parent=89924"}],"wp:term":[{"taxonomy":"category","embeddable":true,"href":"https:\/\/estado29.mx\/index.php?rest_route=%2Fwp%2Fv2%2Fcategories&post=89924"},{"taxonomy":"post_tag","embeddable":true,"href":"https:\/\/estado29.mx\/index.php?rest_route=%2Fwp%2Fv2%2Ftags&post=89924"}],"curies":[{"name":"wp","href":"https:\/\/api.w.org\/{rel}","templated":true}]}}