{"id":89940,"date":"2024-08-15T19:55:36","date_gmt":"2024-08-15T19:55:36","guid":{"rendered":"https:\/\/estado29.mx\/?p=89940"},"modified":"2024-08-15T19:55:36","modified_gmt":"2024-08-15T19:55:36","slug":"se-presento-ballet-folklorico-yolotl-raices-de-mi-tierra-en-huamantla","status":"publish","type":"post","link":"https:\/\/estado29.mx\/?p=89940","title":{"rendered":"Se present\u00f3 Ballet Folkl\u00f3rico \u201cYolotl Ra\u00edces de Mi Tierra\u201d en Huamantla."},"content":{"rendered":"\n<p>Este mi\u00e9rcoles 14 de agosto del a\u00f1o en curso, se present\u00f3 en el municipio de Huamantla el Ballet Folk\u00f3rico \u201cYolotl Ra\u00edces de Mi tierra\u201d, el evento inici\u00f3 a las cinco de la tarde de este d\u00eda, en el Atrio de la Bas\u00edlica de Nuestra Se\u00f1ora de la Caridad.<\/p>\n\n\n\n<figure class=\"wp-block-image size-large\"><img loading=\"lazy\" decoding=\"async\" width=\"1024\" height=\"768\" src=\"https:\/\/estado29.mx\/wp-content\/uploads\/2024\/08\/IMG_20240814_183027-min-1024x768.jpg\" alt=\"\" class=\"wp-image-89942\" srcset=\"https:\/\/estado29.mx\/wp-content\/uploads\/2024\/08\/IMG_20240814_183027-min-1024x768.jpg 1024w, https:\/\/estado29.mx\/wp-content\/uploads\/2024\/08\/IMG_20240814_183027-min-300x225.jpg 300w, https:\/\/estado29.mx\/wp-content\/uploads\/2024\/08\/IMG_20240814_183027-min-768x576.jpg 768w, https:\/\/estado29.mx\/wp-content\/uploads\/2024\/08\/IMG_20240814_183027-min-1536x1152.jpg 1536w, https:\/\/estado29.mx\/wp-content\/uploads\/2024\/08\/IMG_20240814_183027-min-2048x1536.jpg 2048w, https:\/\/estado29.mx\/wp-content\/uploads\/2024\/08\/IMG_20240814_183027-min-750x563.jpg 750w, https:\/\/estado29.mx\/wp-content\/uploads\/2024\/08\/IMG_20240814_183027-min-1140x855.jpg 1140w\" sizes=\"auto, (max-width: 1024px) 100vw, 1024px\" \/><\/figure>\n\n\n\n<p><br>Estas actividades, son parte de la preservaci\u00f3n y promoci\u00f3n, que brinda el Centro Cultural Huamantla, como parte de la Feria Internacional de Arte Ef\u00edmero y la Dalia Huamantla 2024, en su edici\u00f3n 150, en honor a Nuestra Se\u00f1ora de Caridad.<\/p>\n\n\n\n<figure class=\"wp-block-image size-large\"><img loading=\"lazy\" decoding=\"async\" width=\"1024\" height=\"768\" src=\"https:\/\/estado29.mx\/wp-content\/uploads\/2024\/08\/IMG_20240814_181949-min-1024x768.jpg\" alt=\"\" class=\"wp-image-89943\" srcset=\"https:\/\/estado29.mx\/wp-content\/uploads\/2024\/08\/IMG_20240814_181949-min-1024x768.jpg 1024w, https:\/\/estado29.mx\/wp-content\/uploads\/2024\/08\/IMG_20240814_181949-min-300x225.jpg 300w, https:\/\/estado29.mx\/wp-content\/uploads\/2024\/08\/IMG_20240814_181949-min-768x576.jpg 768w, https:\/\/estado29.mx\/wp-content\/uploads\/2024\/08\/IMG_20240814_181949-min-1536x1152.jpg 1536w, https:\/\/estado29.mx\/wp-content\/uploads\/2024\/08\/IMG_20240814_181949-min-2048x1536.jpg 2048w, https:\/\/estado29.mx\/wp-content\/uploads\/2024\/08\/IMG_20240814_181949-min-750x563.jpg 750w, https:\/\/estado29.mx\/wp-content\/uploads\/2024\/08\/IMG_20240814_181949-min-1140x855.jpg 1140w\" sizes=\"auto, (max-width: 1024px) 100vw, 1024px\" \/><\/figure>\n\n\n\n<p><br>Este Ballet Originario del Municipio de Xalostoc, en su participaci\u00f3n interpret\u00f3 danzas t\u00edpicas representativas de diversos estados de la Rep\u00fablica Mexicana, obteniendo muy buena participaci\u00f3n de visitantes y habitantes de Huamantla, quienes entre aplausos manifestaban su gusto por estas bailes.<\/p>\n\n\n<figure class=\"wp-block-post-featured-image\"><img loading=\"lazy\" decoding=\"async\" width=\"2560\" height=\"1920\" src=\"https:\/\/estado29.mx\/wp-content\/uploads\/2024\/08\/IMG_20240814_182004-min-scaled.jpg\" class=\"attachment-post-thumbnail size-post-thumbnail wp-post-image\" alt=\"\" style=\"object-fit:cover;\" srcset=\"https:\/\/estado29.mx\/wp-content\/uploads\/2024\/08\/IMG_20240814_182004-min-scaled.jpg 2560w, https:\/\/estado29.mx\/wp-content\/uploads\/2024\/08\/IMG_20240814_182004-min-300x225.jpg 300w, https:\/\/estado29.mx\/wp-content\/uploads\/2024\/08\/IMG_20240814_182004-min-1024x768.jpg 1024w, https:\/\/estado29.mx\/wp-content\/uploads\/2024\/08\/IMG_20240814_182004-min-768x576.jpg 768w, https:\/\/estado29.mx\/wp-content\/uploads\/2024\/08\/IMG_20240814_182004-min-1536x1152.jpg 1536w, https:\/\/estado29.mx\/wp-content\/uploads\/2024\/08\/IMG_20240814_182004-min-2048x1536.jpg 2048w, https:\/\/estado29.mx\/wp-content\/uploads\/2024\/08\/IMG_20240814_182004-min-750x563.jpg 750w, https:\/\/estado29.mx\/wp-content\/uploads\/2024\/08\/IMG_20240814_182004-min-1140x855.jpg 1140w\" sizes=\"auto, (max-width: 2560px) 100vw, 2560px\" \/><\/figure>","protected":false},"excerpt":{"rendered":"<p>Este mi\u00e9rcoles 14 de agosto del a\u00f1o en curso, se present\u00f3 en el municipio de Huamantla el Ballet Folk\u00f3rico \u201cYolotl Ra\u00edces de Mi tierra\u201d, el evento inici\u00f3 a las cinco de la tarde de este d\u00eda, en el Atrio de la Bas\u00edlica de Nuestra Se\u00f1ora de la Caridad. Estas actividades, son parte de la preservaci\u00f3n [&hellip;]<\/p>\n","protected":false},"author":7,"featured_media":89941,"comment_status":"open","ping_status":"open","sticky":false,"template":"","format":"standard","meta":{"om_disable_all_campaigns":false,"_monsterinsights_skip_tracking":false,"_monsterinsights_sitenote_active":false,"_monsterinsights_sitenote_note":"","_monsterinsights_sitenote_category":0,"jnews-multi-image_gallery":[],"jnews_single_post":{"subtitle":"","format":"standard","video":"","gallery":"","source_name":"","source_url":"","via_name":"","via_url":"","override_template":"0","override":[{"template":"1","single_blog_custom":"","parallax":"1","fullscreen":"1","layout":"right-sidebar","sidebar":"default-sidebar","second_sidebar":"default-sidebar","sticky_sidebar":"1","share_position":"top","share_float_style":"share-monocrhome","show_share_counter":"1","show_view_counter":"1","show_featured":"1","show_post_meta":"1","show_post_author":"1","show_post_author_image":"1","show_post_date":"1","post_date_format":"default","post_date_format_custom":"Y\/m\/d","show_post_category":"1","show_post_reading_time":"0","post_reading_time_wpm":"300","show_zoom_button":"0","zoom_button_out_step":"2","zoom_button_in_step":"3","show_post_tag":"1","show_prev_next_post":"1","show_popup_post":"1","number_popup_post":"1","show_author_box":"1","show_post_related":"0","show_inline_post_related":"0"}],"override_image_size":"0","image_override":[{"single_post_thumbnail_size":"crop-500","single_post_gallery_size":"crop-500"}],"trending_post":"0","trending_post_position":"meta","trending_post_label":"Trending","sponsored_post":"0","sponsored_post_label":"Sponsored by","sponsored_post_name":"","sponsored_post_url":"","sponsored_post_logo_enable":"0","sponsored_post_logo":"","sponsored_post_desc":"","disable_ad":"0"},"jnews_primary_category":{"id":""},"footnotes":""},"categories":[1],"tags":[],"class_list":["post-89940","post","type-post","status-publish","format-standard","has-post-thumbnail","hentry","category-uncategorized"],"aioseo_notices":[],"_links":{"self":[{"href":"https:\/\/estado29.mx\/index.php?rest_route=\/wp\/v2\/posts\/89940","targetHints":{"allow":["GET"]}}],"collection":[{"href":"https:\/\/estado29.mx\/index.php?rest_route=\/wp\/v2\/posts"}],"about":[{"href":"https:\/\/estado29.mx\/index.php?rest_route=\/wp\/v2\/types\/post"}],"author":[{"embeddable":true,"href":"https:\/\/estado29.mx\/index.php?rest_route=\/wp\/v2\/users\/7"}],"replies":[{"embeddable":true,"href":"https:\/\/estado29.mx\/index.php?rest_route=%2Fwp%2Fv2%2Fcomments&post=89940"}],"version-history":[{"count":1,"href":"https:\/\/estado29.mx\/index.php?rest_route=\/wp\/v2\/posts\/89940\/revisions"}],"predecessor-version":[{"id":89944,"href":"https:\/\/estado29.mx\/index.php?rest_route=\/wp\/v2\/posts\/89940\/revisions\/89944"}],"wp:featuredmedia":[{"embeddable":true,"href":"https:\/\/estado29.mx\/index.php?rest_route=\/wp\/v2\/media\/89941"}],"wp:attachment":[{"href":"https:\/\/estado29.mx\/index.php?rest_route=%2Fwp%2Fv2%2Fmedia&parent=89940"}],"wp:term":[{"taxonomy":"category","embeddable":true,"href":"https:\/\/estado29.mx\/index.php?rest_route=%2Fwp%2Fv2%2Fcategories&post=89940"},{"taxonomy":"post_tag","embeddable":true,"href":"https:\/\/estado29.mx\/index.php?rest_route=%2Fwp%2Fv2%2Ftags&post=89940"}],"curies":[{"name":"wp","href":"https:\/\/api.w.org\/{rel}","templated":true}]}}