{"id":89950,"date":"2024-08-16T19:26:03","date_gmt":"2024-08-16T19:26:03","guid":{"rendered":"https:\/\/estado29.mx\/?p=89950"},"modified":"2024-08-16T19:26:04","modified_gmt":"2024-08-16T19:26:04","slug":"celebracion-del-50-aniversario-de-la-coronacion-pontificia-de-nuestra-senora-de-la-caridad-un-acontecimiento-significativo-para-huamantla-monsenor-julio-cesar-salcedo-aquino","status":"publish","type":"post","link":"https:\/\/estado29.mx\/?p=89950","title":{"rendered":"Celebraci\u00f3n del 50 Aniversario de la Coronaci\u00f3n Pontificia de Nuestra Se\u00f1ora de la Caridad, un acontecimiento significativo para Huamantla: Monse\u00f1or Julio C\u00e9sar Salcedo Aquino."},"content":{"rendered":"\n<p>Amigos de Estado29, despu\u00e9s de la Celebraci\u00f3n del 50 Aniversario de la Coronaci\u00f3n Pontificia de Nuestra Se\u00f1ora de la Caridad, a cargo del Monse\u00f1or Julio C\u00e9sar Salcedo Aquino, Obispo de la Di\u00f3cesis de Tlaxcala, tuve la oportunidad de entrevistarlo y coment\u00f3 que es un memento muy especial para Huamantla, pues a trav\u00e9s de la coronaci\u00f3n del d\u00eda de ayer, es una petici\u00f3n de intercesi\u00f3n para cuidar al pueblo.<\/p>\n\n\n\n<p><br>El Obispo de Tlaxcala, agreg\u00f3 que Huamantla es afortunado de contar con la intercesi\u00f3n de Mar\u00eda, por que de esa manera los mueve en la fe y en muchos otros valores.<\/p>\n\n\n<figure class=\"wp-block-post-featured-image\"><img loading=\"lazy\" decoding=\"async\" width=\"1920\" height=\"2560\" src=\"https:\/\/estado29.mx\/wp-content\/uploads\/2024\/08\/IMG_20240815_134553_0CS-min-scaled.jpg\" class=\"attachment-post-thumbnail size-post-thumbnail wp-post-image\" alt=\"\" style=\"object-fit:cover;\" srcset=\"https:\/\/estado29.mx\/wp-content\/uploads\/2024\/08\/IMG_20240815_134553_0CS-min-scaled.jpg 1920w, https:\/\/estado29.mx\/wp-content\/uploads\/2024\/08\/IMG_20240815_134553_0CS-min-225x300.jpg 225w, https:\/\/estado29.mx\/wp-content\/uploads\/2024\/08\/IMG_20240815_134553_0CS-min-768x1024.jpg 768w, https:\/\/estado29.mx\/wp-content\/uploads\/2024\/08\/IMG_20240815_134553_0CS-min-1152x1536.jpg 1152w, https:\/\/estado29.mx\/wp-content\/uploads\/2024\/08\/IMG_20240815_134553_0CS-min-1536x2048.jpg 1536w, https:\/\/estado29.mx\/wp-content\/uploads\/2024\/08\/IMG_20240815_134553_0CS-min-750x1000.jpg 750w, https:\/\/estado29.mx\/wp-content\/uploads\/2024\/08\/IMG_20240815_134553_0CS-min-1140x1520.jpg 1140w\" sizes=\"auto, (max-width: 1920px) 100vw, 1920px\" \/><\/figure>","protected":false},"excerpt":{"rendered":"<p>Amigos de Estado29, despu\u00e9s de la Celebraci\u00f3n del 50 Aniversario de la Coronaci\u00f3n Pontificia de Nuestra Se\u00f1ora de la Caridad, a cargo del Monse\u00f1or Julio C\u00e9sar Salcedo Aquino, Obispo de la Di\u00f3cesis de Tlaxcala, tuve la oportunidad de entrevistarlo y coment\u00f3 que es un memento muy especial para Huamantla, pues a trav\u00e9s de la coronaci\u00f3n [&hellip;]<\/p>\n","protected":false},"author":7,"featured_media":89951,"comment_status":"open","ping_status":"open","sticky":false,"template":"","format":"standard","meta":{"om_disable_all_campaigns":false,"_monsterinsights_skip_tracking":false,"_monsterinsights_sitenote_active":false,"_monsterinsights_sitenote_note":"","_monsterinsights_sitenote_category":0,"jnews-multi-image_gallery":[],"jnews_single_post":{"subtitle":"","format":"standard","video":"","gallery":"","source_name":"","source_url":"","via_name":"","via_url":"","override_template":"0","override":[{"template":"1","single_blog_custom":"","parallax":"1","fullscreen":"1","layout":"right-sidebar","sidebar":"default-sidebar","second_sidebar":"default-sidebar","sticky_sidebar":"1","share_position":"top","share_float_style":"share-monocrhome","show_share_counter":"1","show_view_counter":"1","show_featured":"1","show_post_meta":"1","show_post_author":"1","show_post_author_image":"1","show_post_date":"1","post_date_format":"default","post_date_format_custom":"Y\/m\/d","show_post_category":"1","show_post_reading_time":"0","post_reading_time_wpm":"300","show_zoom_button":"0","zoom_button_out_step":"2","zoom_button_in_step":"3","show_post_tag":"1","show_prev_next_post":"1","show_popup_post":"1","number_popup_post":"1","show_author_box":"1","show_post_related":"0","show_inline_post_related":"0"}],"override_image_size":"0","image_override":[{"single_post_thumbnail_size":"crop-500","single_post_gallery_size":"crop-500"}],"trending_post":"0","trending_post_position":"meta","trending_post_label":"Trending","sponsored_post":"0","sponsored_post_label":"Sponsored by","sponsored_post_name":"","sponsored_post_url":"","sponsored_post_logo_enable":"0","sponsored_post_logo":"","sponsored_post_desc":"","disable_ad":"0"},"jnews_primary_category":{"id":""},"footnotes":""},"categories":[1],"tags":[],"class_list":["post-89950","post","type-post","status-publish","format-standard","has-post-thumbnail","hentry","category-uncategorized"],"aioseo_notices":[],"_links":{"self":[{"href":"https:\/\/estado29.mx\/index.php?rest_route=\/wp\/v2\/posts\/89950","targetHints":{"allow":["GET"]}}],"collection":[{"href":"https:\/\/estado29.mx\/index.php?rest_route=\/wp\/v2\/posts"}],"about":[{"href":"https:\/\/estado29.mx\/index.php?rest_route=\/wp\/v2\/types\/post"}],"author":[{"embeddable":true,"href":"https:\/\/estado29.mx\/index.php?rest_route=\/wp\/v2\/users\/7"}],"replies":[{"embeddable":true,"href":"https:\/\/estado29.mx\/index.php?rest_route=%2Fwp%2Fv2%2Fcomments&post=89950"}],"version-history":[{"count":1,"href":"https:\/\/estado29.mx\/index.php?rest_route=\/wp\/v2\/posts\/89950\/revisions"}],"predecessor-version":[{"id":89952,"href":"https:\/\/estado29.mx\/index.php?rest_route=\/wp\/v2\/posts\/89950\/revisions\/89952"}],"wp:featuredmedia":[{"embeddable":true,"href":"https:\/\/estado29.mx\/index.php?rest_route=\/wp\/v2\/media\/89951"}],"wp:attachment":[{"href":"https:\/\/estado29.mx\/index.php?rest_route=%2Fwp%2Fv2%2Fmedia&parent=89950"}],"wp:term":[{"taxonomy":"category","embeddable":true,"href":"https:\/\/estado29.mx\/index.php?rest_route=%2Fwp%2Fv2%2Fcategories&post=89950"},{"taxonomy":"post_tag","embeddable":true,"href":"https:\/\/estado29.mx\/index.php?rest_route=%2Fwp%2Fv2%2Ftags&post=89950"}],"curies":[{"name":"wp","href":"https:\/\/api.w.org\/{rel}","templated":true}]}}