{"id":89953,"date":"2024-08-16T19:28:03","date_gmt":"2024-08-16T19:28:03","guid":{"rendered":"https:\/\/estado29.mx\/?p=89953"},"modified":"2024-08-16T19:28:04","modified_gmt":"2024-08-16T19:28:04","slug":"invita-obispo-de-tlaxcala-a-cultivar-la-fe","status":"publish","type":"post","link":"https:\/\/estado29.mx\/?p=89953","title":{"rendered":"Invita Obispo de Tlaxcala a cultivar la Fe."},"content":{"rendered":"\n<p>Monse\u00f1or Julio C\u00e9sar Salcedo Aquino, Obispo de la Di\u00f3cesis de Tlaxcala, invita toda la poblaci\u00f3n a cultivar la fe, esto tras la Celebraci\u00f3n del 50 Aniversario de la Coronaci\u00f3n Pontificia de Nuestra Se\u00f1ora de la Caridad.<\/p>\n\n\n\n<p><br>El Obispo de Tlaxcala, dijo que Huamantla, ha estado bendecido por la presencia de La Virgen de la Asunci\u00f3n o Nuestra Se\u00f1ora de la Caridad como la conocemos, que mueve a los fieles precisamente a la caridad.<\/p>\n\n\n\n<p><br>Salcedo Aquino, puntualiz\u00f3 que en Huamantla hay muchos valores de la fe, as\u00ed como de sensibilidad de la gente por ayudar a otros.<\/p>\n\n\n\n<p><br>El Obispo de la Di\u00f3cesis de Tlaxcala, hizo el llamado a la poblaci\u00f3n a buscar el refugio en Mar\u00eda, para que nos ayude a soportar nuestros procesos.<\/p>\n\n\n<figure class=\"wp-block-post-featured-image\"><img loading=\"lazy\" decoding=\"async\" width=\"1920\" height=\"2560\" src=\"https:\/\/estado29.mx\/wp-content\/uploads\/2024\/08\/IMG_20240815_161944-min-scaled.jpg\" class=\"attachment-post-thumbnail size-post-thumbnail wp-post-image\" alt=\"\" style=\"object-fit:cover;\" srcset=\"https:\/\/estado29.mx\/wp-content\/uploads\/2024\/08\/IMG_20240815_161944-min-scaled.jpg 1920w, https:\/\/estado29.mx\/wp-content\/uploads\/2024\/08\/IMG_20240815_161944-min-225x300.jpg 225w, https:\/\/estado29.mx\/wp-content\/uploads\/2024\/08\/IMG_20240815_161944-min-768x1024.jpg 768w, https:\/\/estado29.mx\/wp-content\/uploads\/2024\/08\/IMG_20240815_161944-min-1152x1536.jpg 1152w, https:\/\/estado29.mx\/wp-content\/uploads\/2024\/08\/IMG_20240815_161944-min-1536x2048.jpg 1536w, https:\/\/estado29.mx\/wp-content\/uploads\/2024\/08\/IMG_20240815_161944-min-750x1000.jpg 750w, https:\/\/estado29.mx\/wp-content\/uploads\/2024\/08\/IMG_20240815_161944-min-1140x1520.jpg 1140w\" sizes=\"auto, (max-width: 1920px) 100vw, 1920px\" \/><\/figure>","protected":false},"excerpt":{"rendered":"<p>Monse\u00f1or Julio C\u00e9sar Salcedo Aquino, Obispo de la Di\u00f3cesis de Tlaxcala, invita toda la poblaci\u00f3n a cultivar la fe, esto tras la Celebraci\u00f3n del 50 Aniversario de la Coronaci\u00f3n Pontificia de Nuestra Se\u00f1ora de la Caridad. El Obispo de Tlaxcala, dijo que Huamantla, ha estado bendecido por la presencia de La Virgen de la Asunci\u00f3n [&hellip;]<\/p>\n","protected":false},"author":7,"featured_media":89954,"comment_status":"open","ping_status":"open","sticky":false,"template":"","format":"standard","meta":{"om_disable_all_campaigns":false,"_monsterinsights_skip_tracking":false,"_monsterinsights_sitenote_active":false,"_monsterinsights_sitenote_note":"","_monsterinsights_sitenote_category":0,"jnews-multi-image_gallery":[],"jnews_single_post":{"subtitle":"","format":"standard","video":"","gallery":"","source_name":"","source_url":"","via_name":"","via_url":"","override_template":"0","override":[{"template":"1","single_blog_custom":"","parallax":"1","fullscreen":"1","layout":"right-sidebar","sidebar":"default-sidebar","second_sidebar":"default-sidebar","sticky_sidebar":"1","share_position":"top","share_float_style":"share-monocrhome","show_share_counter":"1","show_view_counter":"1","show_featured":"1","show_post_meta":"1","show_post_author":"1","show_post_author_image":"1","show_post_date":"1","post_date_format":"default","post_date_format_custom":"Y\/m\/d","show_post_category":"1","show_post_reading_time":"0","post_reading_time_wpm":"300","show_zoom_button":"0","zoom_button_out_step":"2","zoom_button_in_step":"3","show_post_tag":"1","show_prev_next_post":"1","show_popup_post":"1","number_popup_post":"1","show_author_box":"1","show_post_related":"0","show_inline_post_related":"0"}],"override_image_size":"0","image_override":[{"single_post_thumbnail_size":"crop-500","single_post_gallery_size":"crop-500"}],"trending_post":"0","trending_post_position":"meta","trending_post_label":"Trending","sponsored_post":"0","sponsored_post_label":"Sponsored by","sponsored_post_name":"","sponsored_post_url":"","sponsored_post_logo_enable":"0","sponsored_post_logo":"","sponsored_post_desc":"","disable_ad":"0"},"jnews_primary_category":{"id":""},"footnotes":""},"categories":[1],"tags":[],"class_list":["post-89953","post","type-post","status-publish","format-standard","has-post-thumbnail","hentry","category-uncategorized"],"aioseo_notices":[],"_links":{"self":[{"href":"https:\/\/estado29.mx\/index.php?rest_route=\/wp\/v2\/posts\/89953","targetHints":{"allow":["GET"]}}],"collection":[{"href":"https:\/\/estado29.mx\/index.php?rest_route=\/wp\/v2\/posts"}],"about":[{"href":"https:\/\/estado29.mx\/index.php?rest_route=\/wp\/v2\/types\/post"}],"author":[{"embeddable":true,"href":"https:\/\/estado29.mx\/index.php?rest_route=\/wp\/v2\/users\/7"}],"replies":[{"embeddable":true,"href":"https:\/\/estado29.mx\/index.php?rest_route=%2Fwp%2Fv2%2Fcomments&post=89953"}],"version-history":[{"count":1,"href":"https:\/\/estado29.mx\/index.php?rest_route=\/wp\/v2\/posts\/89953\/revisions"}],"predecessor-version":[{"id":89955,"href":"https:\/\/estado29.mx\/index.php?rest_route=\/wp\/v2\/posts\/89953\/revisions\/89955"}],"wp:featuredmedia":[{"embeddable":true,"href":"https:\/\/estado29.mx\/index.php?rest_route=\/wp\/v2\/media\/89954"}],"wp:attachment":[{"href":"https:\/\/estado29.mx\/index.php?rest_route=%2Fwp%2Fv2%2Fmedia&parent=89953"}],"wp:term":[{"taxonomy":"category","embeddable":true,"href":"https:\/\/estado29.mx\/index.php?rest_route=%2Fwp%2Fv2%2Fcategories&post=89953"},{"taxonomy":"post_tag","embeddable":true,"href":"https:\/\/estado29.mx\/index.php?rest_route=%2Fwp%2Fv2%2Ftags&post=89953"}],"curies":[{"name":"wp","href":"https:\/\/api.w.org\/{rel}","templated":true}]}}