{"id":89959,"date":"2024-08-20T18:05:17","date_gmt":"2024-08-20T18:05:17","guid":{"rendered":"https:\/\/estado29.mx\/?p=89959"},"modified":"2024-08-20T18:05:18","modified_gmt":"2024-08-20T18:05:18","slug":"inicia-taller-de-psicoballet-para-personas-con-capacidades-diferentes","status":"publish","type":"post","link":"https:\/\/estado29.mx\/?p=89959","title":{"rendered":"Inicia Taller de Psicoballet para personas con capacidades diferentes."},"content":{"rendered":"\n<p>Este lunes 19 de agosto del a\u00f1o en curso dio inicio el Taller de Psicoballet , dirigido a personas con capacidades diferentes, con el objetivo de promover la inclusi\u00f3n y el desarrollo personal a trav\u00e9s del arte.<br>Es importante destacar que esta iniciativa es resultado de la participaci\u00f3n conjunta de las Secretar\u00edas de Cultura de Tlaxcala y de Bienestar Estatal.<\/p>\n\n\n\n<p><br>Estas actividades, forman parte del Programa de Apoyo a Instituciones Estatales de Cultura (AIEC) y de promoci\u00f3n de inclusi\u00f3n social con el taller de Psicoballet &#8220;Escuchando con el cuerpo&#8221;, un espacio dise\u00f1ado para personas con discapacidad auditiva, visual y con s\u00edndrome de Down.<\/p>\n\n\n\n<figure class=\"wp-block-image size-large\"><img loading=\"lazy\" decoding=\"async\" width=\"1024\" height=\"685\" src=\"https:\/\/estado29.mx\/wp-content\/uploads\/2024\/08\/IMG-20240816-WA0013-1024x685.jpg\" alt=\"\" class=\"wp-image-89961\" srcset=\"https:\/\/estado29.mx\/wp-content\/uploads\/2024\/08\/IMG-20240816-WA0013-1024x685.jpg 1024w, https:\/\/estado29.mx\/wp-content\/uploads\/2024\/08\/IMG-20240816-WA0013-300x201.jpg 300w, https:\/\/estado29.mx\/wp-content\/uploads\/2024\/08\/IMG-20240816-WA0013-768x514.jpg 768w, https:\/\/estado29.mx\/wp-content\/uploads\/2024\/08\/IMG-20240816-WA0013-750x502.jpg 750w, https:\/\/estado29.mx\/wp-content\/uploads\/2024\/08\/IMG-20240816-WA0013-1140x762.jpg 1140w, https:\/\/estado29.mx\/wp-content\/uploads\/2024\/08\/IMG-20240816-WA0013.jpg 1280w\" sizes=\"auto, (max-width: 1024px) 100vw, 1024px\" \/><\/figure>\n\n\n\n<p><br>Este taller se llevar\u00e1 a cabo a partir del d\u00eda de ayer 19 de agosto, culminando el pr\u00f3ximo 23 de este mismo mes, en parques inclusivos inaugurados por la Secretar\u00eda de Bienestar en los municipios de Huamantla, Tlaxco, Chiautempan, Calpulalpan, y San Pablo del Monte, respectivamente, en un horario de 10 de la ma\u00f1ana a una de la tarde.<\/p>\n\n\n\n<p><br>La entrada ser\u00e1 completamente libre, pero el cupo est\u00e1 limitado a 12 personas por sede, cada una con su respectivo tutor o tutora.<\/p>\n\n\n\n<p><br>Agregar amigos de este espacio informativo, que durante el taller, se explorar\u00e1 el arte desde los sentimientos, fomentando un proceso de sanaci\u00f3n y bienestar emocional mediante la danza, la cual ser\u00e1 una herramienta de sanaci\u00f3n y terapia, promoviendo el bienestar integral de los asistentes.<\/p>\n\n\n<figure class=\"wp-block-post-featured-image\"><img loading=\"lazy\" decoding=\"async\" width=\"1280\" height=\"960\" src=\"https:\/\/estado29.mx\/wp-content\/uploads\/2024\/08\/IMG-20240816-WA0011.jpg\" class=\"attachment-post-thumbnail size-post-thumbnail wp-post-image\" alt=\"\" style=\"object-fit:cover;\" srcset=\"https:\/\/estado29.mx\/wp-content\/uploads\/2024\/08\/IMG-20240816-WA0011.jpg 1280w, https:\/\/estado29.mx\/wp-content\/uploads\/2024\/08\/IMG-20240816-WA0011-300x225.jpg 300w, https:\/\/estado29.mx\/wp-content\/uploads\/2024\/08\/IMG-20240816-WA0011-1024x768.jpg 1024w, https:\/\/estado29.mx\/wp-content\/uploads\/2024\/08\/IMG-20240816-WA0011-768x576.jpg 768w, https:\/\/estado29.mx\/wp-content\/uploads\/2024\/08\/IMG-20240816-WA0011-750x563.jpg 750w, https:\/\/estado29.mx\/wp-content\/uploads\/2024\/08\/IMG-20240816-WA0011-1140x855.jpg 1140w\" sizes=\"auto, (max-width: 1280px) 100vw, 1280px\" \/><\/figure>","protected":false},"excerpt":{"rendered":"<p>Este lunes 19 de agosto del a\u00f1o en curso dio inicio el Taller de Psicoballet , dirigido a personas con capacidades diferentes, con el objetivo de promover la inclusi\u00f3n y el desarrollo personal a trav\u00e9s del arte.Es importante destacar que esta iniciativa es resultado de la participaci\u00f3n conjunta de las Secretar\u00edas de Cultura de Tlaxcala [&hellip;]<\/p>\n","protected":false},"author":7,"featured_media":89960,"comment_status":"open","ping_status":"open","sticky":false,"template":"","format":"standard","meta":{"om_disable_all_campaigns":false,"_monsterinsights_skip_tracking":false,"_monsterinsights_sitenote_active":false,"_monsterinsights_sitenote_note":"","_monsterinsights_sitenote_category":0,"jnews-multi-image_gallery":[],"jnews_single_post":{"subtitle":"","format":"standard","video":"","gallery":"","source_name":"","source_url":"","via_name":"","via_url":"","override_template":"0","override":[{"template":"1","single_blog_custom":"","parallax":"1","fullscreen":"1","layout":"right-sidebar","sidebar":"default-sidebar","second_sidebar":"default-sidebar","sticky_sidebar":"1","share_position":"top","share_float_style":"share-monocrhome","show_share_counter":"1","show_view_counter":"1","show_featured":"1","show_post_meta":"1","show_post_author":"1","show_post_author_image":"1","show_post_date":"1","post_date_format":"default","post_date_format_custom":"Y\/m\/d","show_post_category":"1","show_post_reading_time":"0","post_reading_time_wpm":"300","show_zoom_button":"0","zoom_button_out_step":"2","zoom_button_in_step":"3","show_post_tag":"1","show_prev_next_post":"1","show_popup_post":"1","number_popup_post":"1","show_author_box":"1","show_post_related":"0","show_inline_post_related":"0"}],"override_image_size":"0","image_override":[{"single_post_thumbnail_size":"crop-500","single_post_gallery_size":"crop-500"}],"trending_post":"0","trending_post_position":"meta","trending_post_label":"Trending","sponsored_post":"0","sponsored_post_label":"Sponsored by","sponsored_post_name":"","sponsored_post_url":"","sponsored_post_logo_enable":"0","sponsored_post_logo":"","sponsored_post_desc":"","disable_ad":"0"},"jnews_primary_category":{"id":""},"footnotes":""},"categories":[1],"tags":[],"class_list":["post-89959","post","type-post","status-publish","format-standard","has-post-thumbnail","hentry","category-uncategorized"],"aioseo_notices":[],"_links":{"self":[{"href":"https:\/\/estado29.mx\/index.php?rest_route=\/wp\/v2\/posts\/89959","targetHints":{"allow":["GET"]}}],"collection":[{"href":"https:\/\/estado29.mx\/index.php?rest_route=\/wp\/v2\/posts"}],"about":[{"href":"https:\/\/estado29.mx\/index.php?rest_route=\/wp\/v2\/types\/post"}],"author":[{"embeddable":true,"href":"https:\/\/estado29.mx\/index.php?rest_route=\/wp\/v2\/users\/7"}],"replies":[{"embeddable":true,"href":"https:\/\/estado29.mx\/index.php?rest_route=%2Fwp%2Fv2%2Fcomments&post=89959"}],"version-history":[{"count":1,"href":"https:\/\/estado29.mx\/index.php?rest_route=\/wp\/v2\/posts\/89959\/revisions"}],"predecessor-version":[{"id":89962,"href":"https:\/\/estado29.mx\/index.php?rest_route=\/wp\/v2\/posts\/89959\/revisions\/89962"}],"wp:featuredmedia":[{"embeddable":true,"href":"https:\/\/estado29.mx\/index.php?rest_route=\/wp\/v2\/media\/89960"}],"wp:attachment":[{"href":"https:\/\/estado29.mx\/index.php?rest_route=%2Fwp%2Fv2%2Fmedia&parent=89959"}],"wp:term":[{"taxonomy":"category","embeddable":true,"href":"https:\/\/estado29.mx\/index.php?rest_route=%2Fwp%2Fv2%2Fcategories&post=89959"},{"taxonomy":"post_tag","embeddable":true,"href":"https:\/\/estado29.mx\/index.php?rest_route=%2Fwp%2Fv2%2Ftags&post=89959"}],"curies":[{"name":"wp","href":"https:\/\/api.w.org\/{rel}","templated":true}]}}