{"id":89965,"date":"2024-08-20T18:13:59","date_gmt":"2024-08-20T18:13:59","guid":{"rendered":"https:\/\/estado29.mx\/?p=89965"},"modified":"2024-08-20T18:14:00","modified_gmt":"2024-08-20T18:14:00","slug":"sera-benefico-hermanamiento-celebrado-entre-pueblos-magicos-de-huamantla-e-ixtenco-coordinadora-de-turismo","status":"publish","type":"post","link":"https:\/\/estado29.mx\/?p=89965","title":{"rendered":"Ser\u00e1 ben\u00e9fico Hermanamiento celebrado entre Pueblos M\u00e1gicos de Huamantla e Ixtenco: Coordinadora de Turismo."},"content":{"rendered":"\n<p>Tras la reciente Celebraci\u00f3n de Hermanamiento entre los Pueblos M\u00e1gicos de Huamantla e Ixtenco, y a su vez ser invitado especial este segundo, de la Feria Internacional de Arte Ef\u00edmero y la Dalia Huamantla 2024, la Coordinadora de Turismo de Huamantla, Mar\u00eda Celeste Caballero Mart\u00ednez, comparti\u00f3 c\u00f3mo es que se estar\u00eda trabajando en conjunto, para fomentar el turismo en la regi\u00f3n.<\/p>\n\n\n\n<p><br>Caballero Mart\u00ednez, coment\u00f3 que por medio de este hermanamiento, se podr\u00e1n realizar trabajos conjuntos entre los dos Pueblos M\u00e1gicos para lograr la atracci\u00f3n de turismo, as\u00ed como en periodos de feria, realizar trabajos de colaboraci\u00f3n para impulsar y dar a conocer los atractivos con que cuenta cada uno.<\/p>\n\n\n<figure class=\"wp-block-post-featured-image\"><img loading=\"lazy\" decoding=\"async\" width=\"2560\" height=\"1920\" src=\"https:\/\/estado29.mx\/wp-content\/uploads\/2023\/11\/IMG_20231115_124348-min-scaled.jpg\" class=\"attachment-post-thumbnail size-post-thumbnail wp-post-image\" alt=\"\" style=\"object-fit:cover;\" srcset=\"https:\/\/estado29.mx\/wp-content\/uploads\/2023\/11\/IMG_20231115_124348-min-scaled.jpg 2560w, https:\/\/estado29.mx\/wp-content\/uploads\/2023\/11\/IMG_20231115_124348-min-300x225.jpg 300w, https:\/\/estado29.mx\/wp-content\/uploads\/2023\/11\/IMG_20231115_124348-min-1024x768.jpg 1024w, https:\/\/estado29.mx\/wp-content\/uploads\/2023\/11\/IMG_20231115_124348-min-768x576.jpg 768w, https:\/\/estado29.mx\/wp-content\/uploads\/2023\/11\/IMG_20231115_124348-min-1536x1152.jpg 1536w, https:\/\/estado29.mx\/wp-content\/uploads\/2023\/11\/IMG_20231115_124348-min-2048x1536.jpg 2048w, https:\/\/estado29.mx\/wp-content\/uploads\/2023\/11\/IMG_20231115_124348-min-750x563.jpg 750w, https:\/\/estado29.mx\/wp-content\/uploads\/2023\/11\/IMG_20231115_124348-min-1140x855.jpg 1140w\" sizes=\"auto, (max-width: 2560px) 100vw, 2560px\" \/><\/figure>","protected":false},"excerpt":{"rendered":"<p>Tras la reciente Celebraci\u00f3n de Hermanamiento entre los Pueblos M\u00e1gicos de Huamantla e Ixtenco, y a su vez ser invitado especial este segundo, de la Feria Internacional de Arte Ef\u00edmero y la Dalia Huamantla 2024, la Coordinadora de Turismo de Huamantla, Mar\u00eda Celeste Caballero Mart\u00ednez, comparti\u00f3 c\u00f3mo es que se estar\u00eda trabajando en conjunto, para [&hellip;]<\/p>\n","protected":false},"author":7,"featured_media":88421,"comment_status":"open","ping_status":"open","sticky":false,"template":"","format":"standard","meta":{"om_disable_all_campaigns":false,"_monsterinsights_skip_tracking":false,"_monsterinsights_sitenote_active":false,"_monsterinsights_sitenote_note":"","_monsterinsights_sitenote_category":0,"jnews-multi-image_gallery":[],"jnews_single_post":{"subtitle":"","format":"standard","video":"","gallery":"","source_name":"","source_url":"","via_name":"","via_url":"","override_template":"0","override":[{"template":"1","single_blog_custom":"","parallax":"1","fullscreen":"1","layout":"right-sidebar","sidebar":"default-sidebar","second_sidebar":"default-sidebar","sticky_sidebar":"1","share_position":"top","share_float_style":"share-monocrhome","show_share_counter":"1","show_view_counter":"1","show_featured":"1","show_post_meta":"1","show_post_author":"1","show_post_author_image":"1","show_post_date":"1","post_date_format":"default","post_date_format_custom":"Y\/m\/d","show_post_category":"1","show_post_reading_time":"0","post_reading_time_wpm":"300","show_zoom_button":"0","zoom_button_out_step":"2","zoom_button_in_step":"3","show_post_tag":"1","show_prev_next_post":"1","show_popup_post":"1","number_popup_post":"1","show_author_box":"1","show_post_related":"0","show_inline_post_related":"0"}],"override_image_size":"0","image_override":[{"single_post_thumbnail_size":"crop-500","single_post_gallery_size":"crop-500"}],"trending_post":"0","trending_post_position":"meta","trending_post_label":"Trending","sponsored_post":"0","sponsored_post_label":"Sponsored by","sponsored_post_name":"","sponsored_post_url":"","sponsored_post_logo_enable":"0","sponsored_post_logo":"","sponsored_post_desc":"","disable_ad":"0"},"jnews_primary_category":{"id":""},"footnotes":""},"categories":[1],"tags":[],"class_list":["post-89965","post","type-post","status-publish","format-standard","has-post-thumbnail","hentry","category-uncategorized"],"aioseo_notices":[],"_links":{"self":[{"href":"https:\/\/estado29.mx\/index.php?rest_route=\/wp\/v2\/posts\/89965","targetHints":{"allow":["GET"]}}],"collection":[{"href":"https:\/\/estado29.mx\/index.php?rest_route=\/wp\/v2\/posts"}],"about":[{"href":"https:\/\/estado29.mx\/index.php?rest_route=\/wp\/v2\/types\/post"}],"author":[{"embeddable":true,"href":"https:\/\/estado29.mx\/index.php?rest_route=\/wp\/v2\/users\/7"}],"replies":[{"embeddable":true,"href":"https:\/\/estado29.mx\/index.php?rest_route=%2Fwp%2Fv2%2Fcomments&post=89965"}],"version-history":[{"count":1,"href":"https:\/\/estado29.mx\/index.php?rest_route=\/wp\/v2\/posts\/89965\/revisions"}],"predecessor-version":[{"id":89966,"href":"https:\/\/estado29.mx\/index.php?rest_route=\/wp\/v2\/posts\/89965\/revisions\/89966"}],"wp:featuredmedia":[{"embeddable":true,"href":"https:\/\/estado29.mx\/index.php?rest_route=\/wp\/v2\/media\/88421"}],"wp:attachment":[{"href":"https:\/\/estado29.mx\/index.php?rest_route=%2Fwp%2Fv2%2Fmedia&parent=89965"}],"wp:term":[{"taxonomy":"category","embeddable":true,"href":"https:\/\/estado29.mx\/index.php?rest_route=%2Fwp%2Fv2%2Fcategories&post=89965"},{"taxonomy":"post_tag","embeddable":true,"href":"https:\/\/estado29.mx\/index.php?rest_route=%2Fwp%2Fv2%2Ftags&post=89965"}],"curies":[{"name":"wp","href":"https:\/\/api.w.org\/{rel}","templated":true}]}}