{"id":89972,"date":"2024-08-20T18:25:04","date_gmt":"2024-08-20T18:25:04","guid":{"rendered":"https:\/\/estado29.mx\/?p=89972"},"modified":"2024-08-20T18:25:05","modified_gmt":"2024-08-20T18:25:05","slug":"invita-coordinacion-de-turismo-a-participar-en-feria-de-emprendimiento-2024-yo-tambien-emprendo","status":"publish","type":"post","link":"https:\/\/estado29.mx\/?p=89972","title":{"rendered":"Invita Coordinaci\u00f3n de Turismo a Participar en Feria de Emprendimiento 2024 \u201cYo Tambi\u00e9n Emprendo\u201d."},"content":{"rendered":"\n<p>La Coordinadora de Turismo en el Municipio de Huamantla Mar\u00eda Celeste Caballero Mart\u00ednez, detall\u00f3 que dentro de las actividades que se realizar\u00e1n, como parte de la Feria Internacional de Arte Ef\u00edmero y la Dalia Huamantla 2024, se llevar\u00e1 a cabo la Feria de Emprendimientos 2024 \u201cYo Tambi\u00e9n Emprendo\u201d.<\/p>\n\n\n\n<p><br>Caballero Mart\u00ednez, agreg\u00f3 que estos trabajos, se realizan en conjunto con las Coordinaciones de Juventud y Desarrollo Econ\u00f3mico.<\/p>\n\n\n\n<p><br>Coment\u00f3 que algunos de los emprendimientos confirmados est\u00e1n el Pan de Pulque, con variantes de frijol, calabaza, de cacahuate, pollo a la ceniza.<br>Caballero Mart\u00ednez, puntualiz\u00f3 que el objetivo de esta actividad es brindar a los emprendedores, las herramientas necesarias para que puedan dar a conocer sus productos.<\/p>\n\n\n\n<p><br>Recordar amigos fe En Punto que esta Feria de Emprendimiento, se llevar\u00e1 a cabo el pr\u00f3ximo viernes 30 de agosto.<\/p>\n\n\n<figure class=\"wp-block-post-featured-image\"><img loading=\"lazy\" decoding=\"async\" width=\"2560\" height=\"1920\" src=\"https:\/\/estado29.mx\/wp-content\/uploads\/2024\/08\/IMG_20240809_112208-min-scaled.jpg\" class=\"attachment-post-thumbnail size-post-thumbnail wp-post-image\" alt=\"\" style=\"object-fit:cover;\" srcset=\"https:\/\/estado29.mx\/wp-content\/uploads\/2024\/08\/IMG_20240809_112208-min-scaled.jpg 2560w, https:\/\/estado29.mx\/wp-content\/uploads\/2024\/08\/IMG_20240809_112208-min-300x225.jpg 300w, https:\/\/estado29.mx\/wp-content\/uploads\/2024\/08\/IMG_20240809_112208-min-1024x768.jpg 1024w, https:\/\/estado29.mx\/wp-content\/uploads\/2024\/08\/IMG_20240809_112208-min-768x576.jpg 768w, https:\/\/estado29.mx\/wp-content\/uploads\/2024\/08\/IMG_20240809_112208-min-1536x1152.jpg 1536w, https:\/\/estado29.mx\/wp-content\/uploads\/2024\/08\/IMG_20240809_112208-min-2048x1536.jpg 2048w, https:\/\/estado29.mx\/wp-content\/uploads\/2024\/08\/IMG_20240809_112208-min-750x563.jpg 750w, https:\/\/estado29.mx\/wp-content\/uploads\/2024\/08\/IMG_20240809_112208-min-1140x855.jpg 1140w\" sizes=\"auto, (max-width: 2560px) 100vw, 2560px\" \/><\/figure>","protected":false},"excerpt":{"rendered":"<p>La Coordinadora de Turismo en el Municipio de Huamantla Mar\u00eda Celeste Caballero Mart\u00ednez, detall\u00f3 que dentro de las actividades que se realizar\u00e1n, como parte de la Feria Internacional de Arte Ef\u00edmero y la Dalia Huamantla 2024, se llevar\u00e1 a cabo la Feria de Emprendimientos 2024 \u201cYo Tambi\u00e9n Emprendo\u201d. Caballero Mart\u00ednez, agreg\u00f3 que estos trabajos, se [&hellip;]<\/p>\n","protected":false},"author":7,"featured_media":89973,"comment_status":"open","ping_status":"open","sticky":false,"template":"","format":"standard","meta":{"om_disable_all_campaigns":false,"_monsterinsights_skip_tracking":false,"_monsterinsights_sitenote_active":false,"_monsterinsights_sitenote_note":"","_monsterinsights_sitenote_category":0,"jnews-multi-image_gallery":[],"jnews_single_post":{"subtitle":"","format":"standard","video":"","gallery":"","source_name":"","source_url":"","via_name":"","via_url":"","override_template":"0","override":[{"template":"1","single_blog_custom":"","parallax":"1","fullscreen":"1","layout":"right-sidebar","sidebar":"default-sidebar","second_sidebar":"default-sidebar","sticky_sidebar":"1","share_position":"top","share_float_style":"share-monocrhome","show_share_counter":"1","show_view_counter":"1","show_featured":"1","show_post_meta":"1","show_post_author":"1","show_post_author_image":"1","show_post_date":"1","post_date_format":"default","post_date_format_custom":"Y\/m\/d","show_post_category":"1","show_post_reading_time":"0","post_reading_time_wpm":"300","show_zoom_button":"0","zoom_button_out_step":"2","zoom_button_in_step":"3","show_post_tag":"1","show_prev_next_post":"1","show_popup_post":"1","number_popup_post":"1","show_author_box":"1","show_post_related":"0","show_inline_post_related":"0"}],"override_image_size":"0","image_override":[{"single_post_thumbnail_size":"crop-500","single_post_gallery_size":"crop-500"}],"trending_post":"0","trending_post_position":"meta","trending_post_label":"Trending","sponsored_post":"0","sponsored_post_label":"Sponsored by","sponsored_post_name":"","sponsored_post_url":"","sponsored_post_logo_enable":"0","sponsored_post_logo":"","sponsored_post_desc":"","disable_ad":"0"},"jnews_primary_category":{"id":""},"footnotes":""},"categories":[1],"tags":[],"class_list":["post-89972","post","type-post","status-publish","format-standard","has-post-thumbnail","hentry","category-uncategorized"],"aioseo_notices":[],"_links":{"self":[{"href":"https:\/\/estado29.mx\/index.php?rest_route=\/wp\/v2\/posts\/89972","targetHints":{"allow":["GET"]}}],"collection":[{"href":"https:\/\/estado29.mx\/index.php?rest_route=\/wp\/v2\/posts"}],"about":[{"href":"https:\/\/estado29.mx\/index.php?rest_route=\/wp\/v2\/types\/post"}],"author":[{"embeddable":true,"href":"https:\/\/estado29.mx\/index.php?rest_route=\/wp\/v2\/users\/7"}],"replies":[{"embeddable":true,"href":"https:\/\/estado29.mx\/index.php?rest_route=%2Fwp%2Fv2%2Fcomments&post=89972"}],"version-history":[{"count":1,"href":"https:\/\/estado29.mx\/index.php?rest_route=\/wp\/v2\/posts\/89972\/revisions"}],"predecessor-version":[{"id":89974,"href":"https:\/\/estado29.mx\/index.php?rest_route=\/wp\/v2\/posts\/89972\/revisions\/89974"}],"wp:featuredmedia":[{"embeddable":true,"href":"https:\/\/estado29.mx\/index.php?rest_route=\/wp\/v2\/media\/89973"}],"wp:attachment":[{"href":"https:\/\/estado29.mx\/index.php?rest_route=%2Fwp%2Fv2%2Fmedia&parent=89972"}],"wp:term":[{"taxonomy":"category","embeddable":true,"href":"https:\/\/estado29.mx\/index.php?rest_route=%2Fwp%2Fv2%2Fcategories&post=89972"},{"taxonomy":"post_tag","embeddable":true,"href":"https:\/\/estado29.mx\/index.php?rest_route=%2Fwp%2Fv2%2Ftags&post=89972"}],"curies":[{"name":"wp","href":"https:\/\/api.w.org\/{rel}","templated":true}]}}