{"id":89976,"date":"2024-08-21T19:27:21","date_gmt":"2024-08-21T19:27:21","guid":{"rendered":"https:\/\/estado29.mx\/?p=89976"},"modified":"2024-08-21T19:27:22","modified_gmt":"2024-08-21T19:27:22","slug":"participara-grupo-de-ballet-del-centro-cultural-huamantla-en-el-marco-de-la-feria-del-pueblo-magico-de-tlaxco","status":"publish","type":"post","link":"https:\/\/estado29.mx\/?p=89976","title":{"rendered":"Participar\u00e1 grupo de Ballet del Centro Cultural Huamantla en el marco de la Feria del Pueblo M\u00e1gico de Tlaxco."},"content":{"rendered":"\n<p>El Centro Cultural Huamantla, dirigido por Manuel de la Vega Moreno y Coordinado por Mar\u00eda Elena D\u00edaz, anunci\u00f3 su participaci\u00f3n, dentro del marco de la Feria del Pueblo M\u00e1gico de Tlaxco, en su edici\u00f3n 2024.<\/p>\n\n\n\n<p><br>Este Centro Cultural, har\u00e1 su participaci\u00f3n, el d\u00eda de ma\u00f1ana jueves 22 de agosto del a\u00f1o en curso, con la presentaci\u00f3n del grupo de Ballet Paquimistli Itotia&#8221; (La Alegria de Bailar), dirigido por el profesor Humberto Aquino.<\/p>\n\n\n\n<p><br>Esta presentaci\u00f3n ser\u00e1 a las cuatro de la tarde de este d\u00eda, en el Teatro del Pueblo de este lugar.<\/p>\n\n\n\n<p><br>Comentar amigos de en Punto, que de esta manera, se coordinan los Pueblos M\u00e1gicos del Estado, para trabajar en conjunto, en el fomento del turismo en la regi\u00f3n, presentando diversos estilos de danza.<\/p>\n\n\n<figure class=\"wp-block-post-featured-image\"><img loading=\"lazy\" decoding=\"async\" width=\"2560\" height=\"1702\" src=\"https:\/\/estado29.mx\/wp-content\/uploads\/2024\/02\/HuamantlaCulturalCenter04-1-min-scaled.jpeg\" class=\"attachment-post-thumbnail size-post-thumbnail wp-post-image\" alt=\"\" style=\"object-fit:cover;\" srcset=\"https:\/\/estado29.mx\/wp-content\/uploads\/2024\/02\/HuamantlaCulturalCenter04-1-min-scaled.jpeg 2560w, https:\/\/estado29.mx\/wp-content\/uploads\/2024\/02\/HuamantlaCulturalCenter04-1-min-300x199.jpeg 300w, https:\/\/estado29.mx\/wp-content\/uploads\/2024\/02\/HuamantlaCulturalCenter04-1-min-1024x681.jpeg 1024w, https:\/\/estado29.mx\/wp-content\/uploads\/2024\/02\/HuamantlaCulturalCenter04-1-min-768x511.jpeg 768w, https:\/\/estado29.mx\/wp-content\/uploads\/2024\/02\/HuamantlaCulturalCenter04-1-min-1536x1021.jpeg 1536w, https:\/\/estado29.mx\/wp-content\/uploads\/2024\/02\/HuamantlaCulturalCenter04-1-min-2048x1362.jpeg 2048w, https:\/\/estado29.mx\/wp-content\/uploads\/2024\/02\/HuamantlaCulturalCenter04-1-min-750x499.jpeg 750w, https:\/\/estado29.mx\/wp-content\/uploads\/2024\/02\/HuamantlaCulturalCenter04-1-min-1140x758.jpeg 1140w\" sizes=\"auto, (max-width: 2560px) 100vw, 2560px\" \/><\/figure>","protected":false},"excerpt":{"rendered":"<p>El Centro Cultural Huamantla, dirigido por Manuel de la Vega Moreno y Coordinado por Mar\u00eda Elena D\u00edaz, anunci\u00f3 su participaci\u00f3n, dentro del marco de la Feria del Pueblo M\u00e1gico de Tlaxco, en su edici\u00f3n 2024. Este Centro Cultural, har\u00e1 su participaci\u00f3n, el d\u00eda de ma\u00f1ana jueves 22 de agosto del a\u00f1o en curso, con la [&hellip;]<\/p>\n","protected":false},"author":7,"featured_media":89119,"comment_status":"open","ping_status":"open","sticky":false,"template":"","format":"standard","meta":{"om_disable_all_campaigns":false,"_monsterinsights_skip_tracking":false,"_monsterinsights_sitenote_active":false,"_monsterinsights_sitenote_note":"","_monsterinsights_sitenote_category":0,"jnews-multi-image_gallery":[],"jnews_single_post":{"subtitle":"","format":"standard","video":"","gallery":"","source_name":"","source_url":"","via_name":"","via_url":"","override_template":"0","override":[{"template":"1","single_blog_custom":"","parallax":"1","fullscreen":"1","layout":"right-sidebar","sidebar":"default-sidebar","second_sidebar":"default-sidebar","sticky_sidebar":"1","share_position":"top","share_float_style":"share-monocrhome","show_share_counter":"1","show_view_counter":"1","show_featured":"1","show_post_meta":"1","show_post_author":"1","show_post_author_image":"1","show_post_date":"1","post_date_format":"default","post_date_format_custom":"Y\/m\/d","show_post_category":"1","show_post_reading_time":"0","post_reading_time_wpm":"300","show_zoom_button":"0","zoom_button_out_step":"2","zoom_button_in_step":"3","show_post_tag":"1","show_prev_next_post":"1","show_popup_post":"1","number_popup_post":"1","show_author_box":"1","show_post_related":"0","show_inline_post_related":"0"}],"override_image_size":"0","image_override":[{"single_post_thumbnail_size":"crop-500","single_post_gallery_size":"crop-500"}],"trending_post":"0","trending_post_position":"meta","trending_post_label":"Trending","sponsored_post":"0","sponsored_post_label":"Sponsored by","sponsored_post_name":"","sponsored_post_url":"","sponsored_post_logo_enable":"0","sponsored_post_logo":"","sponsored_post_desc":"","disable_ad":"0"},"jnews_primary_category":{"id":""},"footnotes":""},"categories":[1],"tags":[],"class_list":["post-89976","post","type-post","status-publish","format-standard","has-post-thumbnail","hentry","category-uncategorized"],"aioseo_notices":[],"_links":{"self":[{"href":"https:\/\/estado29.mx\/index.php?rest_route=\/wp\/v2\/posts\/89976","targetHints":{"allow":["GET"]}}],"collection":[{"href":"https:\/\/estado29.mx\/index.php?rest_route=\/wp\/v2\/posts"}],"about":[{"href":"https:\/\/estado29.mx\/index.php?rest_route=\/wp\/v2\/types\/post"}],"author":[{"embeddable":true,"href":"https:\/\/estado29.mx\/index.php?rest_route=\/wp\/v2\/users\/7"}],"replies":[{"embeddable":true,"href":"https:\/\/estado29.mx\/index.php?rest_route=%2Fwp%2Fv2%2Fcomments&post=89976"}],"version-history":[{"count":1,"href":"https:\/\/estado29.mx\/index.php?rest_route=\/wp\/v2\/posts\/89976\/revisions"}],"predecessor-version":[{"id":89977,"href":"https:\/\/estado29.mx\/index.php?rest_route=\/wp\/v2\/posts\/89976\/revisions\/89977"}],"wp:featuredmedia":[{"embeddable":true,"href":"https:\/\/estado29.mx\/index.php?rest_route=\/wp\/v2\/media\/89119"}],"wp:attachment":[{"href":"https:\/\/estado29.mx\/index.php?rest_route=%2Fwp%2Fv2%2Fmedia&parent=89976"}],"wp:term":[{"taxonomy":"category","embeddable":true,"href":"https:\/\/estado29.mx\/index.php?rest_route=%2Fwp%2Fv2%2Fcategories&post=89976"},{"taxonomy":"post_tag","embeddable":true,"href":"https:\/\/estado29.mx\/index.php?rest_route=%2Fwp%2Fv2%2Ftags&post=89976"}],"curies":[{"name":"wp","href":"https:\/\/api.w.org\/{rel}","templated":true}]}}