{"id":89994,"date":"2024-08-22T21:15:25","date_gmt":"2024-08-22T21:15:25","guid":{"rendered":"https:\/\/estado29.mx\/?p=89994"},"modified":"2024-08-22T21:15:27","modified_gmt":"2024-08-22T21:15:27","slug":"agradece-chava-santos-apoyo-de-los-huamantlecos-tras-fallo-a-favor-en-la-sala-regional-del-tribunal-electoral-del-poder-judicial-de-la-federacion","status":"publish","type":"post","link":"https:\/\/estado29.mx\/?p=89994","title":{"rendered":"Agradece Chava Santos apoyo de los huamantlecos tras fallo a favor en la Sala Regional del Tribunal Electoral del Poder Judicial de la Federaci\u00f3n."},"content":{"rendered":"\n<p>Tras el reciente resolutivo emitido en la Sesi\u00f3n P\u00fablica del d\u00eda de hoy 22 de agosto en la Sala Regional de la Ciudad de M\u00e9xico en el Tribunal Electoral del Poder Judicial de la Federaci\u00f3n, correspondiente al municipio de Huamantla, en favor del Partido Verde Ecologista de M\u00e9xico, acud\u00ed a buscar al Presidente Electo de Huamantla, Juan Salvador Santos Cedillo, quien comparti\u00f3 su sentir.<\/p>\n\n\n\n<p>En su mensaje, Santos Cedillo dijo que al final se hizo justicia, pues en ning\u00fan momento se hizo mano negra y que dar\u00e1 continuidad a los proyectos que tiene para Huamantla.<\/p>\n\n\n\n<p>El alcalde electo, en su mensaje a los huamantlecos, agradeci\u00f3 el apoyo y confianza brindada, pues al final gan Huamantla.<\/p>\n\n\n<figure class=\"wp-block-post-featured-image\"><img loading=\"lazy\" decoding=\"async\" width=\"1920\" height=\"2560\" src=\"https:\/\/estado29.mx\/wp-content\/uploads\/2024\/08\/IMG_20240731_155353-min-scaled.jpg\" class=\"attachment-post-thumbnail size-post-thumbnail wp-post-image\" alt=\"\" style=\"object-fit:cover;\" srcset=\"https:\/\/estado29.mx\/wp-content\/uploads\/2024\/08\/IMG_20240731_155353-min-scaled.jpg 1920w, https:\/\/estado29.mx\/wp-content\/uploads\/2024\/08\/IMG_20240731_155353-min-225x300.jpg 225w, https:\/\/estado29.mx\/wp-content\/uploads\/2024\/08\/IMG_20240731_155353-min-768x1024.jpg 768w, https:\/\/estado29.mx\/wp-content\/uploads\/2024\/08\/IMG_20240731_155353-min-1152x1536.jpg 1152w, https:\/\/estado29.mx\/wp-content\/uploads\/2024\/08\/IMG_20240731_155353-min-1536x2048.jpg 1536w, https:\/\/estado29.mx\/wp-content\/uploads\/2024\/08\/IMG_20240731_155353-min-750x1000.jpg 750w, https:\/\/estado29.mx\/wp-content\/uploads\/2024\/08\/IMG_20240731_155353-min-1140x1520.jpg 1140w\" sizes=\"auto, (max-width: 1920px) 100vw, 1920px\" \/><\/figure>","protected":false},"excerpt":{"rendered":"<p>Tras el reciente resolutivo emitido en la Sesi\u00f3n P\u00fablica del d\u00eda de hoy 22 de agosto en la Sala Regional de la Ciudad de M\u00e9xico en el Tribunal Electoral del Poder Judicial de la Federaci\u00f3n, correspondiente al municipio de Huamantla, en favor del Partido Verde Ecologista de M\u00e9xico, acud\u00ed a buscar al Presidente Electo de [&hellip;]<\/p>\n","protected":false},"author":7,"featured_media":89771,"comment_status":"open","ping_status":"open","sticky":false,"template":"","format":"standard","meta":{"om_disable_all_campaigns":false,"_monsterinsights_skip_tracking":false,"_monsterinsights_sitenote_active":false,"_monsterinsights_sitenote_note":"","_monsterinsights_sitenote_category":0,"jnews-multi-image_gallery":[],"jnews_single_post":{"subtitle":"","format":"standard","video":"","gallery":"","source_name":"","source_url":"","via_name":"","via_url":"","override_template":"0","override":[{"template":"1","single_blog_custom":"","parallax":"1","fullscreen":"1","layout":"right-sidebar","sidebar":"default-sidebar","second_sidebar":"default-sidebar","sticky_sidebar":"1","share_position":"top","share_float_style":"share-monocrhome","show_share_counter":"1","show_view_counter":"1","show_featured":"1","show_post_meta":"1","show_post_author":"1","show_post_author_image":"1","show_post_date":"1","post_date_format":"default","post_date_format_custom":"Y\/m\/d","show_post_category":"1","show_post_reading_time":"0","post_reading_time_wpm":"300","show_zoom_button":"0","zoom_button_out_step":"2","zoom_button_in_step":"3","show_post_tag":"1","show_prev_next_post":"1","show_popup_post":"1","number_popup_post":"1","show_author_box":"1","show_post_related":"0","show_inline_post_related":"0"}],"override_image_size":"0","image_override":[{"single_post_thumbnail_size":"crop-500","single_post_gallery_size":"crop-500"}],"trending_post":"0","trending_post_position":"meta","trending_post_label":"Trending","sponsored_post":"0","sponsored_post_label":"Sponsored by","sponsored_post_name":"","sponsored_post_url":"","sponsored_post_logo_enable":"0","sponsored_post_logo":"","sponsored_post_desc":"","disable_ad":"0"},"jnews_primary_category":{"id":""},"footnotes":""},"categories":[1],"tags":[],"class_list":["post-89994","post","type-post","status-publish","format-standard","has-post-thumbnail","hentry","category-uncategorized"],"aioseo_notices":[],"_links":{"self":[{"href":"https:\/\/estado29.mx\/index.php?rest_route=\/wp\/v2\/posts\/89994","targetHints":{"allow":["GET"]}}],"collection":[{"href":"https:\/\/estado29.mx\/index.php?rest_route=\/wp\/v2\/posts"}],"about":[{"href":"https:\/\/estado29.mx\/index.php?rest_route=\/wp\/v2\/types\/post"}],"author":[{"embeddable":true,"href":"https:\/\/estado29.mx\/index.php?rest_route=\/wp\/v2\/users\/7"}],"replies":[{"embeddable":true,"href":"https:\/\/estado29.mx\/index.php?rest_route=%2Fwp%2Fv2%2Fcomments&post=89994"}],"version-history":[{"count":1,"href":"https:\/\/estado29.mx\/index.php?rest_route=\/wp\/v2\/posts\/89994\/revisions"}],"predecessor-version":[{"id":89995,"href":"https:\/\/estado29.mx\/index.php?rest_route=\/wp\/v2\/posts\/89994\/revisions\/89995"}],"wp:featuredmedia":[{"embeddable":true,"href":"https:\/\/estado29.mx\/index.php?rest_route=\/wp\/v2\/media\/89771"}],"wp:attachment":[{"href":"https:\/\/estado29.mx\/index.php?rest_route=%2Fwp%2Fv2%2Fmedia&parent=89994"}],"wp:term":[{"taxonomy":"category","embeddable":true,"href":"https:\/\/estado29.mx\/index.php?rest_route=%2Fwp%2Fv2%2Fcategories&post=89994"},{"taxonomy":"post_tag","embeddable":true,"href":"https:\/\/estado29.mx\/index.php?rest_route=%2Fwp%2Fv2%2Ftags&post=89994"}],"curies":[{"name":"wp","href":"https:\/\/api.w.org\/{rel}","templated":true}]}}